{"id":51029,"date":"2026-03-04T14:33:32","date_gmt":"2026-03-04T19:33:32","guid":{"rendered":"https:\/\/cusointernational.org\/?post_type=stories&#038;p=51029"},"modified":"2026-03-11T11:16:49","modified_gmt":"2026-03-11T15:16:49","slug":"autonomisation-des-filles-et-des-jeunes-meres-a-grenade-grace-a-la-dignite-leducation-et-linclusion","status":"publish","type":"stories","link":"https:\/\/cusointernational.org\/fr\/recit\/autonomisation-des-filles-et-des-jeunes-meres-a-grenade-grace-a-la-dignite-leducation-et-linclusion\/","title":{"rendered":"Autonomisation des filles et des jeunes m\u00e8res \u00e0 Grenade gr\u00e2ce \u00e0 la dignit\u00e9, l&#8217;\u00e9ducation et l&#8217;inclusion"},"content":{"rendered":"<p>Le 6 F\u00e9vrier 2026, nous avons eu le plaisir de visiter le <a href=\"https:\/\/theconnectiongrenada.com\/listing\/grand-anse-social-development-centre\/\">Grand Anse Social Development Centre (GASDC)<\/a> et le <a href=\"https:\/\/theconnectiongrenada.com\/listing\/programme-for-adolescent-mothers-pam\/\">Programme for Adolescent Mothers (PAM)<\/a> \u00e0 St. George, Grenade, pour c\u00e9l\u00e9brer le Dress Down Day. Une journ\u00e9e de f\u00eate avant le jour de l&#8217;ind\u00e9pendance de la Grenade, o\u00f9 les Grenadiens s&#8217;habillent aux couleurs nationales et selon les traditions du pays.<br \/>\n<img loading=\"lazy\" decoding=\"async\" class=\"alignnone size-medium wp-image-51031\" src=\"https:\/\/cusointernational.org\/wp-content\/uploads\/DSC00079-800x533.jpg\" alt=\"\" width=\"800\" height=\"533\" srcset=\"https:\/\/cusointernational.org\/wp-content\/uploads\/DSC00079-800x533.jpg 800w, https:\/\/cusointernational.org\/wp-content\/uploads\/DSC00079-1600x1067.jpg 1600w, https:\/\/cusointernational.org\/wp-content\/uploads\/DSC00079-768x512.jpg 768w, https:\/\/cusointernational.org\/wp-content\/uploads\/DSC00079-1536x1024.jpg 1536w, https:\/\/cusointernational.org\/wp-content\/uploads\/DSC00079-2048x1365.jpg 2048w\" sizes=\"auto, (max-width: 800px) 100vw, 800px\" \/><br \/>\n<img loading=\"lazy\" decoding=\"async\" class=\"alignnone size-medium wp-image-51032\" src=\"https:\/\/cusointernational.org\/wp-content\/uploads\/DSC00078-800x533.jpg\" alt=\"\" width=\"800\" height=\"533\" srcset=\"https:\/\/cusointernational.org\/wp-content\/uploads\/DSC00078-800x533.jpg 800w, https:\/\/cusointernational.org\/wp-content\/uploads\/DSC00078-1600x1067.jpg 1600w, https:\/\/cusointernational.org\/wp-content\/uploads\/DSC00078-768x512.jpg 768w, https:\/\/cusointernational.org\/wp-content\/uploads\/DSC00078-1536x1024.jpg 1536w, https:\/\/cusointernational.org\/wp-content\/uploads\/DSC00078-2048x1365.jpg 2048w\" sizes=\"auto, (max-width: 800px) 100vw, 800px\" \/><br \/>\n<em>Le Grand Anse Social Development Centre \u00e0 St. Georges, Grenade.<\/em><\/p>\n<p>Ouvert en Septembre 1999, le GASDC s&#8217;adresse aux jeunes femmes \u00e2g\u00e9es de 14 \u00e0 18 ans et offre une seconde chance \u00e0 celles qui n&#8217;ont pas r\u00e9ussi dans le syst\u00e8me scolaire traditionnel en leur permettant d&#8217;acqu\u00e9rir des comp\u00e9tences essentielles telles que l&#8217;ind\u00e9pendance, la confiance en soi et la contribution significative \u00e0 la communaut\u00e9 gr\u00e2ce \u00e0 une formation professionnelle et acad\u00e9mique dans des domaines tels que l&#8217;alimentation et la nutrition, la coiffure, l&#8217;habillement et le textile, la manucure et l&#8217;informatique\/les technologies de l&#8217;information, sous la direction de s\u0153ur Alison et d&#8217;enseignants d\u00e9vou\u00e9s.<\/p>\n<p>De m\u00eame, le Programme pour les m\u00e8res adolescentes (PAM) aide les m\u00e8res adolescentes et les adolescentes enceintes \u00e0 devenir autonomes gr\u00e2ce \u00e0 des conseils et \u00e0 une formation continue, en leur proposant un programme int\u00e9gr\u00e9 comprenant des mati\u00e8res scolaires traditionnelles, des formations professionnelles, des cours sur la sant\u00e9 et la vie familiale, l&#8217;\u00e9ducation parentale et le planning familial, afin de les aider \u00e0 aborder avec confiance un avenir stable et prometteur.<\/p>\n<p><img loading=\"lazy\" decoding=\"async\" class=\"alignnone size-medium wp-image-51034\" src=\"https:\/\/cusointernational.org\/wp-content\/uploads\/DSC00071-800x533.jpg\" alt=\"\" width=\"800\" height=\"533\" srcset=\"https:\/\/cusointernational.org\/wp-content\/uploads\/DSC00071-800x533.jpg 800w, https:\/\/cusointernational.org\/wp-content\/uploads\/DSC00071-1600x1067.jpg 1600w, https:\/\/cusointernational.org\/wp-content\/uploads\/DSC00071-768x512.jpg 768w, https:\/\/cusointernational.org\/wp-content\/uploads\/DSC00071-1536x1024.jpg 1536w, https:\/\/cusointernational.org\/wp-content\/uploads\/DSC00071-2048x1365.jpg 2048w\" sizes=\"auto, (max-width: 800px) 100vw, 800px\" \/><em>Fournitures pour les kits Dignity.<\/em><\/p>\n<p>Depuis 2022, le <a href=\"https:\/\/cusointernational.org\/fr\/blueprints\/\">programme BLUEPRINTS <\/a>de Cuso aide les gouvernements locaux de la Grenade, de la Dominique, de Sainte-Lucie et de Saint-Vincent-et-les-Grenadines \u00e0 mieux int\u00e9grer l&#8217;\u00e9galit\u00e9 des sexes et l&#8217;inclusion sociale dans les programmes, les politiques et les services destin\u00e9s aux femmes et aux groupes marginalis\u00e9s, notamment les femmes handicap\u00e9es, les femmes autochtones et les personnes LGBTQI+.<\/p>\n<p>Dans le cadre de cette initiative, l&#8217;\u00e9quipe de la Grenade a collabor\u00e9 avec le GASDC et le PAM pour d\u00e9velopper et distribuer des kits Dignity, fournissant aux filles et aux jeunes femmes des produits d&#8217;hygi\u00e8ne f\u00e9minine, des outils et des informations. En distribuant des kits Dignity et en encourageant un dialogue ouvert sur la sant\u00e9 menstruelle et sexuelle, le projet visait \u00e0 r\u00e9duire l&#8217;absent\u00e9isme, les risques pour la sant\u00e9 publique et la vuln\u00e9rabilit\u00e9 li\u00e9s \u00e0 une mauvaise gestion des menstruations, tout en renfor\u00e7ant l&#8217;\u00e9galit\u00e9 des sexes, l&#8217;inclusion sociale et la collaboration r\u00e9gionale dans les Cara\u00efbes.<\/p>\n<p><img loading=\"lazy\" decoding=\"async\" class=\"alignnone size-medium wp-image-51035\" src=\"https:\/\/cusointernational.org\/wp-content\/uploads\/DSC00081-800x533.jpg\" alt=\"\" width=\"800\" height=\"533\" srcset=\"https:\/\/cusointernational.org\/wp-content\/uploads\/DSC00081-800x533.jpg 800w, https:\/\/cusointernational.org\/wp-content\/uploads\/DSC00081-1600x1067.jpg 1600w, https:\/\/cusointernational.org\/wp-content\/uploads\/DSC00081-768x512.jpg 768w, https:\/\/cusointernational.org\/wp-content\/uploads\/DSC00081-1536x1024.jpg 1536w, https:\/\/cusointernational.org\/wp-content\/uploads\/DSC00081-2048x1365.jpg 2048w\" sizes=\"auto, (max-width: 800px) 100vw, 800px\" \/><br \/>\n<em>S\u0153ur Alison et Jaqueline Pascal discutant \u00e0 l&#8217;entr\u00e9e du GASDC.<\/p>\n<p><img loading=\"lazy\" decoding=\"async\" class=\"alignnone size-medium wp-image-51038\" src=\"https:\/\/cusointernational.org\/wp-content\/uploads\/DSC00075-800x533.jpg\" alt=\"\" width=\"800\" height=\"533\" srcset=\"https:\/\/cusointernational.org\/wp-content\/uploads\/DSC00075-800x533.jpg 800w, https:\/\/cusointernational.org\/wp-content\/uploads\/DSC00075-1600x1067.jpg 1600w, https:\/\/cusointernational.org\/wp-content\/uploads\/DSC00075-768x512.jpg 768w, https:\/\/cusointernational.org\/wp-content\/uploads\/DSC00075-1536x1024.jpg 1536w, https:\/\/cusointernational.org\/wp-content\/uploads\/DSC00075-2048x1365.jpg 2048w\" sizes=\"auto, (max-width: 800px) 100vw, 800px\" \/><br \/>\n<\/em><em>Objets artisanaux fabriqu\u00e9s par les filles et les jeunes femmes du GASDC pour la journ\u00e9e \u00ab Dress Down Day \u00bb.<\/p>\n<p><img loading=\"lazy\" decoding=\"async\" class=\"alignnone size-medium wp-image-51037\" src=\"https:\/\/cusointernational.org\/wp-content\/uploads\/DSC00125-800x533.jpg\" alt=\"\" width=\"800\" height=\"533\" srcset=\"https:\/\/cusointernational.org\/wp-content\/uploads\/DSC00125-800x533.jpg 800w, https:\/\/cusointernational.org\/wp-content\/uploads\/DSC00125-1600x1067.jpg 1600w, https:\/\/cusointernational.org\/wp-content\/uploads\/DSC00125-768x512.jpg 768w, https:\/\/cusointernational.org\/wp-content\/uploads\/DSC00125-1536x1024.jpg 1536w, https:\/\/cusointernational.org\/wp-content\/uploads\/DSC00125-2048x1365.jpg 2048w\" sizes=\"auto, (max-width: 800px) 100vw, 800px\" \/><br \/>\n<\/em><em>D\u00e9fil\u00e9 de mode et concours d&#8217;oil down au PAM.<\/em><\/p>\n<p>Pour la journ\u00e9e \u00ab Dress Down Day \u00bb, les filles du GASDC ont cr\u00e9\u00e9 de magnifiques objets artisanaux, des broderies et des bijoux afin d&#8217;afficher leur fiert\u00e9 nationale. Elles ont \u00e9galement pr\u00e9par\u00e9 un d\u00e9licieux d\u00e9jeuner compos\u00e9 du plat national de la Grenade, l&#8217;oil down. Nous nous sommes ensuite rendus au PAM pour assister \u00e0 un concours d&#8217;oil down et de mode, au cours duquel les filles ont pr\u00e9sent\u00e9 leurs plats et leurs cr\u00e9ations \u00e0 un jury.<\/p>\n<p>Tout au long des c\u00e9l\u00e9brations avec le GASDC et le PAM, nous avons discut\u00e9 avec leurs \u00e9quipes des programmes et des comp\u00e9tences que les filles et les jeunes femmes d\u00e9veloppaient. Nous avons \u00e9galement rencontr\u00e9 les b\u00e9n\u00e9ficiaires des kits Dignity et discut\u00e9 de l&#8217;impact de ces kits. Ce fut une journ\u00e9e riche en c\u00e9l\u00e9brations et en r\u00e9flexions sur ce que les jeunes femmes peuvent accomplir lorsque vous leur donnez les outils n\u00e9cessaires pour s&#8217;\u00e9panouir.<\/p>\n","protected":false},"featured_media":51027,"template":"","country":[],"post_theme":[],"class_list":["post-51029","stories","type-stories","status-publish","has-post-thumbnail","hentry"],"acf":[],"yoast_head":"<!-- This site is optimized with the Yoast SEO plugin v27.5 - https:\/\/yoast.com\/product\/yoast-seo-wordpress\/ -->\n<title>Autonomisation des filles et des jeunes m\u00e8res \u00e0 Grenade gr\u00e2ce \u00e0 la dignit\u00e9, l&#039;\u00e9ducation et l&#039;inclusion - Cuso International<\/title>\n<meta name=\"robots\" content=\"index, follow, max-snippet:-1, max-image-preview:large, max-video-preview:-1\" \/>\n<link rel=\"canonical\" href=\"https:\/\/cusointernational.org\/fr\/recit\/autonomisation-des-filles-et-des-jeunes-meres-a-grenade-grace-a-la-dignite-leducation-et-linclusion\/\" \/>\n<meta property=\"og:locale\" content=\"fr_FR\" \/>\n<meta property=\"og:type\" content=\"article\" \/>\n<meta property=\"og:title\" content=\"Autonomisation des filles et des jeunes m\u00e8res \u00e0 Grenade gr\u00e2ce \u00e0 la dignit\u00e9, l&#039;\u00e9ducation et l&#039;inclusion - Cuso International\" \/>\n<meta property=\"og:description\" content=\"Le 6 F\u00e9vrier 2026, nous avons eu le plaisir de visiter le Grand Anse Social Development Centre (GASDC) et le Programme for Adolescent Mothers (PAM) \u00e0 St. George, Grenade, pour c\u00e9l\u00e9brer le Dress Down Day. Une journ\u00e9e de f\u00eate avant le jour de l&#8217;ind\u00e9pendance de la Grenade, o\u00f9 les Grenadiens s&#8217;habillent aux couleurs nationales et&hellip;\" \/>\n<meta property=\"og:url\" content=\"https:\/\/cusointernational.org\/fr\/recit\/autonomisation-des-filles-et-des-jeunes-meres-a-grenade-grace-a-la-dignite-leducation-et-linclusion\/\" \/>\n<meta property=\"og:site_name\" content=\"Cuso International\" \/>\n<meta property=\"article:modified_time\" content=\"2026-03-11T15:16:49+00:00\" \/>\n<meta property=\"og:image\" content=\"https:\/\/cusointernational.org\/wp-content\/uploads\/DSC00103-scaled.jpg\" \/>\n\t<meta property=\"og:image:width\" content=\"2560\" \/>\n\t<meta property=\"og:image:height\" content=\"2184\" \/>\n\t<meta property=\"og:image:type\" content=\"image\/jpeg\" \/>\n<meta name=\"twitter:card\" content=\"summary_large_image\" \/>\n<meta name=\"twitter:label1\" content=\"Dur\u00e9e de lecture estim\u00e9e\" \/>\n\t<meta name=\"twitter:data1\" content=\"4 minutes\" \/>\n<script type=\"application\/ld+json\" class=\"yoast-schema-graph\">{\"@context\":\"https:\\\/\\\/schema.org\",\"@graph\":[{\"@type\":\"WebPage\",\"@id\":\"https:\\\/\\\/cusointernational.org\\\/fr\\\/recit\\\/autonomisation-des-filles-et-des-jeunes-meres-a-grenade-grace-a-la-dignite-leducation-et-linclusion\\\/\",\"url\":\"https:\\\/\\\/cusointernational.org\\\/fr\\\/recit\\\/autonomisation-des-filles-et-des-jeunes-meres-a-grenade-grace-a-la-dignite-leducation-et-linclusion\\\/\",\"name\":\"Autonomisation des filles et des jeunes m\u00e8res \u00e0 Grenade gr\u00e2ce \u00e0 la dignit\u00e9, l'\u00e9ducation et l'inclusion - Cuso International\",\"isPartOf\":{\"@id\":\"https:\\\/\\\/cusointernational.org\\\/fr\\\/#website\"},\"primaryImageOfPage\":{\"@id\":\"https:\\\/\\\/cusointernational.org\\\/fr\\\/recit\\\/autonomisation-des-filles-et-des-jeunes-meres-a-grenade-grace-a-la-dignite-leducation-et-linclusion\\\/#primaryimage\"},\"image\":{\"@id\":\"https:\\\/\\\/cusointernational.org\\\/fr\\\/recit\\\/autonomisation-des-filles-et-des-jeunes-meres-a-grenade-grace-a-la-dignite-leducation-et-linclusion\\\/#primaryimage\"},\"thumbnailUrl\":\"https:\\\/\\\/cusointernational.org\\\/wp-content\\\/uploads\\\/DSC00103-scaled.jpg\",\"datePublished\":\"2026-03-04T19:33:32+00:00\",\"dateModified\":\"2026-03-11T15:16:49+00:00\",\"breadcrumb\":{\"@id\":\"https:\\\/\\\/cusointernational.org\\\/fr\\\/recit\\\/autonomisation-des-filles-et-des-jeunes-meres-a-grenade-grace-a-la-dignite-leducation-et-linclusion\\\/#breadcrumb\"},\"inLanguage\":\"fr-FR\",\"potentialAction\":[{\"@type\":\"ReadAction\",\"target\":[\"https:\\\/\\\/cusointernational.org\\\/fr\\\/recit\\\/autonomisation-des-filles-et-des-jeunes-meres-a-grenade-grace-a-la-dignite-leducation-et-linclusion\\\/\"]}]},{\"@type\":\"ImageObject\",\"inLanguage\":\"fr-FR\",\"@id\":\"https:\\\/\\\/cusointernational.org\\\/fr\\\/recit\\\/autonomisation-des-filles-et-des-jeunes-meres-a-grenade-grace-a-la-dignite-leducation-et-linclusion\\\/#primaryimage\",\"url\":\"https:\\\/\\\/cusointernational.org\\\/wp-content\\\/uploads\\\/DSC00103-scaled.jpg\",\"contentUrl\":\"https:\\\/\\\/cusointernational.org\\\/wp-content\\\/uploads\\\/DSC00103-scaled.jpg\",\"width\":2560,\"height\":2184},{\"@type\":\"BreadcrumbList\",\"@id\":\"https:\\\/\\\/cusointernational.org\\\/fr\\\/recit\\\/autonomisation-des-filles-et-des-jeunes-meres-a-grenade-grace-a-la-dignite-leducation-et-linclusion\\\/#breadcrumb\",\"itemListElement\":[{\"@type\":\"ListItem\",\"position\":1,\"name\":\"Home\",\"item\":\"https:\\\/\\\/cusointernational.org\\\/fr\\\/\"},{\"@type\":\"ListItem\",\"position\":2,\"name\":\"Autonomisation des filles et des jeunes m\u00e8res \u00e0 Grenade gr\u00e2ce \u00e0 la dignit\u00e9, l&#8217;\u00e9ducation et l&#8217;inclusion\"}]},{\"@type\":\"WebSite\",\"@id\":\"https:\\\/\\\/cusointernational.org\\\/fr\\\/#website\",\"url\":\"https:\\\/\\\/cusointernational.org\\\/fr\\\/\",\"name\":\"Cuso International\",\"description\":\"Connecting communities around the world with skilled Canadians to help end poverty\",\"potentialAction\":[{\"@type\":\"SearchAction\",\"target\":{\"@type\":\"EntryPoint\",\"urlTemplate\":\"https:\\\/\\\/cusointernational.org\\\/fr\\\/?s={search_term_string}\"},\"query-input\":{\"@type\":\"PropertyValueSpecification\",\"valueRequired\":true,\"valueName\":\"search_term_string\"}}],\"inLanguage\":\"fr-FR\"}]}<\/script>\n<!-- \/ Yoast SEO plugin. -->","yoast_head_json":{"title":"Autonomisation des filles et des jeunes m\u00e8res \u00e0 Grenade gr\u00e2ce \u00e0 la dignit\u00e9, l'\u00e9ducation et l'inclusion - Cuso International","robots":{"index":"index","follow":"follow","max-snippet":"max-snippet:-1","max-image-preview":"max-image-preview:large","max-video-preview":"max-video-preview:-1"},"canonical":"https:\/\/cusointernational.org\/fr\/recit\/autonomisation-des-filles-et-des-jeunes-meres-a-grenade-grace-a-la-dignite-leducation-et-linclusion\/","og_locale":"fr_FR","og_type":"article","og_title":"Autonomisation des filles et des jeunes m\u00e8res \u00e0 Grenade gr\u00e2ce \u00e0 la dignit\u00e9, l'\u00e9ducation et l'inclusion - Cuso International","og_description":"Le 6 F\u00e9vrier 2026, nous avons eu le plaisir de visiter le Grand Anse Social Development Centre (GASDC) et le Programme for Adolescent Mothers (PAM) \u00e0 St. George, Grenade, pour c\u00e9l\u00e9brer le Dress Down Day. Une journ\u00e9e de f\u00eate avant le jour de l&#8217;ind\u00e9pendance de la Grenade, o\u00f9 les Grenadiens s&#8217;habillent aux couleurs nationales et&hellip;","og_url":"https:\/\/cusointernational.org\/fr\/recit\/autonomisation-des-filles-et-des-jeunes-meres-a-grenade-grace-a-la-dignite-leducation-et-linclusion\/","og_site_name":"Cuso International","article_modified_time":"2026-03-11T15:16:49+00:00","og_image":[{"width":2560,"height":2184,"url":"https:\/\/cusointernational.org\/wp-content\/uploads\/DSC00103-scaled.jpg","type":"image\/jpeg"}],"twitter_card":"summary_large_image","twitter_misc":{"Dur\u00e9e de lecture estim\u00e9e":"4 minutes"},"schema":{"@context":"https:\/\/schema.org","@graph":[{"@type":"WebPage","@id":"https:\/\/cusointernational.org\/fr\/recit\/autonomisation-des-filles-et-des-jeunes-meres-a-grenade-grace-a-la-dignite-leducation-et-linclusion\/","url":"https:\/\/cusointernational.org\/fr\/recit\/autonomisation-des-filles-et-des-jeunes-meres-a-grenade-grace-a-la-dignite-leducation-et-linclusion\/","name":"Autonomisation des filles et des jeunes m\u00e8res \u00e0 Grenade gr\u00e2ce \u00e0 la dignit\u00e9, l'\u00e9ducation et l'inclusion - Cuso International","isPartOf":{"@id":"https:\/\/cusointernational.org\/fr\/#website"},"primaryImageOfPage":{"@id":"https:\/\/cusointernational.org\/fr\/recit\/autonomisation-des-filles-et-des-jeunes-meres-a-grenade-grace-a-la-dignite-leducation-et-linclusion\/#primaryimage"},"image":{"@id":"https:\/\/cusointernational.org\/fr\/recit\/autonomisation-des-filles-et-des-jeunes-meres-a-grenade-grace-a-la-dignite-leducation-et-linclusion\/#primaryimage"},"thumbnailUrl":"https:\/\/cusointernational.org\/wp-content\/uploads\/DSC00103-scaled.jpg","datePublished":"2026-03-04T19:33:32+00:00","dateModified":"2026-03-11T15:16:49+00:00","breadcrumb":{"@id":"https:\/\/cusointernational.org\/fr\/recit\/autonomisation-des-filles-et-des-jeunes-meres-a-grenade-grace-a-la-dignite-leducation-et-linclusion\/#breadcrumb"},"inLanguage":"fr-FR","potentialAction":[{"@type":"ReadAction","target":["https:\/\/cusointernational.org\/fr\/recit\/autonomisation-des-filles-et-des-jeunes-meres-a-grenade-grace-a-la-dignite-leducation-et-linclusion\/"]}]},{"@type":"ImageObject","inLanguage":"fr-FR","@id":"https:\/\/cusointernational.org\/fr\/recit\/autonomisation-des-filles-et-des-jeunes-meres-a-grenade-grace-a-la-dignite-leducation-et-linclusion\/#primaryimage","url":"https:\/\/cusointernational.org\/wp-content\/uploads\/DSC00103-scaled.jpg","contentUrl":"https:\/\/cusointernational.org\/wp-content\/uploads\/DSC00103-scaled.jpg","width":2560,"height":2184},{"@type":"BreadcrumbList","@id":"https:\/\/cusointernational.org\/fr\/recit\/autonomisation-des-filles-et-des-jeunes-meres-a-grenade-grace-a-la-dignite-leducation-et-linclusion\/#breadcrumb","itemListElement":[{"@type":"ListItem","position":1,"name":"Home","item":"https:\/\/cusointernational.org\/fr\/"},{"@type":"ListItem","position":2,"name":"Autonomisation des filles et des jeunes m\u00e8res \u00e0 Grenade gr\u00e2ce \u00e0 la dignit\u00e9, l&#8217;\u00e9ducation et l&#8217;inclusion"}]},{"@type":"WebSite","@id":"https:\/\/cusointernational.org\/fr\/#website","url":"https:\/\/cusointernational.org\/fr\/","name":"Cuso International","description":"Connecting communities around the world with skilled Canadians to help end poverty","potentialAction":[{"@type":"SearchAction","target":{"@type":"EntryPoint","urlTemplate":"https:\/\/cusointernational.org\/fr\/?s={search_term_string}"},"query-input":{"@type":"PropertyValueSpecification","valueRequired":true,"valueName":"search_term_string"}}],"inLanguage":"fr-FR"}]}},"_links":{"self":[{"href":"https:\/\/cusointernational.org\/fr\/wp-json\/wp\/v2\/stories\/51029","targetHints":{"allow":["GET"]}}],"collection":[{"href":"https:\/\/cusointernational.org\/fr\/wp-json\/wp\/v2\/stories"}],"about":[{"href":"https:\/\/cusointernational.org\/fr\/wp-json\/wp\/v2\/types\/stories"}],"wp:featuredmedia":[{"embeddable":true,"href":"https:\/\/cusointernational.org\/fr\/wp-json\/wp\/v2\/media\/51027"}],"wp:attachment":[{"href":"https:\/\/cusointernational.org\/fr\/wp-json\/wp\/v2\/media?parent=51029"}],"wp:term":[{"taxonomy":"country","embeddable":true,"href":"https:\/\/cusointernational.org\/fr\/wp-json\/wp\/v2\/country?post=51029"},{"taxonomy":"post_theme","embeddable":true,"href":"https:\/\/cusointernational.org\/fr\/wp-json\/wp\/v2\/post_theme?post=51029"}],"curies":[{"name":"wp","href":"https:\/\/api.w.org\/{rel}","templated":true}]}}