{"id":51013,"date":"2026-03-09T08:51:53","date_gmt":"2026-03-09T12:51:53","guid":{"rendered":"https:\/\/cusointernational.org\/?post_type=stories&#038;p=51013"},"modified":"2026-03-11T18:07:42","modified_gmt":"2026-03-11T22:07:42","slug":"sharerassemble2026","status":"publish","type":"stories","link":"https:\/\/cusointernational.org\/fr\/recit\/sharerassemble2026\/","title":{"rendered":"Le Programme SHARE de Cuso International rassemble des repr\u00e9sentants du monde entier"},"content":{"rendered":"<p><strong>Incursion dans la rencontre internationale des repr\u00e9sentants du programme SHARE de\u00a0Cuso\u00a0International<\/strong><\/p>\n<p><em>Bogot\u00e1, Colombie \u2013 F\u00e9vrier 2026<br \/>\n<\/em><em>R\u00e9dig\u00e9 par Arianne Cardinal<\/em><\/p>\n<p><strong>Arriv\u00e9es et retrouvailles<br \/>\n<\/strong>L\u2019\u00e9quipe du Canada atterrit au petit matin \u00e0 Bogot\u00e1. Les d\u00e9partements des finances, du recrutement, de MEAL et d\u2019Engagement sont repr\u00e9sent\u00e9s, accueillis par un air doux qui tranche avec l\u2019hiver canadien.<br \/>\n<img loading=\"lazy\" decoding=\"async\" class=\"alignnone  wp-image-51056\" src=\"https:\/\/cusointernational.org\/wp-content\/uploads\/IMG_9755-1-600x800.jpeg\" alt=\"\" width=\"323\" height=\"431\" srcset=\"https:\/\/cusointernational.org\/wp-content\/uploads\/IMG_9755-1-600x800.jpeg 600w, https:\/\/cusointernational.org\/wp-content\/uploads\/IMG_9755-1-1200x1600.jpeg 1200w, https:\/\/cusointernational.org\/wp-content\/uploads\/IMG_9755-1-768x1024.jpeg 768w, https:\/\/cusointernational.org\/wp-content\/uploads\/IMG_9755-1-1152x1536.jpeg 1152w, https:\/\/cusointernational.org\/wp-content\/uploads\/IMG_9755-1-1536x2048.jpeg 1536w, https:\/\/cusointernational.org\/wp-content\/uploads\/IMG_9755-1-scaled.jpeg 1920w\" sizes=\"auto, (max-width: 323px) 100vw, 323px\" \/> <img loading=\"lazy\" decoding=\"async\" class=\"alignnone  wp-image-51057\" src=\"https:\/\/cusointernational.org\/wp-content\/uploads\/SHARE-global-meeting-2026_article_photo3-1-600x800.jpeg\" alt=\"\" width=\"323\" height=\"430\" srcset=\"https:\/\/cusointernational.org\/wp-content\/uploads\/SHARE-global-meeting-2026_article_photo3-1-600x800.jpeg 600w, https:\/\/cusointernational.org\/wp-content\/uploads\/SHARE-global-meeting-2026_article_photo3-1-1200x1600.jpeg 1200w, https:\/\/cusointernational.org\/wp-content\/uploads\/SHARE-global-meeting-2026_article_photo3-1-768x1024.jpeg 768w, https:\/\/cusointernational.org\/wp-content\/uploads\/SHARE-global-meeting-2026_article_photo3-1-1152x1536.jpeg 1152w, https:\/\/cusointernational.org\/wp-content\/uploads\/SHARE-global-meeting-2026_article_photo3-1-1536x2048.jpeg 1536w, https:\/\/cusointernational.org\/wp-content\/uploads\/SHARE-global-meeting-2026_article_photo3-1-scaled.jpeg 1920w\" sizes=\"auto, (max-width: 323px) 100vw, 323px\" \/><br \/>\nDirection notre pied-\u00e0-terre pour la semaine. Le temps de r\u00e9cup\u00e9rer un peu. Sieste pour certains, petit-d\u00e9jeuner pour d\u2019autres. On a h\u00e2te de rencontrer les Program and Finance Officers (PO) du programme SHARE, venus des quatre coins du monde. Ce sont eux, les vraies stars de la semaine!<\/p>\n<p>D\u00e9j\u00e0, certaines d\u00e9l\u00e9gations sont sur place. \u00c0 la r\u00e9ception, les arriv\u00e9es se croisent: Afrique, Am\u00e9rique latine, Cara\u00efbes.\u00a0Pour plusieurs, c\u2019est une premi\u00e8re rencontre en personne apr\u00e8s des mois de r\u00e9unions Teams.<\/p>\n<p>\u00ab Juan,\u00a0c\u2019est\u00a0toi?\u00a0Tu es plus grand\u00a0que\u00a0je\u00a0ne\u00a0pensais! \u00bb<br \/>\n\u00ab Ginette? Quel plaisir de te rencontrer enfin en vrai! \u00bb<\/p>\n<p>La f\u00e9brilit\u00e9 est palpable. Chacun arrive curieux, disponible, ouvert. La semaine s\u2019annonce\u00a0d\u00e9j\u00e0\u00a0riche\u00a0et inspirante.<\/p>\n<p><strong>Donner le ton<br \/>\n<\/strong>Lundi matin, l\u2019\u00e9nergie est au rendez-vous. Embrassades pour ceux qui ne se sont pas encore crois\u00e9s. Un air de rentr\u00e9e flotte dans la salle pendant que le photographe immortalise le moment. L\u2019\u00e9quipe du bureau de Cuso en Colombie ouvre la rencontre avec une pr\u00e9sentation chaleureuse du pays, de son histoire et de la diversit\u00e9 des peuples qui le composent. La semaine peut officiellement commencer. Gr\u00e2ce \u00e0 la traduction simultan\u00e9e en anglais, fran\u00e7ais et espagnol, chacun peut suivre et contribuer dans la langue de son choix.<br \/>\n<img loading=\"lazy\" decoding=\"async\" class=\"alignnone size-medium wp-image-51058\" src=\"https:\/\/cusointernational.org\/wp-content\/uploads\/IMG_9840-1-800x600.jpeg\" alt=\"\" width=\"800\" height=\"600\" srcset=\"https:\/\/cusointernational.org\/wp-content\/uploads\/IMG_9840-1-800x600.jpeg 800w, https:\/\/cusointernational.org\/wp-content\/uploads\/IMG_9840-1-1600x1200.jpeg 1600w, https:\/\/cusointernational.org\/wp-content\/uploads\/IMG_9840-1-768x576.jpeg 768w, https:\/\/cusointernational.org\/wp-content\/uploads\/IMG_9840-1-1536x1152.jpeg 1536w, https:\/\/cusointernational.org\/wp-content\/uploads\/IMG_9840-1-2048x1536.jpeg 2048w\" sizes=\"auto, (max-width: 800px) 100vw, 800px\" \/><br \/>\nPourquoi sommes-nous ici?\u00a0Parce que le monde change. Et que\u00a0Cuso, tout comme son programme SHARE, doit \u00e9voluer avec lui.<\/p>\n<p><strong>Entre harmonisation et innovation<br \/>\n<\/strong>Pendant plusieurs jours, les repr\u00e9sentants de programme et des \u00e9quipes finances des quatre coins du monde participent \u00e0 des ateliers pratiques, des sessions d\u2019id\u00e9ation et de co-cr\u00e9ation, des pl\u00e9ni\u00e8res et m\u00eame des exercices de pitchs \u00e0 des bailleurs de fonds fictifs.<\/p>\n<p>L\u2019objectif? Apprendre les uns des autres, comparer les contextes, partager les expertises, et avancer vers une harmonisation des pratiques et des processus. Renforcer les liens pour former une \u00e9quipe mondiale interconnect\u00e9e, mieux outill\u00e9e pour soutenir le programme de volontariat dans le contexte actuel.<\/p>\n<p>Les participants\u00a0parcourent ainsi\u00a0tout le chemin, du recrutement et de l\u2019accueil des volontaires jusqu\u2019\u00e0 la mise en \u0153uvre des programmes et \u00e0 la collecte d\u2019histoires sur le terrain.\u00a0Partage d\u2019exp\u00e9riences, mise\u00a0en lumi\u00e8re\u00a0des d\u00e9fis rencontr\u00e9,\u00a0nouvelles pistes \u00e0 explorer&#8230;<br \/>\n<img loading=\"lazy\" decoding=\"async\" class=\"alignnone size-medium wp-image-51059\" src=\"https:\/\/cusointernational.org\/wp-content\/uploads\/IMG_9925-1-800x600.jpeg\" alt=\"\" width=\"800\" height=\"600\" srcset=\"https:\/\/cusointernational.org\/wp-content\/uploads\/IMG_9925-1-800x600.jpeg 800w, https:\/\/cusointernational.org\/wp-content\/uploads\/IMG_9925-1-1600x1200.jpeg 1600w, https:\/\/cusointernational.org\/wp-content\/uploads\/IMG_9925-1-768x576.jpeg 768w, https:\/\/cusointernational.org\/wp-content\/uploads\/IMG_9925-1-1536x1152.jpeg 1536w, https:\/\/cusointernational.org\/wp-content\/uploads\/IMG_9925-1-2048x1536.jpeg 2048w\" sizes=\"auto, (max-width: 800px) 100vw, 800px\" \/><br \/>\nEntre un mur de post-its\u00a0et une pause-caf\u00e9, une m\u00eame r\u00e9flexion revient\u00a0: comment renforcer l\u2019efficacit\u00e9 tout en pr\u00e9servant la richesse des contextes locaux?<\/p>\n<p><strong>La Fondation ACUA<br \/>\n<\/strong>Une visite \u00e0 la Fondation ACUA, une des plus anciens partenaires de\u00a0Cuso\u00a0en Colombie, nous offre un interm\u00e8de musical et tout en saveur, sur fond de traditions prot\u00e9g\u00e9es et de sororit\u00e9. Nous rencontrons d\u2019ailleurs deux coop\u00e9rantes volontaires de\u00a0Cuso\u00a0qui sont sur place, et nous racontent leur exp\u00e9rience.\u00a0L\u2019impact du partage de comp\u00e9tences prend ici tout son sens.<\/p>\n<p><strong>Le d\u00e9but de la suite<br \/>\n<\/strong>\u00c0 la fin de la semaine, les carnets sont remplis, les id\u00e9es ont pris forme. Et une chose ressort, claire et limpide : alors que les contextes mondiaux continuent d\u2019\u00e9voluer, le programme SHARE poursuivra son adaptation \u00a0en renfor\u00e7ant son approche de partage de comp\u00e9tences, en approfondissant ses partenariats et en veillant \u00e0 ce que les volontaires et les organisations locales disposent d\u2019outils adapt\u00e9s aux besoins \u00e9mergents.<\/p>\n<p>Les participants ont \u00e9galement quitt\u00e9 la semaine avec une vision renouvel\u00e9e de la mani\u00e8re de mieux raconter l\u2019histoire de la r\u00e9silience \u00e9conomique, afin qu\u2019elle trouve \u00e9cho aupr\u00e8s des communaut\u00e9s, des partenaires, des volontaires et des personnes qui soutiennent le programme.<\/p>\n<p>Ultimement, la semaine laisse quelque chose de tout aussi essentiel pour une organisation comme Cuso. Des visages ont remplac\u00e9 des noms. Des conversations, des repas partag\u00e9s et des \u00e9changes informels ont cr\u00e9\u00e9 des liens qui rendront la collaboration plus naturelle, malgr\u00e9 les fuseaux horaires et la distance.<\/p>\n<p>C\u2019est aussi \u00e7a, l\u2019esprit de SHARE.<br \/>\n<img loading=\"lazy\" decoding=\"async\" class=\"alignnone size-medium wp-image-51060\" src=\"https:\/\/cusointernational.org\/wp-content\/uploads\/SHARE-global-meeting-2026_article_photo7-1-800x600.jpg\" alt=\"\" width=\"800\" height=\"600\" srcset=\"https:\/\/cusointernational.org\/wp-content\/uploads\/SHARE-global-meeting-2026_article_photo7-1-800x600.jpg 800w, https:\/\/cusointernational.org\/wp-content\/uploads\/SHARE-global-meeting-2026_article_photo7-1-768x576.jpg 768w, https:\/\/cusointernational.org\/wp-content\/uploads\/SHARE-global-meeting-2026_article_photo7-1-1536x1152.jpg 1536w, https:\/\/cusointernational.org\/wp-content\/uploads\/SHARE-global-meeting-2026_article_photo7-1.jpg 1600w\" sizes=\"auto, (max-width: 800px) 100vw, 800px\" \/><\/p>\n","protected":false},"featured_media":51012,"template":"","country":[],"post_theme":[],"class_list":["post-51013","stories","type-stories","status-publish","has-post-thumbnail","hentry"],"acf":[],"yoast_head":"<!-- This site is optimized with the Yoast SEO plugin v27.5 - https:\/\/yoast.com\/product\/yoast-seo-wordpress\/ -->\n<title>Le Programme SHARE de Cuso International rassemble des repr\u00e9sentants du monde entier - Cuso International<\/title>\n<meta name=\"robots\" content=\"index, follow, max-snippet:-1, max-image-preview:large, max-video-preview:-1\" \/>\n<link rel=\"canonical\" href=\"https:\/\/cusointernational.org\/fr\/recit\/sharerassemble2026\/\" \/>\n<meta property=\"og:locale\" content=\"fr_FR\" \/>\n<meta property=\"og:type\" content=\"article\" \/>\n<meta property=\"og:title\" content=\"Le Programme SHARE de Cuso International rassemble des repr\u00e9sentants du monde entier - Cuso International\" \/>\n<meta property=\"og:description\" content=\"Incursion dans la rencontre internationale des repr\u00e9sentants du programme SHARE de\u00a0Cuso\u00a0International Bogot\u00e1, Colombie \u2013 F\u00e9vrier 2026 R\u00e9dig\u00e9 par Arianne Cardinal Arriv\u00e9es et retrouvailles L\u2019\u00e9quipe du Canada atterrit au petit matin \u00e0 Bogot\u00e1. Les d\u00e9partements des finances, du recrutement, de MEAL et d\u2019Engagement sont repr\u00e9sent\u00e9s, accueillis par un air doux qui tranche avec l\u2019hiver canadien. Direction&hellip;\" \/>\n<meta property=\"og:url\" content=\"https:\/\/cusointernational.org\/fr\/recit\/sharerassemble2026\/\" \/>\n<meta property=\"og:site_name\" content=\"Cuso International\" \/>\n<meta property=\"article:modified_time\" content=\"2026-03-11T22:07:42+00:00\" \/>\n<meta property=\"og:image\" content=\"https:\/\/cusointernational.org\/wp-content\/uploads\/image00008-scaled.jpeg\" \/>\n\t<meta property=\"og:image:width\" content=\"2560\" \/>\n\t<meta property=\"og:image:height\" content=\"1920\" \/>\n\t<meta property=\"og:image:type\" content=\"image\/jpeg\" \/>\n<meta name=\"twitter:card\" content=\"summary_large_image\" \/>\n<meta name=\"twitter:label1\" content=\"Dur\u00e9e de lecture estim\u00e9e\" \/>\n\t<meta name=\"twitter:data1\" content=\"5 minutes\" \/>\n<script type=\"application\/ld+json\" class=\"yoast-schema-graph\">{\"@context\":\"https:\\\/\\\/schema.org\",\"@graph\":[{\"@type\":\"WebPage\",\"@id\":\"https:\\\/\\\/cusointernational.org\\\/fr\\\/recit\\\/sharerassemble2026\\\/\",\"url\":\"https:\\\/\\\/cusointernational.org\\\/fr\\\/recit\\\/sharerassemble2026\\\/\",\"name\":\"Le Programme SHARE de Cuso International rassemble des repr\u00e9sentants du monde entier - Cuso International\",\"isPartOf\":{\"@id\":\"https:\\\/\\\/cusointernational.org\\\/fr\\\/#website\"},\"primaryImageOfPage\":{\"@id\":\"https:\\\/\\\/cusointernational.org\\\/fr\\\/recit\\\/sharerassemble2026\\\/#primaryimage\"},\"image\":{\"@id\":\"https:\\\/\\\/cusointernational.org\\\/fr\\\/recit\\\/sharerassemble2026\\\/#primaryimage\"},\"thumbnailUrl\":\"https:\\\/\\\/cusointernational.org\\\/wp-content\\\/uploads\\\/image00008-scaled.jpeg\",\"datePublished\":\"2026-03-09T12:51:53+00:00\",\"dateModified\":\"2026-03-11T22:07:42+00:00\",\"breadcrumb\":{\"@id\":\"https:\\\/\\\/cusointernational.org\\\/fr\\\/recit\\\/sharerassemble2026\\\/#breadcrumb\"},\"inLanguage\":\"fr-FR\",\"potentialAction\":[{\"@type\":\"ReadAction\",\"target\":[\"https:\\\/\\\/cusointernational.org\\\/fr\\\/recit\\\/sharerassemble2026\\\/\"]}]},{\"@type\":\"ImageObject\",\"inLanguage\":\"fr-FR\",\"@id\":\"https:\\\/\\\/cusointernational.org\\\/fr\\\/recit\\\/sharerassemble2026\\\/#primaryimage\",\"url\":\"https:\\\/\\\/cusointernational.org\\\/wp-content\\\/uploads\\\/image00008-scaled.jpeg\",\"contentUrl\":\"https:\\\/\\\/cusointernational.org\\\/wp-content\\\/uploads\\\/image00008-scaled.jpeg\",\"width\":2560,\"height\":1920},{\"@type\":\"BreadcrumbList\",\"@id\":\"https:\\\/\\\/cusointernational.org\\\/fr\\\/recit\\\/sharerassemble2026\\\/#breadcrumb\",\"itemListElement\":[{\"@type\":\"ListItem\",\"position\":1,\"name\":\"Home\",\"item\":\"https:\\\/\\\/cusointernational.org\\\/fr\\\/\"},{\"@type\":\"ListItem\",\"position\":2,\"name\":\"Le Programme SHARE de Cuso International rassemble des repr\u00e9sentants du monde entier\"}]},{\"@type\":\"WebSite\",\"@id\":\"https:\\\/\\\/cusointernational.org\\\/fr\\\/#website\",\"url\":\"https:\\\/\\\/cusointernational.org\\\/fr\\\/\",\"name\":\"Cuso International\",\"description\":\"Connecting communities around the world with skilled Canadians to help end poverty\",\"potentialAction\":[{\"@type\":\"SearchAction\",\"target\":{\"@type\":\"EntryPoint\",\"urlTemplate\":\"https:\\\/\\\/cusointernational.org\\\/fr\\\/?s={search_term_string}\"},\"query-input\":{\"@type\":\"PropertyValueSpecification\",\"valueRequired\":true,\"valueName\":\"search_term_string\"}}],\"inLanguage\":\"fr-FR\"}]}<\/script>\n<!-- \/ Yoast SEO plugin. -->","yoast_head_json":{"title":"Le Programme SHARE de Cuso International rassemble des repr\u00e9sentants du monde entier - Cuso International","robots":{"index":"index","follow":"follow","max-snippet":"max-snippet:-1","max-image-preview":"max-image-preview:large","max-video-preview":"max-video-preview:-1"},"canonical":"https:\/\/cusointernational.org\/fr\/recit\/sharerassemble2026\/","og_locale":"fr_FR","og_type":"article","og_title":"Le Programme SHARE de Cuso International rassemble des repr\u00e9sentants du monde entier - Cuso International","og_description":"Incursion dans la rencontre internationale des repr\u00e9sentants du programme SHARE de\u00a0Cuso\u00a0International Bogot\u00e1, Colombie \u2013 F\u00e9vrier 2026 R\u00e9dig\u00e9 par Arianne Cardinal Arriv\u00e9es et retrouvailles L\u2019\u00e9quipe du Canada atterrit au petit matin \u00e0 Bogot\u00e1. Les d\u00e9partements des finances, du recrutement, de MEAL et d\u2019Engagement sont repr\u00e9sent\u00e9s, accueillis par un air doux qui tranche avec l\u2019hiver canadien. Direction&hellip;","og_url":"https:\/\/cusointernational.org\/fr\/recit\/sharerassemble2026\/","og_site_name":"Cuso International","article_modified_time":"2026-03-11T22:07:42+00:00","og_image":[{"width":2560,"height":1920,"url":"https:\/\/cusointernational.org\/wp-content\/uploads\/image00008-scaled.jpeg","type":"image\/jpeg"}],"twitter_card":"summary_large_image","twitter_misc":{"Dur\u00e9e de lecture estim\u00e9e":"5 minutes"},"schema":{"@context":"https:\/\/schema.org","@graph":[{"@type":"WebPage","@id":"https:\/\/cusointernational.org\/fr\/recit\/sharerassemble2026\/","url":"https:\/\/cusointernational.org\/fr\/recit\/sharerassemble2026\/","name":"Le Programme SHARE de Cuso International rassemble des repr\u00e9sentants du monde entier - Cuso International","isPartOf":{"@id":"https:\/\/cusointernational.org\/fr\/#website"},"primaryImageOfPage":{"@id":"https:\/\/cusointernational.org\/fr\/recit\/sharerassemble2026\/#primaryimage"},"image":{"@id":"https:\/\/cusointernational.org\/fr\/recit\/sharerassemble2026\/#primaryimage"},"thumbnailUrl":"https:\/\/cusointernational.org\/wp-content\/uploads\/image00008-scaled.jpeg","datePublished":"2026-03-09T12:51:53+00:00","dateModified":"2026-03-11T22:07:42+00:00","breadcrumb":{"@id":"https:\/\/cusointernational.org\/fr\/recit\/sharerassemble2026\/#breadcrumb"},"inLanguage":"fr-FR","potentialAction":[{"@type":"ReadAction","target":["https:\/\/cusointernational.org\/fr\/recit\/sharerassemble2026\/"]}]},{"@type":"ImageObject","inLanguage":"fr-FR","@id":"https:\/\/cusointernational.org\/fr\/recit\/sharerassemble2026\/#primaryimage","url":"https:\/\/cusointernational.org\/wp-content\/uploads\/image00008-scaled.jpeg","contentUrl":"https:\/\/cusointernational.org\/wp-content\/uploads\/image00008-scaled.jpeg","width":2560,"height":1920},{"@type":"BreadcrumbList","@id":"https:\/\/cusointernational.org\/fr\/recit\/sharerassemble2026\/#breadcrumb","itemListElement":[{"@type":"ListItem","position":1,"name":"Home","item":"https:\/\/cusointernational.org\/fr\/"},{"@type":"ListItem","position":2,"name":"Le Programme SHARE de Cuso International rassemble des repr\u00e9sentants du monde entier"}]},{"@type":"WebSite","@id":"https:\/\/cusointernational.org\/fr\/#website","url":"https:\/\/cusointernational.org\/fr\/","name":"Cuso International","description":"Connecting communities around the world with skilled Canadians to help end poverty","potentialAction":[{"@type":"SearchAction","target":{"@type":"EntryPoint","urlTemplate":"https:\/\/cusointernational.org\/fr\/?s={search_term_string}"},"query-input":{"@type":"PropertyValueSpecification","valueRequired":true,"valueName":"search_term_string"}}],"inLanguage":"fr-FR"}]}},"_links":{"self":[{"href":"https:\/\/cusointernational.org\/fr\/wp-json\/wp\/v2\/stories\/51013","targetHints":{"allow":["GET"]}}],"collection":[{"href":"https:\/\/cusointernational.org\/fr\/wp-json\/wp\/v2\/stories"}],"about":[{"href":"https:\/\/cusointernational.org\/fr\/wp-json\/wp\/v2\/types\/stories"}],"wp:featuredmedia":[{"embeddable":true,"href":"https:\/\/cusointernational.org\/fr\/wp-json\/wp\/v2\/media\/51012"}],"wp:attachment":[{"href":"https:\/\/cusointernational.org\/fr\/wp-json\/wp\/v2\/media?parent=51013"}],"wp:term":[{"taxonomy":"country","embeddable":true,"href":"https:\/\/cusointernational.org\/fr\/wp-json\/wp\/v2\/country?post=51013"},{"taxonomy":"post_theme","embeddable":true,"href":"https:\/\/cusointernational.org\/fr\/wp-json\/wp\/v2\/post_theme?post=51013"}],"curies":[{"name":"wp","href":"https:\/\/api.w.org\/{rel}","templated":true}]}}