{"id":50732,"date":"2025-12-18T05:20:17","date_gmt":"2025-12-18T10:20:17","guid":{"rendered":"https:\/\/cusointernational.org\/stories\/partager-ses-competences-grace-au-volontariat-en-rdc\/"},"modified":"2025-12-19T07:36:16","modified_gmt":"2025-12-19T12:36:16","slug":"partager-ses-competences-grace-au-volontariat-en-rdc","status":"publish","type":"stories","link":"https:\/\/cusointernational.org\/fr\/recit\/partager-ses-competences-grace-au-volontariat-en-rdc\/","title":{"rendered":"Partager ses comp\u00e9tences gr\u00e2ce au volontariat en RDC"},"content":{"rendered":"<p><strong>Partager ses comp\u00e9tences gr\u00e2ce au volontariat en RDC<\/strong><\/p>\n<p>Avant de rejoindre Cuso International, Noella Kizubanata Bangula travaillait comme jeune reporter pour l&#8217;UNICEF, o\u00f9 elle s&#8217;occupait principalement de soutenir les clubs de jeunes filles en R\u00e9publique d\u00e9mocratique du Congo, principalement dans le domaine de la sensibilisation \u00e0 l&#8217;hygi\u00e8ne menstruelle.<\/p>\n<p>&#8221; J&#8217;ai r\u00e9alis\u00e9 \u00e0 quel point cette question touchait les jeunes filles et \u00e0 quel point la communaut\u00e9 avait besoin d&#8217;acc\u00e9der \u00e0 des informations pr\u00e9cises sur le sujet \u00bb, explique-t-elle. \u00ab C&#8217;est \u00e0 ce moment-l\u00e0 que je me suis dit que je devais devenir b\u00e9n\u00e9vole pour \u00eatre plus proche de la population, partager des informations, former les gens et les soutenir dans leurs activit\u00e9s. Et puis je me suis dit : pourquoi ne pas aller plus loin ?&#8221;<\/p>\n<p>En dirigeant une entreprise de fabrication de serviettes hygi\u00e9niques r\u00e9utilisables, Noella a acquis de nombreuses comp\u00e9tences et exp\u00e9riences qu&#8217;elle pouvait partager avec de jeunes entrepreneurs pour les aider \u00e0 relever des d\u00e9fis, \u00e0 comprendre le processus et \u00e0 recevoir une formation.<\/p>\n<p>Noella a pens\u00e9 que le b\u00e9n\u00e9volat serait un choix id\u00e9al. Et Cuso correspondait \u00e0 ses valeurs.<\/p>\n<p>Aujourd&#8217;hui, Noella travaille avec le programme Talents Pluriels de Cuso, qui offre une formation aux jeunes \u00a0d\u00e9favoris\u00e9s, notamment les femmes, les personnes 2SLGBTQI+et les personnes atteintes d&#8217;albinisme. Le programme promeut des pratiques commerciales sensibles au genre et aide les participants dans leur recherche d&#8217;emploi.<\/p>\n<p>Noella est fi\u00e8re de ce qu&#8217;elle a pu apporter au programme.<\/p>\n<p>&#8221; J&#8217;ai l&#8217;impression d&#8217;avoir ajout\u00e9 une pierre \u00e0 l&#8217;\u00e9difice, une pierre \u00e0 la structure qui permet de garantir que les jeunes sont valoris\u00e9s et reconnus. Lorsque nous participons aujourd&#8217;hui \u00e0 des forums importants o\u00f9 l&#8217;inclusion sociale est discut\u00e9e, les gens \u00e9coutent et soutiennent cette approche &#8220;, a-t-elle d\u00e9clar\u00e9.<\/p>\n<p>Le b\u00e9n\u00e9volat a \u00e9t\u00e9 une exp\u00e9rience enrichissante et a chang\u00e9 Noella de mani\u00e8re positive.<\/p>\n<p>&#8220;Gr\u00e2ce \u00e0 ce programme, nous rencontrons des personnes incroyables. Ces relations et ces r\u00e9seaux sont inestimables. Les exp\u00e9riences et les comp\u00e9tences que nous acqu\u00e9rons dans notre environnement nous rendent meilleurs &#8220;, dit-elle.<\/p>\n<p>&#8220;La Noella que j&#8217;\u00e9tais lorsque j&#8217;ai rejoint le programme n&#8217;est plus la m\u00eame que celle que je suis aujourd&#8217;hui. Tout ce que nous avons appris et acquis sont des valeurs et des atouts qui nous porteront vers l&#8217;avenir. &#8221;<\/p>\n<p>L&#8217;impact ne s&#8217;arr\u00eate pas l\u00e0. Marie Rose, une autre volontaire de Cuso ayant une formation en entrepreneuriat et en ing\u00e9nierie sp\u00e9cialis\u00e9e dans la p\u00e9trochimie et le raffinage, parle \u00e9galement en termes \u00e9logieux de son implication aupr\u00e8s de Cuso International et Talent Pluriel. &#8220;<strong><em>\u00a0Au cours de ma mission avec Cuso International, j&#8217;ai v\u00e9cu une exp\u00e9rience intense, formatrice et profond\u00e9ment humaine. J&#8217;ai travaill\u00e9 dans un environnement professionnel structur\u00e9 et collaboratif ax\u00e9 sur l&#8217;impact social &#8220;, dit-elle.<\/em><\/strong><\/p>\n","protected":false},"featured_media":50731,"template":"","country":[],"post_theme":[],"class_list":["post-50732","stories","type-stories","status-publish","has-post-thumbnail","hentry"],"acf":[],"yoast_head":"<!-- This site is optimized with the Yoast SEO plugin v27.5 - https:\/\/yoast.com\/product\/yoast-seo-wordpress\/ -->\n<title>Partager ses comp\u00e9tences gr\u00e2ce au volontariat en RDC - Cuso International<\/title>\n<meta name=\"robots\" content=\"index, follow, max-snippet:-1, max-image-preview:large, max-video-preview:-1\" \/>\n<link rel=\"canonical\" href=\"https:\/\/cusointernational.org\/fr\/recit\/partager-ses-competences-grace-au-volontariat-en-rdc\/\" \/>\n<meta property=\"og:locale\" content=\"fr_FR\" \/>\n<meta property=\"og:type\" content=\"article\" \/>\n<meta property=\"og:title\" content=\"Partager ses comp\u00e9tences gr\u00e2ce au volontariat en RDC - Cuso International\" \/>\n<meta property=\"og:description\" content=\"Partager ses comp\u00e9tences gr\u00e2ce au volontariat en RDC Avant de rejoindre Cuso International, Noella Kizubanata Bangula travaillait comme jeune reporter pour l&#8217;UNICEF, o\u00f9 elle s&#8217;occupait principalement de soutenir les clubs de jeunes filles en R\u00e9publique d\u00e9mocratique du Congo, principalement dans le domaine de la sensibilisation \u00e0 l&#8217;hygi\u00e8ne menstruelle. &#8221; J&#8217;ai r\u00e9alis\u00e9 \u00e0 quel point cette&hellip;\" \/>\n<meta property=\"og:url\" content=\"https:\/\/cusointernational.org\/fr\/recit\/partager-ses-competences-grace-au-volontariat-en-rdc\/\" \/>\n<meta property=\"og:site_name\" content=\"Cuso International\" \/>\n<meta property=\"article:modified_time\" content=\"2025-12-19T12:36:16+00:00\" \/>\n<meta property=\"og:image\" content=\"https:\/\/cusointernational.org\/wp-content\/uploads\/DAP_7166-scaled.jpg\" \/>\n\t<meta property=\"og:image:width\" content=\"2560\" \/>\n\t<meta property=\"og:image:height\" content=\"1706\" \/>\n\t<meta property=\"og:image:type\" content=\"image\/jpeg\" \/>\n<meta name=\"twitter:card\" content=\"summary_large_image\" \/>\n<meta name=\"twitter:label1\" content=\"Dur\u00e9e de lecture estim\u00e9e\" \/>\n\t<meta name=\"twitter:data1\" content=\"2 minutes\" \/>\n<script type=\"application\/ld+json\" class=\"yoast-schema-graph\">{\"@context\":\"https:\\\/\\\/schema.org\",\"@graph\":[{\"@type\":\"WebPage\",\"@id\":\"https:\\\/\\\/cusointernational.org\\\/fr\\\/recit\\\/partager-ses-competences-grace-au-volontariat-en-rdc\\\/\",\"url\":\"https:\\\/\\\/cusointernational.org\\\/fr\\\/recit\\\/partager-ses-competences-grace-au-volontariat-en-rdc\\\/\",\"name\":\"Partager ses comp\u00e9tences gr\u00e2ce au volontariat en RDC - Cuso International\",\"isPartOf\":{\"@id\":\"https:\\\/\\\/cusointernational.org\\\/fr\\\/#website\"},\"primaryImageOfPage\":{\"@id\":\"https:\\\/\\\/cusointernational.org\\\/fr\\\/recit\\\/partager-ses-competences-grace-au-volontariat-en-rdc\\\/#primaryimage\"},\"image\":{\"@id\":\"https:\\\/\\\/cusointernational.org\\\/fr\\\/recit\\\/partager-ses-competences-grace-au-volontariat-en-rdc\\\/#primaryimage\"},\"thumbnailUrl\":\"https:\\\/\\\/cusointernational.org\\\/wp-content\\\/uploads\\\/DAP_7166-scaled.jpg\",\"datePublished\":\"2025-12-18T10:20:17+00:00\",\"dateModified\":\"2025-12-19T12:36:16+00:00\",\"breadcrumb\":{\"@id\":\"https:\\\/\\\/cusointernational.org\\\/fr\\\/recit\\\/partager-ses-competences-grace-au-volontariat-en-rdc\\\/#breadcrumb\"},\"inLanguage\":\"fr-FR\",\"potentialAction\":[{\"@type\":\"ReadAction\",\"target\":[\"https:\\\/\\\/cusointernational.org\\\/fr\\\/recit\\\/partager-ses-competences-grace-au-volontariat-en-rdc\\\/\"]}]},{\"@type\":\"ImageObject\",\"inLanguage\":\"fr-FR\",\"@id\":\"https:\\\/\\\/cusointernational.org\\\/fr\\\/recit\\\/partager-ses-competences-grace-au-volontariat-en-rdc\\\/#primaryimage\",\"url\":\"https:\\\/\\\/cusointernational.org\\\/wp-content\\\/uploads\\\/DAP_7166-scaled.jpg\",\"contentUrl\":\"https:\\\/\\\/cusointernational.org\\\/wp-content\\\/uploads\\\/DAP_7166-scaled.jpg\",\"width\":2560,\"height\":1706},{\"@type\":\"BreadcrumbList\",\"@id\":\"https:\\\/\\\/cusointernational.org\\\/fr\\\/recit\\\/partager-ses-competences-grace-au-volontariat-en-rdc\\\/#breadcrumb\",\"itemListElement\":[{\"@type\":\"ListItem\",\"position\":1,\"name\":\"Home\",\"item\":\"https:\\\/\\\/cusointernational.org\\\/fr\\\/\"},{\"@type\":\"ListItem\",\"position\":2,\"name\":\"Partager ses comp\u00e9tences gr\u00e2ce au volontariat en RDC\"}]},{\"@type\":\"WebSite\",\"@id\":\"https:\\\/\\\/cusointernational.org\\\/fr\\\/#website\",\"url\":\"https:\\\/\\\/cusointernational.org\\\/fr\\\/\",\"name\":\"Cuso International\",\"description\":\"Connecting communities around the world with skilled Canadians to help end poverty\",\"potentialAction\":[{\"@type\":\"SearchAction\",\"target\":{\"@type\":\"EntryPoint\",\"urlTemplate\":\"https:\\\/\\\/cusointernational.org\\\/fr\\\/?s={search_term_string}\"},\"query-input\":{\"@type\":\"PropertyValueSpecification\",\"valueRequired\":true,\"valueName\":\"search_term_string\"}}],\"inLanguage\":\"fr-FR\"}]}<\/script>\n<!-- \/ Yoast SEO plugin. -->","yoast_head_json":{"title":"Partager ses comp\u00e9tences gr\u00e2ce au volontariat en RDC - Cuso International","robots":{"index":"index","follow":"follow","max-snippet":"max-snippet:-1","max-image-preview":"max-image-preview:large","max-video-preview":"max-video-preview:-1"},"canonical":"https:\/\/cusointernational.org\/fr\/recit\/partager-ses-competences-grace-au-volontariat-en-rdc\/","og_locale":"fr_FR","og_type":"article","og_title":"Partager ses comp\u00e9tences gr\u00e2ce au volontariat en RDC - Cuso International","og_description":"Partager ses comp\u00e9tences gr\u00e2ce au volontariat en RDC Avant de rejoindre Cuso International, Noella Kizubanata Bangula travaillait comme jeune reporter pour l&#8217;UNICEF, o\u00f9 elle s&#8217;occupait principalement de soutenir les clubs de jeunes filles en R\u00e9publique d\u00e9mocratique du Congo, principalement dans le domaine de la sensibilisation \u00e0 l&#8217;hygi\u00e8ne menstruelle. &#8221; J&#8217;ai r\u00e9alis\u00e9 \u00e0 quel point cette&hellip;","og_url":"https:\/\/cusointernational.org\/fr\/recit\/partager-ses-competences-grace-au-volontariat-en-rdc\/","og_site_name":"Cuso International","article_modified_time":"2025-12-19T12:36:16+00:00","og_image":[{"width":2560,"height":1706,"url":"https:\/\/cusointernational.org\/wp-content\/uploads\/DAP_7166-scaled.jpg","type":"image\/jpeg"}],"twitter_card":"summary_large_image","twitter_misc":{"Dur\u00e9e de lecture estim\u00e9e":"2 minutes"},"schema":{"@context":"https:\/\/schema.org","@graph":[{"@type":"WebPage","@id":"https:\/\/cusointernational.org\/fr\/recit\/partager-ses-competences-grace-au-volontariat-en-rdc\/","url":"https:\/\/cusointernational.org\/fr\/recit\/partager-ses-competences-grace-au-volontariat-en-rdc\/","name":"Partager ses comp\u00e9tences gr\u00e2ce au volontariat en RDC - Cuso International","isPartOf":{"@id":"https:\/\/cusointernational.org\/fr\/#website"},"primaryImageOfPage":{"@id":"https:\/\/cusointernational.org\/fr\/recit\/partager-ses-competences-grace-au-volontariat-en-rdc\/#primaryimage"},"image":{"@id":"https:\/\/cusointernational.org\/fr\/recit\/partager-ses-competences-grace-au-volontariat-en-rdc\/#primaryimage"},"thumbnailUrl":"https:\/\/cusointernational.org\/wp-content\/uploads\/DAP_7166-scaled.jpg","datePublished":"2025-12-18T10:20:17+00:00","dateModified":"2025-12-19T12:36:16+00:00","breadcrumb":{"@id":"https:\/\/cusointernational.org\/fr\/recit\/partager-ses-competences-grace-au-volontariat-en-rdc\/#breadcrumb"},"inLanguage":"fr-FR","potentialAction":[{"@type":"ReadAction","target":["https:\/\/cusointernational.org\/fr\/recit\/partager-ses-competences-grace-au-volontariat-en-rdc\/"]}]},{"@type":"ImageObject","inLanguage":"fr-FR","@id":"https:\/\/cusointernational.org\/fr\/recit\/partager-ses-competences-grace-au-volontariat-en-rdc\/#primaryimage","url":"https:\/\/cusointernational.org\/wp-content\/uploads\/DAP_7166-scaled.jpg","contentUrl":"https:\/\/cusointernational.org\/wp-content\/uploads\/DAP_7166-scaled.jpg","width":2560,"height":1706},{"@type":"BreadcrumbList","@id":"https:\/\/cusointernational.org\/fr\/recit\/partager-ses-competences-grace-au-volontariat-en-rdc\/#breadcrumb","itemListElement":[{"@type":"ListItem","position":1,"name":"Home","item":"https:\/\/cusointernational.org\/fr\/"},{"@type":"ListItem","position":2,"name":"Partager ses comp\u00e9tences gr\u00e2ce au volontariat en RDC"}]},{"@type":"WebSite","@id":"https:\/\/cusointernational.org\/fr\/#website","url":"https:\/\/cusointernational.org\/fr\/","name":"Cuso International","description":"Connecting communities around the world with skilled Canadians to help end poverty","potentialAction":[{"@type":"SearchAction","target":{"@type":"EntryPoint","urlTemplate":"https:\/\/cusointernational.org\/fr\/?s={search_term_string}"},"query-input":{"@type":"PropertyValueSpecification","valueRequired":true,"valueName":"search_term_string"}}],"inLanguage":"fr-FR"}]}},"_links":{"self":[{"href":"https:\/\/cusointernational.org\/fr\/wp-json\/wp\/v2\/stories\/50732","targetHints":{"allow":["GET"]}}],"collection":[{"href":"https:\/\/cusointernational.org\/fr\/wp-json\/wp\/v2\/stories"}],"about":[{"href":"https:\/\/cusointernational.org\/fr\/wp-json\/wp\/v2\/types\/stories"}],"wp:featuredmedia":[{"embeddable":true,"href":"https:\/\/cusointernational.org\/fr\/wp-json\/wp\/v2\/media\/50731"}],"wp:attachment":[{"href":"https:\/\/cusointernational.org\/fr\/wp-json\/wp\/v2\/media?parent=50732"}],"wp:term":[{"taxonomy":"country","embeddable":true,"href":"https:\/\/cusointernational.org\/fr\/wp-json\/wp\/v2\/country?post=50732"},{"taxonomy":"post_theme","embeddable":true,"href":"https:\/\/cusointernational.org\/fr\/wp-json\/wp\/v2\/post_theme?post=50732"}],"curies":[{"name":"wp","href":"https:\/\/api.w.org\/{rel}","templated":true}]}}