{"id":49967,"date":"2025-10-06T10:41:17","date_gmt":"2025-10-06T14:41:17","guid":{"rendered":"https:\/\/cusointernational.org\/?post_type=stories&#038;p=49967"},"modified":"2025-10-06T10:48:13","modified_gmt":"2025-10-06T14:48:13","slug":"lautonomie-des-femmes-un-gain-pour-tous","status":"publish","type":"stories","link":"https:\/\/cusointernational.org\/fr\/recit\/lautonomie-des-femmes-un-gain-pour-tous\/","title":{"rendered":"L\u2019autonomie des femmes, un gain pour tous"},"content":{"rendered":"<p>Depuis 2017, le conflit arm\u00e9 entre les Forces arm\u00e9es camerounaises et les groupes s\u00e9paratistes arm\u00e9s, connu sous le nom de guerre de l\u2019Ambazonie ou de guerre civile du Cameroun, frappe durement la r\u00e9gion anglophone du pays.<\/p>\n<p>La violence persistante a eu des cons\u00e9quences catastrophiques sur la population civile. Beaucoup vivent dans la peur et l\u2019incertitude ; pr\u00e8s d\u2019un demi-million de personnes ont \u00e9t\u00e9 d\u00e9plac\u00e9es ou contraintes de migrer vers le Nig\u00e9ria voisin, et des milliers de vies ont \u00e9t\u00e9 perdues.<\/p>\n<p>C\u2019est le cas de Theresa, qui a d\u00fb quitter le Cameroun pour s\u2019installer \u00e0 Ogoja \u00e0 cause de la crise.<\/p>\n<p>\u00ab Avoir de l\u2019argent dans mes poches signifierait prendre mes propres d\u00e9cisions et ne pas \u00eatre vuln\u00e9rable \u00bb, dit-elle.<\/p>\n<p>Mais \u00e0 son arriv\u00e9e au Nig\u00e9ria avec ses six enfants, les difficult\u00e9s ont persist\u00e9. Theresa s\u2019inqui\u00e9tait de leur s\u00e9curit\u00e9 et de leur bien-\u00eatre, surtout en l\u2019absence de revenus et de soutien. Pour un m\u00e9nage dirig\u00e9 par une femme, l\u2019acc\u00e8s aux ressources, au d\u00e9veloppement \u00e9conomique et aux biens essentiels semblait hors de port\u00e9e, sans compter le lourd fardeau de l\u2019\u00e9tiquette de \u00ab r\u00e9fugi\u00e9e \u00bb dans un nouveau pays.<\/p>\n<p>\u00ab Il \u00e9tait difficile de vivre au Nig\u00e9ria, m\u00eame si j\u2019avais \u00e9chapp\u00e9 \u00e0 la violence de mon pays d\u2019origine, \u00bb raconte Theresa. Abandonn\u00e9e par son mari, elle se demandait comment g\u00e9n\u00e9rer un revenu pour subvenir aux besoins de sa famille. \u00ab L\u2019avenir me semblait sombre. \u00bb<\/p>\n<p>Pourtant, Theresa n\u2019a jamais cess\u00e9 de chercher des moyens d\u2019assurer la subsistance de ses enfants et d\u2019elle-m\u00eame. Elle a explor\u00e9 les initiatives communautaires du camp de r\u00e9fugi\u00e9s et a \u00e9t\u00e9 s\u00e9lectionn\u00e9e pour participer \u00e0 un projet de Cuso International visant \u00e0 offrir \u00e0 15 femmes l\u2019occasion d\u2019acqu\u00e9rir des comp\u00e9tences en culture de champignons.<\/p>\n<p>Financ\u00e9 par Affaires mondiales Canada dans le cadre du projet S<strong>HARE \u2013<\/strong> <strong>Partage d\u2019expertise canadienne pour un d\u00e9veloppement inclusif et l\u2019\u00e9galit\u00e9 des genres de Cuso<\/strong>, et mis en \u0153uvre en partenariat avec la Fondation Atem, ce projet offre formation et ressources aux femmes marginalis\u00e9es des communaut\u00e9s rurales. L\u2019initiative facilite l\u2019acc\u00e8s aux march\u00e9s, promeut la durabilit\u00e9 environnementale et permet aux femmes de gagner en autonomie \u00e9conomique.<\/p>\n<p>Pour Theresa, cette occasion repr\u00e9sente une bouff\u00e9e d\u2019enthousiasme, de passion et de d\u00e9termination. Elle y voit un soutien concret qui l\u2019aide \u00e0 sortir du d\u00e9couragement et de la d\u00e9pendance. Ce projet ouvre la voie vers un avenir meilleur et plus prometteur pour elle et ses enfants.<\/p>\n<p>Comme il s\u2019agit de sa toute premi\u00e8re entreprise, Theresa continuera de b\u00e9n\u00e9ficier d\u2019un accompagnement en d\u00e9veloppement des affaires afin de soutenir la croissance et la p\u00e9rennit\u00e9 de son projet.<\/p>\n","protected":false},"featured_media":49965,"template":"","country":[],"post_theme":[208,206,196,219],"class_list":["post-49967","stories","type-stories","status-publish","has-post-thumbnail","hentry","post_theme-womens-rights-fr","post_theme-education-fr","post_theme-gender-equality-fr","post_theme-economic-opportunities-fr"],"acf":[],"yoast_head":"<!-- This site is optimized with the Yoast SEO plugin v27.5 - https:\/\/yoast.com\/product\/yoast-seo-wordpress\/ -->\n<title>L\u2019autonomie des femmes, un gain pour tous - Cuso International<\/title>\n<meta name=\"robots\" content=\"index, follow, max-snippet:-1, max-image-preview:large, max-video-preview:-1\" \/>\n<link rel=\"canonical\" href=\"https:\/\/cusointernational.org\/fr\/recit\/lautonomie-des-femmes-un-gain-pour-tous\/\" \/>\n<meta property=\"og:locale\" content=\"fr_FR\" \/>\n<meta property=\"og:type\" content=\"article\" \/>\n<meta property=\"og:title\" content=\"L\u2019autonomie des femmes, un gain pour tous - Cuso International\" \/>\n<meta property=\"og:description\" content=\"Depuis 2017, le conflit arm\u00e9 entre les Forces arm\u00e9es camerounaises et les groupes s\u00e9paratistes arm\u00e9s, connu sous le nom de guerre de l\u2019Ambazonie ou de guerre civile du Cameroun, frappe durement la r\u00e9gion anglophone du pays. La violence persistante a eu des cons\u00e9quences catastrophiques sur la population civile. Beaucoup vivent dans la peur et l\u2019incertitude&hellip;\" \/>\n<meta property=\"og:url\" content=\"https:\/\/cusointernational.org\/fr\/recit\/lautonomie-des-femmes-un-gain-pour-tous\/\" \/>\n<meta property=\"og:site_name\" content=\"Cuso International\" \/>\n<meta property=\"article:modified_time\" content=\"2025-10-06T14:48:13+00:00\" \/>\n<meta property=\"og:image\" content=\"https:\/\/cusointernational.org\/wp-content\/uploads\/Nigeria-stories-of-change.jpg\" \/>\n\t<meta property=\"og:image:width\" content=\"437\" \/>\n\t<meta property=\"og:image:height\" content=\"659\" \/>\n\t<meta property=\"og:image:type\" content=\"image\/jpeg\" \/>\n<meta name=\"twitter:card\" content=\"summary_large_image\" \/>\n<meta name=\"twitter:label1\" content=\"Dur\u00e9e de lecture estim\u00e9e\" \/>\n\t<meta name=\"twitter:data1\" content=\"3 minutes\" \/>\n<script type=\"application\/ld+json\" class=\"yoast-schema-graph\">{\"@context\":\"https:\\\/\\\/schema.org\",\"@graph\":[{\"@type\":\"WebPage\",\"@id\":\"https:\\\/\\\/cusointernational.org\\\/fr\\\/recit\\\/lautonomie-des-femmes-un-gain-pour-tous\\\/\",\"url\":\"https:\\\/\\\/cusointernational.org\\\/fr\\\/recit\\\/lautonomie-des-femmes-un-gain-pour-tous\\\/\",\"name\":\"L\u2019autonomie des femmes, un gain pour tous - Cuso International\",\"isPartOf\":{\"@id\":\"https:\\\/\\\/cusointernational.org\\\/fr\\\/#website\"},\"primaryImageOfPage\":{\"@id\":\"https:\\\/\\\/cusointernational.org\\\/fr\\\/recit\\\/lautonomie-des-femmes-un-gain-pour-tous\\\/#primaryimage\"},\"image\":{\"@id\":\"https:\\\/\\\/cusointernational.org\\\/fr\\\/recit\\\/lautonomie-des-femmes-un-gain-pour-tous\\\/#primaryimage\"},\"thumbnailUrl\":\"https:\\\/\\\/cusointernational.org\\\/wp-content\\\/uploads\\\/Nigeria-stories-of-change.jpg\",\"datePublished\":\"2025-10-06T14:41:17+00:00\",\"dateModified\":\"2025-10-06T14:48:13+00:00\",\"breadcrumb\":{\"@id\":\"https:\\\/\\\/cusointernational.org\\\/fr\\\/recit\\\/lautonomie-des-femmes-un-gain-pour-tous\\\/#breadcrumb\"},\"inLanguage\":\"fr-FR\",\"potentialAction\":[{\"@type\":\"ReadAction\",\"target\":[\"https:\\\/\\\/cusointernational.org\\\/fr\\\/recit\\\/lautonomie-des-femmes-un-gain-pour-tous\\\/\"]}]},{\"@type\":\"ImageObject\",\"inLanguage\":\"fr-FR\",\"@id\":\"https:\\\/\\\/cusointernational.org\\\/fr\\\/recit\\\/lautonomie-des-femmes-un-gain-pour-tous\\\/#primaryimage\",\"url\":\"https:\\\/\\\/cusointernational.org\\\/wp-content\\\/uploads\\\/Nigeria-stories-of-change.jpg\",\"contentUrl\":\"https:\\\/\\\/cusointernational.org\\\/wp-content\\\/uploads\\\/Nigeria-stories-of-change.jpg\",\"width\":437,\"height\":659},{\"@type\":\"BreadcrumbList\",\"@id\":\"https:\\\/\\\/cusointernational.org\\\/fr\\\/recit\\\/lautonomie-des-femmes-un-gain-pour-tous\\\/#breadcrumb\",\"itemListElement\":[{\"@type\":\"ListItem\",\"position\":1,\"name\":\"Home\",\"item\":\"https:\\\/\\\/cusointernational.org\\\/fr\\\/\"},{\"@type\":\"ListItem\",\"position\":2,\"name\":\"L\u2019autonomie des femmes, un gain pour tous\"}]},{\"@type\":\"WebSite\",\"@id\":\"https:\\\/\\\/cusointernational.org\\\/fr\\\/#website\",\"url\":\"https:\\\/\\\/cusointernational.org\\\/fr\\\/\",\"name\":\"Cuso International\",\"description\":\"Connecting communities around the world with skilled Canadians to help end poverty\",\"potentialAction\":[{\"@type\":\"SearchAction\",\"target\":{\"@type\":\"EntryPoint\",\"urlTemplate\":\"https:\\\/\\\/cusointernational.org\\\/fr\\\/?s={search_term_string}\"},\"query-input\":{\"@type\":\"PropertyValueSpecification\",\"valueRequired\":true,\"valueName\":\"search_term_string\"}}],\"inLanguage\":\"fr-FR\"}]}<\/script>\n<!-- \/ Yoast SEO plugin. -->","yoast_head_json":{"title":"L\u2019autonomie des femmes, un gain pour tous - Cuso International","robots":{"index":"index","follow":"follow","max-snippet":"max-snippet:-1","max-image-preview":"max-image-preview:large","max-video-preview":"max-video-preview:-1"},"canonical":"https:\/\/cusointernational.org\/fr\/recit\/lautonomie-des-femmes-un-gain-pour-tous\/","og_locale":"fr_FR","og_type":"article","og_title":"L\u2019autonomie des femmes, un gain pour tous - Cuso International","og_description":"Depuis 2017, le conflit arm\u00e9 entre les Forces arm\u00e9es camerounaises et les groupes s\u00e9paratistes arm\u00e9s, connu sous le nom de guerre de l\u2019Ambazonie ou de guerre civile du Cameroun, frappe durement la r\u00e9gion anglophone du pays. La violence persistante a eu des cons\u00e9quences catastrophiques sur la population civile. Beaucoup vivent dans la peur et l\u2019incertitude&hellip;","og_url":"https:\/\/cusointernational.org\/fr\/recit\/lautonomie-des-femmes-un-gain-pour-tous\/","og_site_name":"Cuso International","article_modified_time":"2025-10-06T14:48:13+00:00","og_image":[{"width":437,"height":659,"url":"https:\/\/cusointernational.org\/wp-content\/uploads\/Nigeria-stories-of-change.jpg","type":"image\/jpeg"}],"twitter_card":"summary_large_image","twitter_misc":{"Dur\u00e9e de lecture estim\u00e9e":"3 minutes"},"schema":{"@context":"https:\/\/schema.org","@graph":[{"@type":"WebPage","@id":"https:\/\/cusointernational.org\/fr\/recit\/lautonomie-des-femmes-un-gain-pour-tous\/","url":"https:\/\/cusointernational.org\/fr\/recit\/lautonomie-des-femmes-un-gain-pour-tous\/","name":"L\u2019autonomie des femmes, un gain pour tous - Cuso International","isPartOf":{"@id":"https:\/\/cusointernational.org\/fr\/#website"},"primaryImageOfPage":{"@id":"https:\/\/cusointernational.org\/fr\/recit\/lautonomie-des-femmes-un-gain-pour-tous\/#primaryimage"},"image":{"@id":"https:\/\/cusointernational.org\/fr\/recit\/lautonomie-des-femmes-un-gain-pour-tous\/#primaryimage"},"thumbnailUrl":"https:\/\/cusointernational.org\/wp-content\/uploads\/Nigeria-stories-of-change.jpg","datePublished":"2025-10-06T14:41:17+00:00","dateModified":"2025-10-06T14:48:13+00:00","breadcrumb":{"@id":"https:\/\/cusointernational.org\/fr\/recit\/lautonomie-des-femmes-un-gain-pour-tous\/#breadcrumb"},"inLanguage":"fr-FR","potentialAction":[{"@type":"ReadAction","target":["https:\/\/cusointernational.org\/fr\/recit\/lautonomie-des-femmes-un-gain-pour-tous\/"]}]},{"@type":"ImageObject","inLanguage":"fr-FR","@id":"https:\/\/cusointernational.org\/fr\/recit\/lautonomie-des-femmes-un-gain-pour-tous\/#primaryimage","url":"https:\/\/cusointernational.org\/wp-content\/uploads\/Nigeria-stories-of-change.jpg","contentUrl":"https:\/\/cusointernational.org\/wp-content\/uploads\/Nigeria-stories-of-change.jpg","width":437,"height":659},{"@type":"BreadcrumbList","@id":"https:\/\/cusointernational.org\/fr\/recit\/lautonomie-des-femmes-un-gain-pour-tous\/#breadcrumb","itemListElement":[{"@type":"ListItem","position":1,"name":"Home","item":"https:\/\/cusointernational.org\/fr\/"},{"@type":"ListItem","position":2,"name":"L\u2019autonomie des femmes, un gain pour tous"}]},{"@type":"WebSite","@id":"https:\/\/cusointernational.org\/fr\/#website","url":"https:\/\/cusointernational.org\/fr\/","name":"Cuso International","description":"Connecting communities around the world with skilled Canadians to help end poverty","potentialAction":[{"@type":"SearchAction","target":{"@type":"EntryPoint","urlTemplate":"https:\/\/cusointernational.org\/fr\/?s={search_term_string}"},"query-input":{"@type":"PropertyValueSpecification","valueRequired":true,"valueName":"search_term_string"}}],"inLanguage":"fr-FR"}]}},"_links":{"self":[{"href":"https:\/\/cusointernational.org\/fr\/wp-json\/wp\/v2\/stories\/49967","targetHints":{"allow":["GET"]}}],"collection":[{"href":"https:\/\/cusointernational.org\/fr\/wp-json\/wp\/v2\/stories"}],"about":[{"href":"https:\/\/cusointernational.org\/fr\/wp-json\/wp\/v2\/types\/stories"}],"wp:featuredmedia":[{"embeddable":true,"href":"https:\/\/cusointernational.org\/fr\/wp-json\/wp\/v2\/media\/49965"}],"wp:attachment":[{"href":"https:\/\/cusointernational.org\/fr\/wp-json\/wp\/v2\/media?parent=49967"}],"wp:term":[{"taxonomy":"country","embeddable":true,"href":"https:\/\/cusointernational.org\/fr\/wp-json\/wp\/v2\/country?post=49967"},{"taxonomy":"post_theme","embeddable":true,"href":"https:\/\/cusointernational.org\/fr\/wp-json\/wp\/v2\/post_theme?post=49967"}],"curies":[{"name":"wp","href":"https:\/\/api.w.org\/{rel}","templated":true}]}}