{"id":49919,"date":"2025-09-12T08:40:24","date_gmt":"2025-09-12T12:40:24","guid":{"rendered":"https:\/\/cusointernational.org\/?post_type=stories&#038;p=49919"},"modified":"2025-09-12T08:46:38","modified_gmt":"2025-09-12T12:46:38","slug":"il-est-temps-davoir-une-conversation-nationale-sur-le-benevolat","status":"publish","type":"stories","link":"https:\/\/cusointernational.org\/fr\/recit\/il-est-temps-davoir-une-conversation-nationale-sur-le-benevolat\/","title":{"rendered":"Il est temps d&#8217;avoir une conversation nationale sur le b\u00e9n\u00e9volat"},"content":{"rendered":"<p>Par Nicolas Moyer<\/p>\n<p>Le Canada est en train de perdre silencieusement la colle qui l&#8217;unissait autrefois : <strong>le travail b\u00e9n\u00e9vole<\/strong>.<\/p>\n<p>Depuis des d\u00e9cennies, notre soci\u00e9t\u00e9 \u2014 et les diff\u00e9rents paliers de gouvernement \u2014 d\u00e9pendent des b\u00e9n\u00e9voles. Des endroits comme les h\u00f4pitaux, les banques alimentaires, les refuges pour sans-abri, les centres communautaires et les programmes qui desservent les jeunes, les a\u00een\u00e9s et les familles ne pourraient pas fonctionner sans eux.<\/p>\n<p>Pourtant, le nombre de b\u00e9n\u00e9voles diminue. Statistique Canada rapporte que seulement 44 % des Canadiens ont fait du b\u00e9n\u00e9volat en 2022, comparativement \u00e0 53 % il y a une d\u00e9cennie. Le nombre d&#8217;heures donn\u00e9es a chut\u00e9 encore plus drastiquement.<\/p>\n<p>Il y a quelques raisons pour ce d\u00e9clin.<\/p>\n<p>Premi\u00e8rement, la g\u00e9n\u00e9ration qui a port\u00e9 le fardeau du b\u00e9n\u00e9volat pendant des d\u00e9cennies vieillit et s&#8217;\u00e9puise. Elle a fait sa part et est pr\u00eate \u00e0 passer le flambeau aux plus jeunes.<\/p>\n<p>Deuxi\u00e8mement, il y a le d\u00e9clin de la religiosit\u00e9. Dites ce que vous voulez sur l&#8217;importance de la religion aujourd&#8217;hui, mais une chose est claire selon les \u00e9tudes : les gens qui fr\u00e9quentent les services religieux donnent plus et font plus de b\u00e9n\u00e9volat que ceux qui ne fr\u00e9quentent pas ces services.<\/p>\n<p>Troisi\u00e8mement, l&#8217;\u00e9volution des valeurs sociales et l&#8217;essor des technologies num\u00e9riques ont encourag\u00e9 des comportements plus individualistes. L&#8217;engagement en ligne remplace souvent les engagements plus profonds, face \u00e0 face, affaiblissant le sens de responsabilit\u00e9 collective qui attirait autrefois les gens vers un travail b\u00e9n\u00e9vole soutenu.<\/p>\n<p>Finalement, la pand\u00e9mie a frapp\u00e9 durement certains groupes sans but lucratif. B\u00e9n\u00e9voles Canada rapporte que 65 % des organismes de bienfaisance canadiens ont fait face \u00e0 une p\u00e9nurie de b\u00e9n\u00e9voles en sortant de la COVID.<\/p>\n<p>Le r\u00e9sultat? Une p\u00e9nurie croissante de b\u00e9n\u00e9voles. Cela se produit au moment m\u00eame o\u00f9 les feux de for\u00eat, les inondations, les pand\u00e9mies, la pauvret\u00e9, la faim, l&#8217;itin\u00e9rance et d&#8217;autres besoins augmentent.<\/p>\n<p>Pour les groupes sans but lucratif et les personnes qui d\u00e9pendent des b\u00e9n\u00e9voles, c&#8217;est une crise qui se profile \u00e0 l&#8217;horizon. Qui va nourrir les affam\u00e9s et loger les sans-abri, et fournir bien d&#8217;autres services importants si la base de b\u00e9n\u00e9voles dispara\u00eet? Que feront les gouvernements des trois paliers quand les organismes de bienfaisance fermeront par manque de b\u00e9n\u00e9voles? Nous devons commencer \u00e0 nous poser ces questions et chercher des r\u00e9ponses maintenant.<\/p>\n<p>Le moment est bien choisi. En 2026, le monde soulignera l&#8217;Ann\u00e9e internationale des b\u00e9n\u00e9voles des Nations Unies. Le Canada a une chance de faire preuve de vrai leadership \u00e0 la maison et \u00e0 l&#8217;\u00e9tranger en promouvant le b\u00e9n\u00e9volat et en investissant dans des programmes et une infrastructure qui donnent aux gens la chance de faire du b\u00e9n\u00e9volat pour faire de leurs communaut\u00e9s de meilleurs endroits o\u00f9 vivre. Et, en m\u00eame temps, travailler avec et servir d&#8217;autres personnes qui ne leur ressemblent pas, des gens \u00e0 l&#8217;ext\u00e9rieur de nos silos habituels qui voient le monde diff\u00e9remment, afin de promouvoir un sentiment plus profond d&#8217;identit\u00e9 canadienne.<\/p>\n<p>Si cela n&#8217;arrive pas, nous risquons non seulement de faire d\u00e9faut aux Canadiens qui d\u00e9pendent des services fournis par des groupes qui soutiennent les b\u00e9n\u00e9voles, mais aussi d&#8217;\u00e9chouer en tant que pays qui croit aux valeurs d&#8217;\u00e9quit\u00e9, de solidarit\u00e9, de communaut\u00e9, d&#8217;\u00e9quit\u00e9 et de durabilit\u00e9. Mais si nous r\u00e9ussissons, nous pouvons b\u00e2tir un nouveau contrat civique \u2014 o\u00f9 le b\u00e9n\u00e9volat n&#8217;est pas une arri\u00e8re-pens\u00e9e, mais l&#8217;\u00e9pine dorsale d&#8217;une soci\u00e9t\u00e9 pr\u00e9par\u00e9e aux d\u00e9fis du si\u00e8cle \u00e0 venir.<\/p>\n<p>Dans son livre Value(s): Building a Better World for All, le premier ministre Mark Carney soutient que les soci\u00e9t\u00e9s modernes ont confondu la valeur marchande avec les valeurs humaines \u2014 ce que co\u00fbtent les choses versus ce qu&#8217;elles valent. Ce d\u00e9s\u00e9quilibre a contribu\u00e9 \u00e0 l&#8217;aggravation des in\u00e9galit\u00e9s, \u00e0 la destruction environnementale, \u00e0 l&#8217;instabilit\u00e9 financi\u00e8re et \u00e0 la polarisation politique.<\/p>\n<p>Pour b\u00e2tir un monde meilleur, dit-il, nous devons nous concentrer sur un nouvel ensemble de valeurs. Une de ces valeurs est le service par le b\u00e9n\u00e9volat. C&#8217;est difficile d&#8217;y mettre un prix, mais nous savons \u00e0 quel point c&#8217;est pr\u00e9cieux \u2014 inestimable. Peut-\u00eatre pouvons-nous tous travailler ensemble en tant que gouvernements et soci\u00e9t\u00e9 civile pour aider le premier ministre \u00e0 r\u00e9aliser sa vision d&#8217;un r\u00e9am\u00e9nagement de nos valeurs en trouvant des fa\u00e7ons de promouvoir et soutenir le b\u00e9n\u00e9volat au Canada.<\/p>\n","protected":false},"featured_media":49916,"template":"","country":[],"post_theme":[],"class_list":["post-49919","stories","type-stories","status-publish","has-post-thumbnail","hentry"],"acf":[],"yoast_head":"<!-- This site is optimized with the Yoast SEO plugin v27.5 - https:\/\/yoast.com\/product\/yoast-seo-wordpress\/ -->\n<title>Il est temps d&#039;avoir une conversation nationale sur le b\u00e9n\u00e9volat - Cuso International<\/title>\n<meta name=\"robots\" content=\"index, follow, max-snippet:-1, max-image-preview:large, max-video-preview:-1\" \/>\n<link rel=\"canonical\" href=\"https:\/\/cusointernational.org\/fr\/recit\/il-est-temps-davoir-une-conversation-nationale-sur-le-benevolat\/\" \/>\n<meta property=\"og:locale\" content=\"fr_FR\" \/>\n<meta property=\"og:type\" content=\"article\" \/>\n<meta property=\"og:title\" content=\"Il est temps d&#039;avoir une conversation nationale sur le b\u00e9n\u00e9volat - Cuso International\" \/>\n<meta property=\"og:description\" content=\"Par Nicolas Moyer Le Canada est en train de perdre silencieusement la colle qui l&#8217;unissait autrefois : le travail b\u00e9n\u00e9vole. Depuis des d\u00e9cennies, notre soci\u00e9t\u00e9 \u2014 et les diff\u00e9rents paliers de gouvernement \u2014 d\u00e9pendent des b\u00e9n\u00e9voles. Des endroits comme les h\u00f4pitaux, les banques alimentaires, les refuges pour sans-abri, les centres communautaires et les programmes qui&hellip;\" \/>\n<meta property=\"og:url\" content=\"https:\/\/cusointernational.org\/fr\/recit\/il-est-temps-davoir-une-conversation-nationale-sur-le-benevolat\/\" \/>\n<meta property=\"og:site_name\" content=\"Cuso International\" \/>\n<meta property=\"article:modified_time\" content=\"2025-09-12T12:46:38+00:00\" \/>\n<meta property=\"og:image\" content=\"https:\/\/cusointernational.org\/wp-content\/uploads\/AGAPE-Knowledge-Open-School-AKOS-program-Tanzania-1.jpg\" \/>\n\t<meta property=\"og:image:width\" content=\"800\" \/>\n\t<meta property=\"og:image:height\" content=\"534\" \/>\n\t<meta property=\"og:image:type\" content=\"image\/jpeg\" \/>\n<meta name=\"twitter:card\" content=\"summary_large_image\" \/>\n<meta name=\"twitter:label1\" content=\"Dur\u00e9e de lecture estim\u00e9e\" \/>\n\t<meta name=\"twitter:data1\" content=\"4 minutes\" \/>\n<script type=\"application\/ld+json\" class=\"yoast-schema-graph\">{\"@context\":\"https:\\\/\\\/schema.org\",\"@graph\":[{\"@type\":\"WebPage\",\"@id\":\"https:\\\/\\\/cusointernational.org\\\/fr\\\/recit\\\/il-est-temps-davoir-une-conversation-nationale-sur-le-benevolat\\\/\",\"url\":\"https:\\\/\\\/cusointernational.org\\\/fr\\\/recit\\\/il-est-temps-davoir-une-conversation-nationale-sur-le-benevolat\\\/\",\"name\":\"Il est temps d'avoir une conversation nationale sur le b\u00e9n\u00e9volat - Cuso International\",\"isPartOf\":{\"@id\":\"https:\\\/\\\/cusointernational.org\\\/fr\\\/#website\"},\"primaryImageOfPage\":{\"@id\":\"https:\\\/\\\/cusointernational.org\\\/fr\\\/recit\\\/il-est-temps-davoir-une-conversation-nationale-sur-le-benevolat\\\/#primaryimage\"},\"image\":{\"@id\":\"https:\\\/\\\/cusointernational.org\\\/fr\\\/recit\\\/il-est-temps-davoir-une-conversation-nationale-sur-le-benevolat\\\/#primaryimage\"},\"thumbnailUrl\":\"https:\\\/\\\/cusointernational.org\\\/wp-content\\\/uploads\\\/AGAPE-Knowledge-Open-School-AKOS-program-Tanzania-1.jpg\",\"datePublished\":\"2025-09-12T12:40:24+00:00\",\"dateModified\":\"2025-09-12T12:46:38+00:00\",\"breadcrumb\":{\"@id\":\"https:\\\/\\\/cusointernational.org\\\/fr\\\/recit\\\/il-est-temps-davoir-une-conversation-nationale-sur-le-benevolat\\\/#breadcrumb\"},\"inLanguage\":\"fr-FR\",\"potentialAction\":[{\"@type\":\"ReadAction\",\"target\":[\"https:\\\/\\\/cusointernational.org\\\/fr\\\/recit\\\/il-est-temps-davoir-une-conversation-nationale-sur-le-benevolat\\\/\"]}]},{\"@type\":\"ImageObject\",\"inLanguage\":\"fr-FR\",\"@id\":\"https:\\\/\\\/cusointernational.org\\\/fr\\\/recit\\\/il-est-temps-davoir-une-conversation-nationale-sur-le-benevolat\\\/#primaryimage\",\"url\":\"https:\\\/\\\/cusointernational.org\\\/wp-content\\\/uploads\\\/AGAPE-Knowledge-Open-School-AKOS-program-Tanzania-1.jpg\",\"contentUrl\":\"https:\\\/\\\/cusointernational.org\\\/wp-content\\\/uploads\\\/AGAPE-Knowledge-Open-School-AKOS-program-Tanzania-1.jpg\",\"width\":800,\"height\":534},{\"@type\":\"BreadcrumbList\",\"@id\":\"https:\\\/\\\/cusointernational.org\\\/fr\\\/recit\\\/il-est-temps-davoir-une-conversation-nationale-sur-le-benevolat\\\/#breadcrumb\",\"itemListElement\":[{\"@type\":\"ListItem\",\"position\":1,\"name\":\"Home\",\"item\":\"https:\\\/\\\/cusointernational.org\\\/fr\\\/\"},{\"@type\":\"ListItem\",\"position\":2,\"name\":\"Il est temps d&#8217;avoir une conversation nationale sur le b\u00e9n\u00e9volat\"}]},{\"@type\":\"WebSite\",\"@id\":\"https:\\\/\\\/cusointernational.org\\\/fr\\\/#website\",\"url\":\"https:\\\/\\\/cusointernational.org\\\/fr\\\/\",\"name\":\"Cuso International\",\"description\":\"Connecting communities around the world with skilled Canadians to help end poverty\",\"potentialAction\":[{\"@type\":\"SearchAction\",\"target\":{\"@type\":\"EntryPoint\",\"urlTemplate\":\"https:\\\/\\\/cusointernational.org\\\/fr\\\/?s={search_term_string}\"},\"query-input\":{\"@type\":\"PropertyValueSpecification\",\"valueRequired\":true,\"valueName\":\"search_term_string\"}}],\"inLanguage\":\"fr-FR\"}]}<\/script>\n<!-- \/ Yoast SEO plugin. -->","yoast_head_json":{"title":"Il est temps d'avoir une conversation nationale sur le b\u00e9n\u00e9volat - Cuso International","robots":{"index":"index","follow":"follow","max-snippet":"max-snippet:-1","max-image-preview":"max-image-preview:large","max-video-preview":"max-video-preview:-1"},"canonical":"https:\/\/cusointernational.org\/fr\/recit\/il-est-temps-davoir-une-conversation-nationale-sur-le-benevolat\/","og_locale":"fr_FR","og_type":"article","og_title":"Il est temps d'avoir une conversation nationale sur le b\u00e9n\u00e9volat - Cuso International","og_description":"Par Nicolas Moyer Le Canada est en train de perdre silencieusement la colle qui l&#8217;unissait autrefois : le travail b\u00e9n\u00e9vole. Depuis des d\u00e9cennies, notre soci\u00e9t\u00e9 \u2014 et les diff\u00e9rents paliers de gouvernement \u2014 d\u00e9pendent des b\u00e9n\u00e9voles. Des endroits comme les h\u00f4pitaux, les banques alimentaires, les refuges pour sans-abri, les centres communautaires et les programmes qui&hellip;","og_url":"https:\/\/cusointernational.org\/fr\/recit\/il-est-temps-davoir-une-conversation-nationale-sur-le-benevolat\/","og_site_name":"Cuso International","article_modified_time":"2025-09-12T12:46:38+00:00","og_image":[{"width":800,"height":534,"url":"https:\/\/cusointernational.org\/wp-content\/uploads\/AGAPE-Knowledge-Open-School-AKOS-program-Tanzania-1.jpg","type":"image\/jpeg"}],"twitter_card":"summary_large_image","twitter_misc":{"Dur\u00e9e de lecture estim\u00e9e":"4 minutes"},"schema":{"@context":"https:\/\/schema.org","@graph":[{"@type":"WebPage","@id":"https:\/\/cusointernational.org\/fr\/recit\/il-est-temps-davoir-une-conversation-nationale-sur-le-benevolat\/","url":"https:\/\/cusointernational.org\/fr\/recit\/il-est-temps-davoir-une-conversation-nationale-sur-le-benevolat\/","name":"Il est temps d'avoir une conversation nationale sur le b\u00e9n\u00e9volat - Cuso International","isPartOf":{"@id":"https:\/\/cusointernational.org\/fr\/#website"},"primaryImageOfPage":{"@id":"https:\/\/cusointernational.org\/fr\/recit\/il-est-temps-davoir-une-conversation-nationale-sur-le-benevolat\/#primaryimage"},"image":{"@id":"https:\/\/cusointernational.org\/fr\/recit\/il-est-temps-davoir-une-conversation-nationale-sur-le-benevolat\/#primaryimage"},"thumbnailUrl":"https:\/\/cusointernational.org\/wp-content\/uploads\/AGAPE-Knowledge-Open-School-AKOS-program-Tanzania-1.jpg","datePublished":"2025-09-12T12:40:24+00:00","dateModified":"2025-09-12T12:46:38+00:00","breadcrumb":{"@id":"https:\/\/cusointernational.org\/fr\/recit\/il-est-temps-davoir-une-conversation-nationale-sur-le-benevolat\/#breadcrumb"},"inLanguage":"fr-FR","potentialAction":[{"@type":"ReadAction","target":["https:\/\/cusointernational.org\/fr\/recit\/il-est-temps-davoir-une-conversation-nationale-sur-le-benevolat\/"]}]},{"@type":"ImageObject","inLanguage":"fr-FR","@id":"https:\/\/cusointernational.org\/fr\/recit\/il-est-temps-davoir-une-conversation-nationale-sur-le-benevolat\/#primaryimage","url":"https:\/\/cusointernational.org\/wp-content\/uploads\/AGAPE-Knowledge-Open-School-AKOS-program-Tanzania-1.jpg","contentUrl":"https:\/\/cusointernational.org\/wp-content\/uploads\/AGAPE-Knowledge-Open-School-AKOS-program-Tanzania-1.jpg","width":800,"height":534},{"@type":"BreadcrumbList","@id":"https:\/\/cusointernational.org\/fr\/recit\/il-est-temps-davoir-une-conversation-nationale-sur-le-benevolat\/#breadcrumb","itemListElement":[{"@type":"ListItem","position":1,"name":"Home","item":"https:\/\/cusointernational.org\/fr\/"},{"@type":"ListItem","position":2,"name":"Il est temps d&#8217;avoir une conversation nationale sur le b\u00e9n\u00e9volat"}]},{"@type":"WebSite","@id":"https:\/\/cusointernational.org\/fr\/#website","url":"https:\/\/cusointernational.org\/fr\/","name":"Cuso International","description":"Connecting communities around the world with skilled Canadians to help end poverty","potentialAction":[{"@type":"SearchAction","target":{"@type":"EntryPoint","urlTemplate":"https:\/\/cusointernational.org\/fr\/?s={search_term_string}"},"query-input":{"@type":"PropertyValueSpecification","valueRequired":true,"valueName":"search_term_string"}}],"inLanguage":"fr-FR"}]}},"_links":{"self":[{"href":"https:\/\/cusointernational.org\/fr\/wp-json\/wp\/v2\/stories\/49919","targetHints":{"allow":["GET"]}}],"collection":[{"href":"https:\/\/cusointernational.org\/fr\/wp-json\/wp\/v2\/stories"}],"about":[{"href":"https:\/\/cusointernational.org\/fr\/wp-json\/wp\/v2\/types\/stories"}],"wp:featuredmedia":[{"embeddable":true,"href":"https:\/\/cusointernational.org\/fr\/wp-json\/wp\/v2\/media\/49916"}],"wp:attachment":[{"href":"https:\/\/cusointernational.org\/fr\/wp-json\/wp\/v2\/media?parent=49919"}],"wp:term":[{"taxonomy":"country","embeddable":true,"href":"https:\/\/cusointernational.org\/fr\/wp-json\/wp\/v2\/country?post=49919"},{"taxonomy":"post_theme","embeddable":true,"href":"https:\/\/cusointernational.org\/fr\/wp-json\/wp\/v2\/post_theme?post=49919"}],"curies":[{"name":"wp","href":"https:\/\/api.w.org\/{rel}","templated":true}]}}