{"id":49555,"date":"2025-07-24T11:59:08","date_gmt":"2025-07-24T15:59:08","guid":{"rendered":"https:\/\/cusointernational.org\/?post_type=stories&#038;p=49555"},"modified":"2025-07-24T12:00:49","modified_gmt":"2025-07-24T16:00:49","slug":"04-juillet-visite-de-la-suede-a-lubumbashi","status":"publish","type":"stories","link":"https:\/\/cusointernational.org\/fr\/recit\/04-juillet-visite-de-la-suede-a-lubumbashi\/","title":{"rendered":"04 Juillet: Visite de la su\u00e8de \u00e0 Lubumbashi"},"content":{"rendered":"<p>Le 4 juillet, Lubumbashi a eu l&#8217;honneur d&#8217;accueillir une d\u00e9l\u00e9gation su\u00e9doise dans le cadre du projet Talents Pluriels, visant \u00e0 explorer les actions et l&#8217;impact de notre initiative. Conduite par Madame Charlotte Mukadi, responsable du programme entrepreneuriat, et Joelle Riziki, responsable du programme d\u00e9mocratie et paix \u00e0 l&#8217;ambassade de Su\u00e8de, la d\u00e9l\u00e9gation a \u00e9t\u00e9 accueillie par Richine Masengo, Repr\u00e9sentante Pays de Cuso International en RDC.<\/p>\n<p>Lors de cette visite, ils ont eu l&#8217;opportunit\u00e9 de rencontrer des b\u00e9n\u00e9ficiaires et des partenaires, y compris Elcana Kabongo, un jeune laur\u00e9at du projet, qui a r\u00e9cemment remport\u00e9 un prix pour ses innovations avec son entreprise semi-industrielle &#8220;ELFAMILY&#8221;, sp\u00e9cialis\u00e9e dans les produits de nettoyage. La rencontre avec nos partenaires de &#8220;World Production&#8221; a \u00e9galement permis aux visiteurs su\u00e9dois de d\u00e9couvrir le soutien psychosocial et l&#8217;accompagnement en sant\u00e9 sexuelle et reproductive offerts de mani\u00e8re inclusive aux jeunes participants du projet.<\/p>\n<p><img loading=\"lazy\" decoding=\"async\" class=\"alignnone size-medium wp-image-49556\" src=\"https:\/\/cusointernational.org\/wp-content\/uploads\/04-Juillet-Visite-de-la-suede-a-Lubumbashi-images-800x670.jpg\" alt=\"\" width=\"800\" height=\"670\" srcset=\"https:\/\/cusointernational.org\/wp-content\/uploads\/04-Juillet-Visite-de-la-suede-a-Lubumbashi-images-800x670.jpg 800w, https:\/\/cusointernational.org\/wp-content\/uploads\/04-Juillet-Visite-de-la-suede-a-Lubumbashi-images-768x643.jpg 768w, https:\/\/cusointernational.org\/wp-content\/uploads\/04-Juillet-Visite-de-la-suede-a-Lubumbashi-images.jpg 1004w\" sizes=\"auto, (max-width: 800px) 100vw, 800px\" \/><\/p>\n","protected":false},"featured_media":49540,"template":"","country":[221],"post_theme":[208,217],"class_list":["post-49555","stories","type-stories","status-publish","has-post-thumbnail","hentry","country-democratic-republic-of-congo-fr","post_theme-womens-rights-fr","post_theme-health-fr"],"acf":[],"yoast_head":"<!-- This site is optimized with the Yoast SEO plugin v27.5 - https:\/\/yoast.com\/product\/yoast-seo-wordpress\/ -->\n<title>04 Juillet: Visite de la su\u00e8de \u00e0 Lubumbashi - Cuso International<\/title>\n<meta name=\"description\" content=\"Accompagnement en sant\u00e9 sexuelle et reproductive offerts de mani\u00e8re inclusive aux jeunes participants du projet\" \/>\n<meta name=\"robots\" content=\"index, follow, max-snippet:-1, max-image-preview:large, max-video-preview:-1\" \/>\n<link rel=\"canonical\" href=\"https:\/\/cusointernational.org\/fr\/recit\/04-juillet-visite-de-la-suede-a-lubumbashi\/\" \/>\n<meta property=\"og:locale\" content=\"fr_FR\" \/>\n<meta property=\"og:type\" content=\"article\" \/>\n<meta property=\"og:title\" content=\"04 Juillet: Visite de la su\u00e8de \u00e0 Lubumbashi - Cuso International\" \/>\n<meta property=\"og:description\" content=\"Accompagnement en sant\u00e9 sexuelle et reproductive offerts de mani\u00e8re inclusive aux jeunes participants du projet\" \/>\n<meta property=\"og:url\" content=\"https:\/\/cusointernational.org\/fr\/recit\/04-juillet-visite-de-la-suede-a-lubumbashi\/\" \/>\n<meta property=\"og:site_name\" content=\"Cuso International\" \/>\n<meta property=\"article:modified_time\" content=\"2025-07-24T16:00:49+00:00\" \/>\n<meta property=\"og:image\" content=\"https:\/\/cusointernational.org\/wp-content\/uploads\/04-Juillet-Visite-de-la-suede-a-Lubumbashi.jpg\" \/>\n\t<meta property=\"og:image:width\" content=\"2560\" \/>\n\t<meta property=\"og:image:height\" content=\"1707\" \/>\n\t<meta property=\"og:image:type\" content=\"image\/jpeg\" \/>\n<meta name=\"twitter:card\" content=\"summary_large_image\" \/>\n<meta name=\"twitter:label1\" content=\"Dur\u00e9e de lecture estim\u00e9e\" \/>\n\t<meta name=\"twitter:data1\" content=\"2 minutes\" \/>\n<script type=\"application\/ld+json\" class=\"yoast-schema-graph\">{\"@context\":\"https:\\\/\\\/schema.org\",\"@graph\":[{\"@type\":\"WebPage\",\"@id\":\"https:\\\/\\\/cusointernational.org\\\/fr\\\/recit\\\/04-juillet-visite-de-la-suede-a-lubumbashi\\\/\",\"url\":\"https:\\\/\\\/cusointernational.org\\\/fr\\\/recit\\\/04-juillet-visite-de-la-suede-a-lubumbashi\\\/\",\"name\":\"04 Juillet: Visite de la su\u00e8de \u00e0 Lubumbashi - Cuso International\",\"isPartOf\":{\"@id\":\"https:\\\/\\\/cusointernational.org\\\/fr\\\/#website\"},\"primaryImageOfPage\":{\"@id\":\"https:\\\/\\\/cusointernational.org\\\/fr\\\/recit\\\/04-juillet-visite-de-la-suede-a-lubumbashi\\\/#primaryimage\"},\"image\":{\"@id\":\"https:\\\/\\\/cusointernational.org\\\/fr\\\/recit\\\/04-juillet-visite-de-la-suede-a-lubumbashi\\\/#primaryimage\"},\"thumbnailUrl\":\"https:\\\/\\\/cusointernational.org\\\/wp-content\\\/uploads\\\/04-Juillet-Visite-de-la-suede-a-Lubumbashi.jpg\",\"datePublished\":\"2025-07-24T15:59:08+00:00\",\"dateModified\":\"2025-07-24T16:00:49+00:00\",\"description\":\"Accompagnement en sant\u00e9 sexuelle et reproductive offerts de mani\u00e8re inclusive aux jeunes participants du projet\",\"breadcrumb\":{\"@id\":\"https:\\\/\\\/cusointernational.org\\\/fr\\\/recit\\\/04-juillet-visite-de-la-suede-a-lubumbashi\\\/#breadcrumb\"},\"inLanguage\":\"fr-FR\",\"potentialAction\":[{\"@type\":\"ReadAction\",\"target\":[\"https:\\\/\\\/cusointernational.org\\\/fr\\\/recit\\\/04-juillet-visite-de-la-suede-a-lubumbashi\\\/\"]}]},{\"@type\":\"ImageObject\",\"inLanguage\":\"fr-FR\",\"@id\":\"https:\\\/\\\/cusointernational.org\\\/fr\\\/recit\\\/04-juillet-visite-de-la-suede-a-lubumbashi\\\/#primaryimage\",\"url\":\"https:\\\/\\\/cusointernational.org\\\/wp-content\\\/uploads\\\/04-Juillet-Visite-de-la-suede-a-Lubumbashi.jpg\",\"contentUrl\":\"https:\\\/\\\/cusointernational.org\\\/wp-content\\\/uploads\\\/04-Juillet-Visite-de-la-suede-a-Lubumbashi.jpg\",\"width\":2560,\"height\":1707},{\"@type\":\"BreadcrumbList\",\"@id\":\"https:\\\/\\\/cusointernational.org\\\/fr\\\/recit\\\/04-juillet-visite-de-la-suede-a-lubumbashi\\\/#breadcrumb\",\"itemListElement\":[{\"@type\":\"ListItem\",\"position\":1,\"name\":\"Home\",\"item\":\"https:\\\/\\\/cusointernational.org\\\/fr\\\/\"},{\"@type\":\"ListItem\",\"position\":2,\"name\":\"04 Juillet: Visite de la su\u00e8de \u00e0 Lubumbashi\"}]},{\"@type\":\"WebSite\",\"@id\":\"https:\\\/\\\/cusointernational.org\\\/fr\\\/#website\",\"url\":\"https:\\\/\\\/cusointernational.org\\\/fr\\\/\",\"name\":\"Cuso International\",\"description\":\"Connecting communities around the world with skilled Canadians to help end poverty\",\"potentialAction\":[{\"@type\":\"SearchAction\",\"target\":{\"@type\":\"EntryPoint\",\"urlTemplate\":\"https:\\\/\\\/cusointernational.org\\\/fr\\\/?s={search_term_string}\"},\"query-input\":{\"@type\":\"PropertyValueSpecification\",\"valueRequired\":true,\"valueName\":\"search_term_string\"}}],\"inLanguage\":\"fr-FR\"}]}<\/script>\n<!-- \/ Yoast SEO plugin. -->","yoast_head_json":{"title":"04 Juillet: Visite de la su\u00e8de \u00e0 Lubumbashi - Cuso International","description":"Accompagnement en sant\u00e9 sexuelle et reproductive offerts de mani\u00e8re inclusive aux jeunes participants du projet","robots":{"index":"index","follow":"follow","max-snippet":"max-snippet:-1","max-image-preview":"max-image-preview:large","max-video-preview":"max-video-preview:-1"},"canonical":"https:\/\/cusointernational.org\/fr\/recit\/04-juillet-visite-de-la-suede-a-lubumbashi\/","og_locale":"fr_FR","og_type":"article","og_title":"04 Juillet: Visite de la su\u00e8de \u00e0 Lubumbashi - Cuso International","og_description":"Accompagnement en sant\u00e9 sexuelle et reproductive offerts de mani\u00e8re inclusive aux jeunes participants du projet","og_url":"https:\/\/cusointernational.org\/fr\/recit\/04-juillet-visite-de-la-suede-a-lubumbashi\/","og_site_name":"Cuso International","article_modified_time":"2025-07-24T16:00:49+00:00","og_image":[{"width":2560,"height":1707,"url":"https:\/\/cusointernational.org\/wp-content\/uploads\/04-Juillet-Visite-de-la-suede-a-Lubumbashi.jpg","type":"image\/jpeg"}],"twitter_card":"summary_large_image","twitter_misc":{"Dur\u00e9e de lecture estim\u00e9e":"2 minutes"},"schema":{"@context":"https:\/\/schema.org","@graph":[{"@type":"WebPage","@id":"https:\/\/cusointernational.org\/fr\/recit\/04-juillet-visite-de-la-suede-a-lubumbashi\/","url":"https:\/\/cusointernational.org\/fr\/recit\/04-juillet-visite-de-la-suede-a-lubumbashi\/","name":"04 Juillet: Visite de la su\u00e8de \u00e0 Lubumbashi - Cuso International","isPartOf":{"@id":"https:\/\/cusointernational.org\/fr\/#website"},"primaryImageOfPage":{"@id":"https:\/\/cusointernational.org\/fr\/recit\/04-juillet-visite-de-la-suede-a-lubumbashi\/#primaryimage"},"image":{"@id":"https:\/\/cusointernational.org\/fr\/recit\/04-juillet-visite-de-la-suede-a-lubumbashi\/#primaryimage"},"thumbnailUrl":"https:\/\/cusointernational.org\/wp-content\/uploads\/04-Juillet-Visite-de-la-suede-a-Lubumbashi.jpg","datePublished":"2025-07-24T15:59:08+00:00","dateModified":"2025-07-24T16:00:49+00:00","description":"Accompagnement en sant\u00e9 sexuelle et reproductive offerts de mani\u00e8re inclusive aux jeunes participants du projet","breadcrumb":{"@id":"https:\/\/cusointernational.org\/fr\/recit\/04-juillet-visite-de-la-suede-a-lubumbashi\/#breadcrumb"},"inLanguage":"fr-FR","potentialAction":[{"@type":"ReadAction","target":["https:\/\/cusointernational.org\/fr\/recit\/04-juillet-visite-de-la-suede-a-lubumbashi\/"]}]},{"@type":"ImageObject","inLanguage":"fr-FR","@id":"https:\/\/cusointernational.org\/fr\/recit\/04-juillet-visite-de-la-suede-a-lubumbashi\/#primaryimage","url":"https:\/\/cusointernational.org\/wp-content\/uploads\/04-Juillet-Visite-de-la-suede-a-Lubumbashi.jpg","contentUrl":"https:\/\/cusointernational.org\/wp-content\/uploads\/04-Juillet-Visite-de-la-suede-a-Lubumbashi.jpg","width":2560,"height":1707},{"@type":"BreadcrumbList","@id":"https:\/\/cusointernational.org\/fr\/recit\/04-juillet-visite-de-la-suede-a-lubumbashi\/#breadcrumb","itemListElement":[{"@type":"ListItem","position":1,"name":"Home","item":"https:\/\/cusointernational.org\/fr\/"},{"@type":"ListItem","position":2,"name":"04 Juillet: Visite de la su\u00e8de \u00e0 Lubumbashi"}]},{"@type":"WebSite","@id":"https:\/\/cusointernational.org\/fr\/#website","url":"https:\/\/cusointernational.org\/fr\/","name":"Cuso International","description":"Connecting communities around the world with skilled Canadians to help end poverty","potentialAction":[{"@type":"SearchAction","target":{"@type":"EntryPoint","urlTemplate":"https:\/\/cusointernational.org\/fr\/?s={search_term_string}"},"query-input":{"@type":"PropertyValueSpecification","valueRequired":true,"valueName":"search_term_string"}}],"inLanguage":"fr-FR"}]}},"_links":{"self":[{"href":"https:\/\/cusointernational.org\/fr\/wp-json\/wp\/v2\/stories\/49555","targetHints":{"allow":["GET"]}}],"collection":[{"href":"https:\/\/cusointernational.org\/fr\/wp-json\/wp\/v2\/stories"}],"about":[{"href":"https:\/\/cusointernational.org\/fr\/wp-json\/wp\/v2\/types\/stories"}],"wp:featuredmedia":[{"embeddable":true,"href":"https:\/\/cusointernational.org\/fr\/wp-json\/wp\/v2\/media\/49540"}],"wp:attachment":[{"href":"https:\/\/cusointernational.org\/fr\/wp-json\/wp\/v2\/media?parent=49555"}],"wp:term":[{"taxonomy":"country","embeddable":true,"href":"https:\/\/cusointernational.org\/fr\/wp-json\/wp\/v2\/country?post=49555"},{"taxonomy":"post_theme","embeddable":true,"href":"https:\/\/cusointernational.org\/fr\/wp-json\/wp\/v2\/post_theme?post=49555"}],"curies":[{"name":"wp","href":"https:\/\/api.w.org\/{rel}","templated":true}]}}