{"id":48420,"date":"2025-01-23T13:52:07","date_gmt":"2025-01-23T18:52:07","guid":{"rendered":"https:\/\/cusointernational.org\/?post_type=stories&#038;p=48420"},"modified":"2025-01-23T13:52:31","modified_gmt":"2025-01-23T18:52:31","slug":"un-projet-visant-a-renforcer-les-connaissances-agricoles-la-securite-alimentaire-et-le-developpement-durable-prend-fin-au-perou","status":"publish","type":"stories","link":"https:\/\/cusointernational.org\/fr\/recit\/un-projet-visant-a-renforcer-les-connaissances-agricoles-la-securite-alimentaire-et-le-developpement-durable-prend-fin-au-perou\/","title":{"rendered":"Un projet visant \u00e0 renforcer les connaissances agricoles, la s\u00e9curit\u00e9 alimentaire et le d\u00e9veloppement durable prend fin au P\u00e9rou"},"content":{"rendered":"<p>Apr\u00e8s deux ann\u00e9es de travail pour am\u00e9liorer la s\u00e9curit\u00e9 alimentaire et environnementale de milliers de personnes vuln\u00e9rables \u00e0 Lima et dans ses environs, le projet MUSA <em>(Mujeres Unidas por la Seguridad Alimentaria y Ambiental<\/em>\/Les Femmes Unies pour la S\u00e9curit\u00e9 Alimentaire et Environnementale) tire \u00e0 sa fin.<\/p>\n<p>Pendant les confinements li\u00e9s \u00e0 la pand\u00e9mie de COVID-19, de nombreuses personnes au P\u00e9rou se sont retrouv\u00e9es sans revenu et incapables de subvenir aux besoins de leur famille. C\u2019est dans ce contexte que des femmes de diverses communaut\u00e9s de Lima ont pris l\u2019initiative d\u2019organiser des cuisines collectives afin de garantir qu\u2019au moins un repas d\u00e9cent par jour soit servi aux familles.<\/p>\n<p>En 2022, le P\u00e9rou a travers\u00e9 une crise politique et alimentaire aux effets d\u00e9vastateurs. La fluctuation des prix des denr\u00e9es alimentaires, combin\u00e9e au m\u00e9contentement politique, a engendr\u00e9 un climat d\u2019ins\u00e9curit\u00e9. Dans les zones rurales de Lima, l\u2019acc\u00e8s aux fruits et l\u00e9gumes frais est devenu difficile en raison des inondations et des p\u00e9nuries d\u2019eau.<\/p>\n<p>Pour r\u00e9pondre \u00e0 ces d\u00e9fis, Cuso International a collabor\u00e9 avec plusieurs partenaires locaux, dont <a href=\"https:\/\/www.cenca.org.pe\/\">CENCA<\/a>, <a href=\"https:\/\/www.facebook.com\/INGEC.PE\/\">INGEC<\/a>, <a href=\"https:\/\/mocicc.org\/\">MOCICC<\/a>, <a href=\"https:\/\/www.lamolina.edu.pe\/\">UNALM<\/a>, <a href=\"https:\/\/nubes.pe\/proyectos\/\">Nubes<\/a>, <a href=\"https:\/\/raeperu.org\/quienes-somos\/\">RAE Peru<\/a> et Slow Food Peru. Le projet MUSA a r\u00e9uni des femmes leaders et form\u00e9 des agricultrices urbaines, leur permettant de transmettre leurs connaissances agricoles pratiques pour am\u00e9liorer la production alimentaire dans leurs jardins urbains.<\/p>\n<p>Voici quelques-unes des nombreuses r\u00e9alisations du projet :<\/p>\n<ul>\n<li>320 femmes issues de cuisines collectives form\u00e9es \u00e0 la mise en \u0153uvre de jardins urbains<\/li>\n<li>4 500 familles b\u00e9n\u00e9ficiant de l\u00e9gumes frais<\/li>\n<li>65 jardins communautaires am\u00e9nag\u00e9s dans 9 districts de Lima m\u00e9tropolitaine et Callao<\/li>\n<li>15 organisations agricoles commercialisent leurs produits<\/li>\n<li>5 r\u00e9unions tenues avec les autorit\u00e9s, les repr\u00e9sentants des cuisines collectives et les agriculteurs urbains<\/li>\n<li>33 femmes, dont des agricultrices et des repr\u00e9sentantes de cuisines collectives, ont particip\u00e9 \u00e0 la rencontre \u201cFemmes et Agro\u00e9cologie\u201d<\/li>\n<\/ul>\n<p>Parmi les b\u00e9n\u00e9ficiaires, Olinda a vu sa vie transform\u00e9e gr\u00e2ce aux formations re\u00e7ues dans le cadre du programme. Avec son mari Jos\u00e9 et leur voisine Betty, Olinda a d\u00e9velopp\u00e9 un jardin communautaire, utilisant des seaux pour arroser les plantes la nuit.<\/p>\n<p>Les connaissances qu\u2019elle a acquises lui ont \u00e9galement permis de renforcer la fondation de sa maison pr\u00e9fabriqu\u00e9e et de contribuer au d\u00e9veloppement de sa communaut\u00e9 en partageant son savoir.<\/p>\n<p>Olinda a eu l\u2019occasion de se rendre \u00e0 Cusco pour participer \u00e0 un stage o\u00f9 elle a appris \u00e0 travailler collectivement pour trouver des solutions durables. Elle y a d\u00e9couvert les techniques de r\u00e9colte des eaux de pluie, un sujet crucial pour Lima, une ville d\u00e9sertique o\u00f9 la raret\u00e9 de l\u2019eau est une r\u00e9alit\u00e9 quotidienne. \u00c0 Cusco, elle a observ\u00e9 comment des bassins d\u2019eau ont \u00e9t\u00e9 cr\u00e9\u00e9s et maintenus pendant plus de 20 ans, une le\u00e7on pr\u00e9cieuse qu\u2019elle a appliqu\u00e9e \u00e0 son propre projet de jardin.<\/p>\n<blockquote><p>\u00ab\u202fJ\u2019ai appris beaucoup de choses, notamment la semence et la r\u00e9colte de l\u2019eau. Aller \u00e0 Cusco a \u00e9t\u00e9 une exp\u00e9rience tr\u00e8s enrichissante, car j\u2019ai d\u00e9couvert des pratiques que je peux appliquer dans les jardins communautaires,\u202f\u00bb a d\u00e9clar\u00e9 Olinda.<\/p><\/blockquote>\n<p>Lola, qui cultive dans le district de Villa El Salvador, se r\u00e9jouit de voir une v\u00e9g\u00e9tation luxuriante remplacer la poussi\u00e8re et la pollution.<\/p>\n<blockquote><p>\u00ab\u202fLes jardins deviennent des espaces verts dans la ville, ce qui manquait cruellement \u00e0 Villa El Salvador,\u202f\u00bb explique-t-elle. \u00ab\u202fMais surtout, le plus important, c\u2019est que nous apprenons \u00e0 produire notre propre nourriture.\u202f\u00bb<\/p><\/blockquote>\n<p>Elle se sent valoris\u00e9e de participer \u00e0 ce projet, consciente de contribuer directement \u00e0 la lutte contre l\u2019ins\u00e9curit\u00e9 alimentaire tout en agissant contre le changement climatique.<\/p>\n<blockquote><p>\u00ab\u202fQuoi de mieux que de cr\u00e9er nos propres jardins et d\u2019apprendre aux autres femmes \u00e0 cultiver l\u2019agriculture familiale?\u202f\u00bb ajoute-t-elle.<\/p><\/blockquote>\n<p>Le projet MUSA fait partie du<a href=\"https:\/\/cusointernational.org\/fr\/partage-du-savoir-faire-canadien-pour-un-developpement-inclusif-et-legalite-entre-les-sexes-programme-share\/\" target=\"_blank\" rel=\"noopener\"> programme <strong>SHARE<\/strong> (Sharing Canadian Expertise for Inclusive Development and Gender Equality) de Cuso International.<\/a> Financ\u00e9 par Affaires mondiales Canada (AMC), SHARE contribue \u00e0 am\u00e9liorer le bien-\u00eatre \u00e9conomique et social des personnes marginalis\u00e9es et vuln\u00e9rables.<\/p>\n","protected":false},"featured_media":0,"template":"","country":[138],"post_theme":[220,196,219,205],"class_list":["post-48420","stories","type-stories","status-publish","hentry","country-peru-fr","post_theme-community-fr","post_theme-gender-equality-fr","post_theme-economic-opportunities-fr","post_theme-climate-resiliency-fr"],"acf":[],"yoast_head":"<!-- This site is optimized with the Yoast SEO plugin v27.5 - https:\/\/yoast.com\/product\/yoast-seo-wordpress\/ -->\n<title>Un projet visant \u00e0 renforcer les connaissances agricoles, la s\u00e9curit\u00e9 alimentaire et le d\u00e9veloppement durable prend fin au P\u00e9rou - Cuso International<\/title>\n<meta name=\"description\" content=\"Le projet MUSA au P\u00e9rou a aid\u00e9 les femmes \u00e0 lutter contre l&#039;ins\u00e9curit\u00e9 alimentaire gr\u00e2ce \u00e0 des jardins urbains, ce qui a profit\u00e9 \u00e0 des milliers de personnes.\" \/>\n<meta name=\"robots\" content=\"index, follow, max-snippet:-1, max-image-preview:large, max-video-preview:-1\" \/>\n<link rel=\"canonical\" href=\"https:\/\/cusointernational.org\/fr\/recit\/un-projet-visant-a-renforcer-les-connaissances-agricoles-la-securite-alimentaire-et-le-developpement-durable-prend-fin-au-perou\/\" \/>\n<meta property=\"og:locale\" content=\"fr_FR\" \/>\n<meta property=\"og:type\" content=\"article\" \/>\n<meta property=\"og:title\" content=\"Un projet visant \u00e0 renforcer les connaissances agricoles, la s\u00e9curit\u00e9 alimentaire et le d\u00e9veloppement durable prend fin au P\u00e9rou - Cuso International\" \/>\n<meta property=\"og:description\" content=\"Le projet MUSA au P\u00e9rou a aid\u00e9 les femmes \u00e0 lutter contre l&#039;ins\u00e9curit\u00e9 alimentaire gr\u00e2ce \u00e0 des jardins urbains, ce qui a profit\u00e9 \u00e0 des milliers de personnes.\" \/>\n<meta property=\"og:url\" content=\"https:\/\/cusointernational.org\/fr\/recit\/un-projet-visant-a-renforcer-les-connaissances-agricoles-la-securite-alimentaire-et-le-developpement-durable-prend-fin-au-perou\/\" \/>\n<meta property=\"og:site_name\" content=\"Cuso International\" \/>\n<meta property=\"article:modified_time\" content=\"2025-01-23T18:52:31+00:00\" \/>\n<meta property=\"og:image\" content=\"https:\/\/cusointernational.org\/wp-content\/uploads\/Project-helping-to-increase-agricultural-knowledge-food-security-and-environmentally-sustainable-development-closes-in-Peru-scaled.jpg\" \/>\n\t<meta property=\"og:image:width\" content=\"2560\" \/>\n\t<meta property=\"og:image:height\" content=\"1706\" \/>\n\t<meta property=\"og:image:type\" content=\"image\/jpeg\" \/>\n<meta name=\"twitter:card\" content=\"summary_large_image\" \/>\n<meta name=\"twitter:label1\" content=\"Dur\u00e9e de lecture estim\u00e9e\" \/>\n\t<meta name=\"twitter:data1\" content=\"3 minutes\" \/>\n<script type=\"application\/ld+json\" class=\"yoast-schema-graph\">{\"@context\":\"https:\\\/\\\/schema.org\",\"@graph\":[{\"@type\":\"WebPage\",\"@id\":\"https:\\\/\\\/cusointernational.org\\\/fr\\\/recit\\\/un-projet-visant-a-renforcer-les-connaissances-agricoles-la-securite-alimentaire-et-le-developpement-durable-prend-fin-au-perou\\\/\",\"url\":\"https:\\\/\\\/cusointernational.org\\\/fr\\\/recit\\\/un-projet-visant-a-renforcer-les-connaissances-agricoles-la-securite-alimentaire-et-le-developpement-durable-prend-fin-au-perou\\\/\",\"name\":\"Un projet visant \u00e0 renforcer les connaissances agricoles, la s\u00e9curit\u00e9 alimentaire et le d\u00e9veloppement durable prend fin au P\u00e9rou - Cuso International\",\"isPartOf\":{\"@id\":\"https:\\\/\\\/cusointernational.org\\\/fr\\\/#website\"},\"datePublished\":\"2025-01-23T18:52:07+00:00\",\"dateModified\":\"2025-01-23T18:52:31+00:00\",\"description\":\"Le projet MUSA au P\u00e9rou a aid\u00e9 les femmes \u00e0 lutter contre l'ins\u00e9curit\u00e9 alimentaire gr\u00e2ce \u00e0 des jardins urbains, ce qui a profit\u00e9 \u00e0 des milliers de personnes.\",\"breadcrumb\":{\"@id\":\"https:\\\/\\\/cusointernational.org\\\/fr\\\/recit\\\/un-projet-visant-a-renforcer-les-connaissances-agricoles-la-securite-alimentaire-et-le-developpement-durable-prend-fin-au-perou\\\/#breadcrumb\"},\"inLanguage\":\"fr-FR\",\"potentialAction\":[{\"@type\":\"ReadAction\",\"target\":[\"https:\\\/\\\/cusointernational.org\\\/fr\\\/recit\\\/un-projet-visant-a-renforcer-les-connaissances-agricoles-la-securite-alimentaire-et-le-developpement-durable-prend-fin-au-perou\\\/\"]}]},{\"@type\":\"BreadcrumbList\",\"@id\":\"https:\\\/\\\/cusointernational.org\\\/fr\\\/recit\\\/un-projet-visant-a-renforcer-les-connaissances-agricoles-la-securite-alimentaire-et-le-developpement-durable-prend-fin-au-perou\\\/#breadcrumb\",\"itemListElement\":[{\"@type\":\"ListItem\",\"position\":1,\"name\":\"Home\",\"item\":\"https:\\\/\\\/cusointernational.org\\\/fr\\\/\"},{\"@type\":\"ListItem\",\"position\":2,\"name\":\"Un projet visant \u00e0 renforcer les connaissances agricoles, la s\u00e9curit\u00e9 alimentaire et le d\u00e9veloppement durable prend fin au P\u00e9rou\"}]},{\"@type\":\"WebSite\",\"@id\":\"https:\\\/\\\/cusointernational.org\\\/fr\\\/#website\",\"url\":\"https:\\\/\\\/cusointernational.org\\\/fr\\\/\",\"name\":\"Cuso International\",\"description\":\"Connecting communities around the world with skilled Canadians to help end poverty\",\"potentialAction\":[{\"@type\":\"SearchAction\",\"target\":{\"@type\":\"EntryPoint\",\"urlTemplate\":\"https:\\\/\\\/cusointernational.org\\\/fr\\\/?s={search_term_string}\"},\"query-input\":{\"@type\":\"PropertyValueSpecification\",\"valueRequired\":true,\"valueName\":\"search_term_string\"}}],\"inLanguage\":\"fr-FR\"}]}<\/script>\n<!-- \/ Yoast SEO plugin. -->","yoast_head_json":{"title":"Un projet visant \u00e0 renforcer les connaissances agricoles, la s\u00e9curit\u00e9 alimentaire et le d\u00e9veloppement durable prend fin au P\u00e9rou - Cuso International","description":"Le projet MUSA au P\u00e9rou a aid\u00e9 les femmes \u00e0 lutter contre l'ins\u00e9curit\u00e9 alimentaire gr\u00e2ce \u00e0 des jardins urbains, ce qui a profit\u00e9 \u00e0 des milliers de personnes.","robots":{"index":"index","follow":"follow","max-snippet":"max-snippet:-1","max-image-preview":"max-image-preview:large","max-video-preview":"max-video-preview:-1"},"canonical":"https:\/\/cusointernational.org\/fr\/recit\/un-projet-visant-a-renforcer-les-connaissances-agricoles-la-securite-alimentaire-et-le-developpement-durable-prend-fin-au-perou\/","og_locale":"fr_FR","og_type":"article","og_title":"Un projet visant \u00e0 renforcer les connaissances agricoles, la s\u00e9curit\u00e9 alimentaire et le d\u00e9veloppement durable prend fin au P\u00e9rou - Cuso International","og_description":"Le projet MUSA au P\u00e9rou a aid\u00e9 les femmes \u00e0 lutter contre l'ins\u00e9curit\u00e9 alimentaire gr\u00e2ce \u00e0 des jardins urbains, ce qui a profit\u00e9 \u00e0 des milliers de personnes.","og_url":"https:\/\/cusointernational.org\/fr\/recit\/un-projet-visant-a-renforcer-les-connaissances-agricoles-la-securite-alimentaire-et-le-developpement-durable-prend-fin-au-perou\/","og_site_name":"Cuso International","article_modified_time":"2025-01-23T18:52:31+00:00","og_image":[{"width":2560,"height":1706,"url":"https:\/\/cusointernational.org\/wp-content\/uploads\/Project-helping-to-increase-agricultural-knowledge-food-security-and-environmentally-sustainable-development-closes-in-Peru-scaled.jpg","type":"image\/jpeg"}],"twitter_card":"summary_large_image","twitter_misc":{"Dur\u00e9e de lecture estim\u00e9e":"3 minutes"},"schema":{"@context":"https:\/\/schema.org","@graph":[{"@type":"WebPage","@id":"https:\/\/cusointernational.org\/fr\/recit\/un-projet-visant-a-renforcer-les-connaissances-agricoles-la-securite-alimentaire-et-le-developpement-durable-prend-fin-au-perou\/","url":"https:\/\/cusointernational.org\/fr\/recit\/un-projet-visant-a-renforcer-les-connaissances-agricoles-la-securite-alimentaire-et-le-developpement-durable-prend-fin-au-perou\/","name":"Un projet visant \u00e0 renforcer les connaissances agricoles, la s\u00e9curit\u00e9 alimentaire et le d\u00e9veloppement durable prend fin au P\u00e9rou - Cuso International","isPartOf":{"@id":"https:\/\/cusointernational.org\/fr\/#website"},"datePublished":"2025-01-23T18:52:07+00:00","dateModified":"2025-01-23T18:52:31+00:00","description":"Le projet MUSA au P\u00e9rou a aid\u00e9 les femmes \u00e0 lutter contre l'ins\u00e9curit\u00e9 alimentaire gr\u00e2ce \u00e0 des jardins urbains, ce qui a profit\u00e9 \u00e0 des milliers de personnes.","breadcrumb":{"@id":"https:\/\/cusointernational.org\/fr\/recit\/un-projet-visant-a-renforcer-les-connaissances-agricoles-la-securite-alimentaire-et-le-developpement-durable-prend-fin-au-perou\/#breadcrumb"},"inLanguage":"fr-FR","potentialAction":[{"@type":"ReadAction","target":["https:\/\/cusointernational.org\/fr\/recit\/un-projet-visant-a-renforcer-les-connaissances-agricoles-la-securite-alimentaire-et-le-developpement-durable-prend-fin-au-perou\/"]}]},{"@type":"BreadcrumbList","@id":"https:\/\/cusointernational.org\/fr\/recit\/un-projet-visant-a-renforcer-les-connaissances-agricoles-la-securite-alimentaire-et-le-developpement-durable-prend-fin-au-perou\/#breadcrumb","itemListElement":[{"@type":"ListItem","position":1,"name":"Home","item":"https:\/\/cusointernational.org\/fr\/"},{"@type":"ListItem","position":2,"name":"Un projet visant \u00e0 renforcer les connaissances agricoles, la s\u00e9curit\u00e9 alimentaire et le d\u00e9veloppement durable prend fin au P\u00e9rou"}]},{"@type":"WebSite","@id":"https:\/\/cusointernational.org\/fr\/#website","url":"https:\/\/cusointernational.org\/fr\/","name":"Cuso International","description":"Connecting communities around the world with skilled Canadians to help end poverty","potentialAction":[{"@type":"SearchAction","target":{"@type":"EntryPoint","urlTemplate":"https:\/\/cusointernational.org\/fr\/?s={search_term_string}"},"query-input":{"@type":"PropertyValueSpecification","valueRequired":true,"valueName":"search_term_string"}}],"inLanguage":"fr-FR"}]}},"_links":{"self":[{"href":"https:\/\/cusointernational.org\/fr\/wp-json\/wp\/v2\/stories\/48420","targetHints":{"allow":["GET"]}}],"collection":[{"href":"https:\/\/cusointernational.org\/fr\/wp-json\/wp\/v2\/stories"}],"about":[{"href":"https:\/\/cusointernational.org\/fr\/wp-json\/wp\/v2\/types\/stories"}],"wp:attachment":[{"href":"https:\/\/cusointernational.org\/fr\/wp-json\/wp\/v2\/media?parent=48420"}],"wp:term":[{"taxonomy":"country","embeddable":true,"href":"https:\/\/cusointernational.org\/fr\/wp-json\/wp\/v2\/country?post=48420"},{"taxonomy":"post_theme","embeddable":true,"href":"https:\/\/cusointernational.org\/fr\/wp-json\/wp\/v2\/post_theme?post=48420"}],"curies":[{"name":"wp","href":"https:\/\/api.w.org\/{rel}","templated":true}]}}