{"id":45234,"date":"2024-04-23T09:36:23","date_gmt":"2024-04-23T13:36:23","guid":{"rendered":"https:\/\/cusointernational.org\/?post_type=stories&#038;p=45234"},"modified":"2024-06-17T13:35:28","modified_gmt":"2024-06-17T17:35:28","slug":"rdc-le-projet-talents-pluriels-renforce-les-capacites-des-femmes-entrepreneurs","status":"publish","type":"stories","link":"https:\/\/cusointernational.org\/fr\/recit\/rdc-le-projet-talents-pluriels-renforce-les-capacites-des-femmes-entrepreneurs\/","title":{"rendered":"RDC: Le projet Talents Pluriels renforce les capacit\u00e9s des femmes entrepreneurs"},"content":{"rendered":"<p>Edith Matondo et Lysette Kavira ont grandi en R\u00e9publique d\u00e9mocratique du Congo (RDC), o\u00f9 les femmes n&#8217;avaient pas acc\u00e8s aux m\u00eames opportunit\u00e9s que les hommes.<\/p>\n<p>Lysette, qui est n\u00e9e \u00e0 Kisangani, pense que les femmes dans d&#8217;autres r\u00e9gions de la RDC rencontrent des obstacles \u00e0 l&#8217;\u00e9galit\u00e9 d&#8217;acc\u00e8s aux postes et aux opportunit\u00e9s.<\/p>\n<p>&#8220;Dans certaines r\u00e9gions de la RDC, le r\u00f4le des filles est de rester \u00e0 la maison et de s&#8217;occuper des enfants, alors que les gar\u00e7ons et les hommes ont le privil\u00e8ge d&#8217;aller \u00e0 l&#8217;\u00e9cole et de recevoir une \u00e9ducation&#8221;, a-t-elle d\u00e9clar\u00e9.<\/p>\n<p>Edith a fr\u00e9quent\u00e9 une \u00e9cole catholique publique o\u00f9 son int\u00e9gration en tant qu&#8217;albinos a \u00e9t\u00e9 facile, gr\u00e2ce \u00e0 l&#8217;aide de ses enseignantes. Mais elle estime que les relations entre les femmes et les filles sont toujours tendues.<\/p>\n<p>&#8220;Le r\u00f4le de la femme est de cuisiner et de s&#8217;occuper des enfants. En tant que profession, elle est limit\u00e9e \u00e0 la couture et aux soins de beaut\u00e9 et il est toujours difficile pour une m\u00e8re de parler \u00e0 sa fille des bases de la vie&#8221;, a-t-elle d\u00e9clar\u00e9.<\/p>\n<p>La RDC compte beaucoup de jeunes, mais malgr\u00e9 son potentiel d&#8217;entreprenariat, le pays est confront\u00e9 au ch\u00f4mage.<\/p>\n<p><img loading=\"lazy\" decoding=\"async\" class=\" wp-image-45232\" src=\"https:\/\/cusointernational.org\/wp-content\/uploads\/Lysette-Kavira-and-Richine-Kapinga-800x533.jpg\" alt=\"Lysette Kaviria Talents Pluriels\" width=\"585\" height=\"390\" srcset=\"https:\/\/cusointernational.org\/wp-content\/uploads\/Lysette-Kavira-and-Richine-Kapinga-800x533.jpg 800w, https:\/\/cusointernational.org\/wp-content\/uploads\/Lysette-Kavira-and-Richine-Kapinga-1600x1067.jpg 1600w, https:\/\/cusointernational.org\/wp-content\/uploads\/Lysette-Kavira-and-Richine-Kapinga-768x512.jpg 768w, https:\/\/cusointernational.org\/wp-content\/uploads\/Lysette-Kavira-and-Richine-Kapinga-1536x1024.jpg 1536w, https:\/\/cusointernational.org\/wp-content\/uploads\/Lysette-Kavira-and-Richine-Kapinga-2048x1365.jpg 2048w\" sizes=\"auto, (max-width: 585px) 100vw, 585px\" \/><\/p>\n<p>Lysette et Edith ont cherch\u00e9 des voies de d\u00e9veloppement personnel et professionnel. Elles ont trouv\u00e9 une opportunit\u00e9 gr\u00e2ce au programme <a href=\"https:\/\/cusointernational.org\/fr\/talents-pluriels\/\" target=\"_blank\" rel=\"noopener\">Talents Pluriels de Cuso International<\/a>, con\u00e7u pour cr\u00e9er des emplois inclusifs et des comp\u00e9tences entrepreneuriales pour les jeunes vuln\u00e9rables dans les villes de Bukavu, Kinshasa et Lubumbashi.<\/p>\n<p>En collaboration avec les partenaires locaux Jeunialissime et Si Jeunesse Savait , le projet offre une formation aux jeunes marginalis\u00e9s, y compris les femmes, les personnes LGBTQ+ et celles qui vivent avec l&#8217;albinisme.\u00a0 L&#8217;objectif est d&#8217;encourager les pratiques commerciales sensibles au genre et d&#8217;aider les participants dans leur recherche d&#8217;emploi.<\/p>\n<p>Le programme a aid\u00e9 Lysette \u00e0 prendre sa passion au s\u00e9rieux et \u00e0 \u00eatre plus organis\u00e9e lorsqu&#8217;il s&#8217;agit des personnes avec lesquelles elle travaille.<\/p>\n<p>&#8220;J&#8217;ai appris des choses que je ne connaissais pas auparavant, notamment en termes d&#8217;obligations fiscales, j&#8217;ai appris mes devoirs envers mon pays. Sans ce programme, beaucoup ne se seraient pas affirm\u00e9s en tant qu&#8217;entrepreneurs, beaucoup n&#8217;auraient pas \u00e9t\u00e9 l\u00e9galis\u00e9s et seraient rest\u00e9s bloqu\u00e9s dans leurs ambitions&#8221;, a-t-elle observ\u00e9.<\/p>\n<p>Edith a m\u00fbri en tant qu&#8217;entrepreneure gr\u00e2ce au programme. Elle a maintenant une vision de l&#8217;entrepreneuriat diff\u00e9rente de celle qu&#8217;elle avait avant la formation.<\/p>\n<p>&#8220;Aujourd&#8217;hui, ma communaut\u00e9 peut compter sur moi pour obtenir des id\u00e9es sur la mani\u00e8re de r\u00e9diger un plan d&#8217;affaires, par exemple, gr\u00e2ce \u00e0 la formation que j&#8217;ai suivie&#8221;, a-t-elle d\u00e9clar\u00e9.<\/p>\n<p>\u00c0 l&#8217;avenir, Edith aimerait que les femmes aient la possibilit\u00e9 d&#8217;\u00e9tudier et de cr\u00e9er leur propre entreprise.<\/p>\n<p>&#8220;Que la femme prenne elle-m\u00eame sa vie en main, avant de d\u00e9pendre de quelqu&#8217;un d&#8217;autre&#8221;, a recommand\u00e9 Lysette.<\/p>\n","protected":false},"featured_media":45228,"template":"","country":[221],"post_theme":[208,206,196],"class_list":["post-45234","stories","type-stories","status-publish","has-post-thumbnail","hentry","country-democratic-republic-of-congo-fr","post_theme-womens-rights-fr","post_theme-education-fr","post_theme-gender-equality-fr"],"acf":[],"yoast_head":"<!-- This site is optimized with the Yoast SEO plugin v27.4 - https:\/\/yoast.com\/product\/yoast-seo-wordpress\/ -->\n<title>RDC: Le projet Talents Pluriels renforce les capacit\u00e9s des femmes entrepreneurs - Cuso International<\/title>\n<meta name=\"description\" content=\"Edith et Lysette ont grandi en R\u00e9publique d\u00e9mocratique du Congo, o\u00f9 les femmes n&#039;avaient pas acc\u00e8s aux m\u00eames opportunit\u00e9s que les hommes.\" \/>\n<meta name=\"robots\" content=\"index, follow, max-snippet:-1, max-image-preview:large, max-video-preview:-1\" \/>\n<link rel=\"canonical\" href=\"https:\/\/cusointernational.org\/fr\/recit\/rdc-le-projet-talents-pluriels-renforce-les-capacites-des-femmes-entrepreneurs\/\" \/>\n<meta property=\"og:locale\" content=\"fr_FR\" \/>\n<meta property=\"og:type\" content=\"article\" \/>\n<meta property=\"og:title\" content=\"RDC: Le projet Talents Pluriels renforce les capacit\u00e9s des femmes entrepreneurs - Cuso International\" \/>\n<meta property=\"og:description\" content=\"Edith et Lysette ont grandi en R\u00e9publique d\u00e9mocratique du Congo, o\u00f9 les femmes n&#039;avaient pas acc\u00e8s aux m\u00eames opportunit\u00e9s que les hommes.\" \/>\n<meta property=\"og:url\" content=\"https:\/\/cusointernational.org\/fr\/recit\/rdc-le-projet-talents-pluriels-renforce-les-capacites-des-femmes-entrepreneurs\/\" \/>\n<meta property=\"og:site_name\" content=\"Cuso International\" \/>\n<meta property=\"article:modified_time\" content=\"2024-06-17T17:35:28+00:00\" \/>\n<meta property=\"og:image\" content=\"https:\/\/cusointernational.org\/wp-content\/uploads\/Edith-Matondo-right-and-Uko-Ekott-scaled.jpg\" \/>\n\t<meta property=\"og:image:width\" content=\"2560\" \/>\n\t<meta property=\"og:image:height\" content=\"1707\" \/>\n\t<meta property=\"og:image:type\" content=\"image\/jpeg\" \/>\n<meta name=\"twitter:card\" content=\"summary_large_image\" \/>\n<meta name=\"twitter:label1\" content=\"Dur\u00e9e de lecture estim\u00e9e\" \/>\n\t<meta name=\"twitter:data1\" content=\"3 minutes\" \/>\n<script type=\"application\/ld+json\" class=\"yoast-schema-graph\">{\"@context\":\"https:\\\/\\\/schema.org\",\"@graph\":[{\"@type\":\"WebPage\",\"@id\":\"https:\\\/\\\/cusointernational.org\\\/fr\\\/recit\\\/rdc-le-projet-talents-pluriels-renforce-les-capacites-des-femmes-entrepreneurs\\\/\",\"url\":\"https:\\\/\\\/cusointernational.org\\\/fr\\\/recit\\\/rdc-le-projet-talents-pluriels-renforce-les-capacites-des-femmes-entrepreneurs\\\/\",\"name\":\"RDC: Le projet Talents Pluriels renforce les capacit\u00e9s des femmes entrepreneurs - Cuso International\",\"isPartOf\":{\"@id\":\"https:\\\/\\\/cusointernational.org\\\/fr\\\/#website\"},\"primaryImageOfPage\":{\"@id\":\"https:\\\/\\\/cusointernational.org\\\/fr\\\/recit\\\/rdc-le-projet-talents-pluriels-renforce-les-capacites-des-femmes-entrepreneurs\\\/#primaryimage\"},\"image\":{\"@id\":\"https:\\\/\\\/cusointernational.org\\\/fr\\\/recit\\\/rdc-le-projet-talents-pluriels-renforce-les-capacites-des-femmes-entrepreneurs\\\/#primaryimage\"},\"thumbnailUrl\":\"https:\\\/\\\/cusointernational.org\\\/wp-content\\\/uploads\\\/Edith-Matondo-right-and-Uko-Ekott-scaled.jpg\",\"datePublished\":\"2024-04-23T13:36:23+00:00\",\"dateModified\":\"2024-06-17T17:35:28+00:00\",\"description\":\"Edith et Lysette ont grandi en R\u00e9publique d\u00e9mocratique du Congo, o\u00f9 les femmes n'avaient pas acc\u00e8s aux m\u00eames opportunit\u00e9s que les hommes.\",\"breadcrumb\":{\"@id\":\"https:\\\/\\\/cusointernational.org\\\/fr\\\/recit\\\/rdc-le-projet-talents-pluriels-renforce-les-capacites-des-femmes-entrepreneurs\\\/#breadcrumb\"},\"inLanguage\":\"fr-FR\",\"potentialAction\":[{\"@type\":\"ReadAction\",\"target\":[\"https:\\\/\\\/cusointernational.org\\\/fr\\\/recit\\\/rdc-le-projet-talents-pluriels-renforce-les-capacites-des-femmes-entrepreneurs\\\/\"]}]},{\"@type\":\"ImageObject\",\"inLanguage\":\"fr-FR\",\"@id\":\"https:\\\/\\\/cusointernational.org\\\/fr\\\/recit\\\/rdc-le-projet-talents-pluriels-renforce-les-capacites-des-femmes-entrepreneurs\\\/#primaryimage\",\"url\":\"https:\\\/\\\/cusointernational.org\\\/wp-content\\\/uploads\\\/Edith-Matondo-right-and-Uko-Ekott-scaled.jpg\",\"contentUrl\":\"https:\\\/\\\/cusointernational.org\\\/wp-content\\\/uploads\\\/Edith-Matondo-right-and-Uko-Ekott-scaled.jpg\",\"width\":2560,\"height\":1707,\"caption\":\"Edith Matondo, Talents Pluriels participant, and Uko Ekott\"},{\"@type\":\"BreadcrumbList\",\"@id\":\"https:\\\/\\\/cusointernational.org\\\/fr\\\/recit\\\/rdc-le-projet-talents-pluriels-renforce-les-capacites-des-femmes-entrepreneurs\\\/#breadcrumb\",\"itemListElement\":[{\"@type\":\"ListItem\",\"position\":1,\"name\":\"Home\",\"item\":\"https:\\\/\\\/cusointernational.org\\\/fr\\\/\"},{\"@type\":\"ListItem\",\"position\":2,\"name\":\"RDC: Le projet Talents Pluriels renforce les capacit\u00e9s des femmes entrepreneurs\"}]},{\"@type\":\"WebSite\",\"@id\":\"https:\\\/\\\/cusointernational.org\\\/fr\\\/#website\",\"url\":\"https:\\\/\\\/cusointernational.org\\\/fr\\\/\",\"name\":\"Cuso International\",\"description\":\"Connecting communities around the world with skilled Canadians to help end poverty\",\"potentialAction\":[{\"@type\":\"SearchAction\",\"target\":{\"@type\":\"EntryPoint\",\"urlTemplate\":\"https:\\\/\\\/cusointernational.org\\\/fr\\\/?s={search_term_string}\"},\"query-input\":{\"@type\":\"PropertyValueSpecification\",\"valueRequired\":true,\"valueName\":\"search_term_string\"}}],\"inLanguage\":\"fr-FR\"}]}<\/script>\n<!-- \/ Yoast SEO plugin. -->","yoast_head_json":{"title":"RDC: Le projet Talents Pluriels renforce les capacit\u00e9s des femmes entrepreneurs - Cuso International","description":"Edith et Lysette ont grandi en R\u00e9publique d\u00e9mocratique du Congo, o\u00f9 les femmes n'avaient pas acc\u00e8s aux m\u00eames opportunit\u00e9s que les hommes.","robots":{"index":"index","follow":"follow","max-snippet":"max-snippet:-1","max-image-preview":"max-image-preview:large","max-video-preview":"max-video-preview:-1"},"canonical":"https:\/\/cusointernational.org\/fr\/recit\/rdc-le-projet-talents-pluriels-renforce-les-capacites-des-femmes-entrepreneurs\/","og_locale":"fr_FR","og_type":"article","og_title":"RDC: Le projet Talents Pluriels renforce les capacit\u00e9s des femmes entrepreneurs - Cuso International","og_description":"Edith et Lysette ont grandi en R\u00e9publique d\u00e9mocratique du Congo, o\u00f9 les femmes n'avaient pas acc\u00e8s aux m\u00eames opportunit\u00e9s que les hommes.","og_url":"https:\/\/cusointernational.org\/fr\/recit\/rdc-le-projet-talents-pluriels-renforce-les-capacites-des-femmes-entrepreneurs\/","og_site_name":"Cuso International","article_modified_time":"2024-06-17T17:35:28+00:00","og_image":[{"width":2560,"height":1707,"url":"https:\/\/cusointernational.org\/wp-content\/uploads\/Edith-Matondo-right-and-Uko-Ekott-scaled.jpg","type":"image\/jpeg"}],"twitter_card":"summary_large_image","twitter_misc":{"Dur\u00e9e de lecture estim\u00e9e":"3 minutes"},"schema":{"@context":"https:\/\/schema.org","@graph":[{"@type":"WebPage","@id":"https:\/\/cusointernational.org\/fr\/recit\/rdc-le-projet-talents-pluriels-renforce-les-capacites-des-femmes-entrepreneurs\/","url":"https:\/\/cusointernational.org\/fr\/recit\/rdc-le-projet-talents-pluriels-renforce-les-capacites-des-femmes-entrepreneurs\/","name":"RDC: Le projet Talents Pluriels renforce les capacit\u00e9s des femmes entrepreneurs - Cuso International","isPartOf":{"@id":"https:\/\/cusointernational.org\/fr\/#website"},"primaryImageOfPage":{"@id":"https:\/\/cusointernational.org\/fr\/recit\/rdc-le-projet-talents-pluriels-renforce-les-capacites-des-femmes-entrepreneurs\/#primaryimage"},"image":{"@id":"https:\/\/cusointernational.org\/fr\/recit\/rdc-le-projet-talents-pluriels-renforce-les-capacites-des-femmes-entrepreneurs\/#primaryimage"},"thumbnailUrl":"https:\/\/cusointernational.org\/wp-content\/uploads\/Edith-Matondo-right-and-Uko-Ekott-scaled.jpg","datePublished":"2024-04-23T13:36:23+00:00","dateModified":"2024-06-17T17:35:28+00:00","description":"Edith et Lysette ont grandi en R\u00e9publique d\u00e9mocratique du Congo, o\u00f9 les femmes n'avaient pas acc\u00e8s aux m\u00eames opportunit\u00e9s que les hommes.","breadcrumb":{"@id":"https:\/\/cusointernational.org\/fr\/recit\/rdc-le-projet-talents-pluriels-renforce-les-capacites-des-femmes-entrepreneurs\/#breadcrumb"},"inLanguage":"fr-FR","potentialAction":[{"@type":"ReadAction","target":["https:\/\/cusointernational.org\/fr\/recit\/rdc-le-projet-talents-pluriels-renforce-les-capacites-des-femmes-entrepreneurs\/"]}]},{"@type":"ImageObject","inLanguage":"fr-FR","@id":"https:\/\/cusointernational.org\/fr\/recit\/rdc-le-projet-talents-pluriels-renforce-les-capacites-des-femmes-entrepreneurs\/#primaryimage","url":"https:\/\/cusointernational.org\/wp-content\/uploads\/Edith-Matondo-right-and-Uko-Ekott-scaled.jpg","contentUrl":"https:\/\/cusointernational.org\/wp-content\/uploads\/Edith-Matondo-right-and-Uko-Ekott-scaled.jpg","width":2560,"height":1707,"caption":"Edith Matondo, Talents Pluriels participant, and Uko Ekott"},{"@type":"BreadcrumbList","@id":"https:\/\/cusointernational.org\/fr\/recit\/rdc-le-projet-talents-pluriels-renforce-les-capacites-des-femmes-entrepreneurs\/#breadcrumb","itemListElement":[{"@type":"ListItem","position":1,"name":"Home","item":"https:\/\/cusointernational.org\/fr\/"},{"@type":"ListItem","position":2,"name":"RDC: Le projet Talents Pluriels renforce les capacit\u00e9s des femmes entrepreneurs"}]},{"@type":"WebSite","@id":"https:\/\/cusointernational.org\/fr\/#website","url":"https:\/\/cusointernational.org\/fr\/","name":"Cuso International","description":"Connecting communities around the world with skilled Canadians to help end poverty","potentialAction":[{"@type":"SearchAction","target":{"@type":"EntryPoint","urlTemplate":"https:\/\/cusointernational.org\/fr\/?s={search_term_string}"},"query-input":{"@type":"PropertyValueSpecification","valueRequired":true,"valueName":"search_term_string"}}],"inLanguage":"fr-FR"}]}},"_links":{"self":[{"href":"https:\/\/cusointernational.org\/fr\/wp-json\/wp\/v2\/stories\/45234","targetHints":{"allow":["GET"]}}],"collection":[{"href":"https:\/\/cusointernational.org\/fr\/wp-json\/wp\/v2\/stories"}],"about":[{"href":"https:\/\/cusointernational.org\/fr\/wp-json\/wp\/v2\/types\/stories"}],"wp:featuredmedia":[{"embeddable":true,"href":"https:\/\/cusointernational.org\/fr\/wp-json\/wp\/v2\/media\/45228"}],"wp:attachment":[{"href":"https:\/\/cusointernational.org\/fr\/wp-json\/wp\/v2\/media?parent=45234"}],"wp:term":[{"taxonomy":"country","embeddable":true,"href":"https:\/\/cusointernational.org\/fr\/wp-json\/wp\/v2\/country?post=45234"},{"taxonomy":"post_theme","embeddable":true,"href":"https:\/\/cusointernational.org\/fr\/wp-json\/wp\/v2\/post_theme?post=45234"}],"curies":[{"name":"wp","href":"https:\/\/api.w.org\/{rel}","templated":true}]}}