{"id":44682,"date":"2023-11-27T09:50:00","date_gmt":"2023-11-27T14:50:00","guid":{"rendered":"https:\/\/cusointernational.org\/?post_type=stories&#038;p=44682"},"modified":"2023-11-27T10:17:04","modified_gmt":"2023-11-27T15:17:04","slug":"un-programme-ameliore-la-qualite-de-vie-de-jeunes-colombiens-et-colombiennes","status":"publish","type":"stories","link":"https:\/\/cusointernational.org\/fr\/recit\/un-programme-ameliore-la-qualite-de-vie-de-jeunes-colombiens-et-colombiennes\/","title":{"rendered":"Un programme am\u00e9liore la qualit\u00e9 de vie de jeunes Colombiens et Colombiennes"},"content":{"rendered":"<p>Les relations interpersonnelles et l\u2019environnement familial des enfants du village montagneux de La Marina, dans la r\u00e9gion de Tulu\u00e1, sont parfois difficiles. La pr\u00e9valence de la violence sexiste et l\u2019omnipr\u00e9sence d\u2019un machisme syst\u00e9mique ont des cons\u00e9quences n\u00e9gatives sur leur qualit\u00e9 de vie. Le village subit aussi les contrecoups de conflits arm\u00e9s r\u00e9currents.<\/p>\n<p>Devant le manque de services pour les enfants de la r\u00e9gion, une <a href=\"https:\/\/cusointernational.org\/fr\/passez-a-laction\/volontaire\/cooperation-volontaire\/\" target=\"_blank\" rel=\"noopener\">volontaire<\/a> de Cuso International, Adriana\u202fMontes, et un organisme local, la <a href=\"https:\/\/fundacionvictoriaelena.com\/\" target=\"_blank\" rel=\"noopener\">Fundaci\u00f3n Victoria Elena<\/a>, ont mis sur pied le programme Ven\u202fy\u202fte cuento (Viens que je te raconte). L\u2019objectif du programme ax\u00e9 sur la lecture est double\u202f: d\u00e9velopper l\u2019autonomie, les aptitudes sociales et la confiance en soi des filles et des gar\u00e7ons; et les amener \u00e0 d\u00e9couvrir <a href=\"https:\/\/cusointernational.org\/fr\/egalite-des-genres-et-inclusion-sociale\/\" target=\"_blank\" rel=\"noopener\">l\u2019\u00e9galit\u00e9 des genres<\/a>, la masculinit\u00e9 positive et les droits de la personne.<\/p>\n<p><img loading=\"lazy\" decoding=\"async\" class=\" wp-image-44680 alignleft\" src=\"https:\/\/cusointernational.org\/wp-content\/uploads\/Colombian-children-in-classroom-800x600.jpg\" alt=\"Colombian children in classroom\" width=\"773\" height=\"580\" srcset=\"https:\/\/cusointernational.org\/wp-content\/uploads\/Colombian-children-in-classroom-800x600.jpg 800w, https:\/\/cusointernational.org\/wp-content\/uploads\/Colombian-children-in-classroom-1600x1200.jpg 1600w, https:\/\/cusointernational.org\/wp-content\/uploads\/Colombian-children-in-classroom-768x576.jpg 768w, https:\/\/cusointernational.org\/wp-content\/uploads\/Colombian-children-in-classroom-1536x1152.jpg 1536w, https:\/\/cusointernational.org\/wp-content\/uploads\/Colombian-children-in-classroom-2048x1536.jpg 2048w\" sizes=\"auto, (max-width: 773px) 100vw, 773px\" \/>Pas moins de 22\u202ffilles et 10\u202fgar\u00e7ons de 8 \u00e0 10\u202fans ont particip\u00e9 au programme. Apr\u00e8s six mois, les ateliers ont permis aux enfants d\u2019exprimer leurs id\u00e9es et leurs \u00e9motions et, du m\u00eame coup, de r\u00e9duire leur niveau de stress et d\u2019anxi\u00e9t\u00e9. Les enfants participants semblaient aussi plus calmes, plus bienveillants et plus empathiques.<\/p>\n<p>C\u2019est notamment le cas de Juan\u202fManuel\u202fChausa, huit ans. Au d\u00e9but du programme, Adriana avait remarqu\u00e9 chez lui un comportement agressif et une attitude rebelle. De plus, Juan il \u00e9prouvait de la col\u00e8re \u00e0 l\u2019endroit de ses coll\u00e8gues de classe.<\/p>\n<p>\u00ab\u202fDepuis sa participation au programme, Juan\u202fManuel a appris \u00e0 transformer positivement ses \u00e9pisodes de col\u00e8re. Il est maintenant conciliant et tr\u00e8s joyeux. Ses enseignants et lui reconnaissent son changement d\u2019attitude\u202f\u00bb, explique-t-elle.<\/p>\n<p>Voir la transformation des enfants, leur honn\u00eatet\u00e9 et leur participation active a profond\u00e9ment touch\u00e9 Adriana, qui esp\u00e8re que la communaut\u00e9 pourra participer \u00e0 d\u2019autres programmes du genre.<\/p>\n<p>\u00ab\u202fJ\u2019ai appris qu\u2019il est tr\u00e8s important de tisser des liens ax\u00e9s sur l\u2019empathie et le dialogue pour former et accompagner des mineurs.\u202f\u00bb<\/p>\n<p>Adriana a d\u00e9couvert ce programme en discutant avec sa cr\u00e9atrice, Beatriz\u202fEugenia\u202fVera. Les tentatives pr\u00e9c\u00e9dentes pour lancer le projet n\u2019avaient pas r\u00e9ussi par manque de ressources. L\u2019int\u00e9r\u00eat et la passion d\u2019Adriana pour le projet a fait toute la diff\u00e9rence.<\/p>\n<p>\u00ab\u202fAdriana ne s\u2019est pas d\u00e9courag\u00e9e. Elle a continu\u00e9 \u00e0 r\u00e9fl\u00e9chir \u00e0 des moyens pour que la Fundaci\u00f3n Victoria Elena puisse lancer le programme. C\u2019est alors qu\u2019elle s\u2019est dit qu\u2019elle pourrait faire le pont entre Cuso International et la Fundaci\u00f3n Victoria Elena pour obtenir l\u2019aide n\u00e9cessaire, explique Beatriz. Je ne remercierai jamais assez Cuso International, la Fundaci\u00f3n Victoria Elena et, bien s\u00fbr, Adriana\u202fMontes\u202fSanchez, pour avoir offert un lieu de transformation et d\u2019autonomisation \u00e0 nos enfants.\u202f\u00bb<\/p>\n<p>La deuxi\u00e8me phase du programme est d\u00e9j\u00e0 planifi\u00e9e. On travaillera alors en \u00e9troite collaboration avec les parents pour que les apprentissages des enfants se transf\u00e8rent aussi dans leur vie familiale.<\/p>\n<p>\u00ab\u202fSi vous appuyez la mission de Cuso International, vous contribuez \u00e0 la conception d\u2019un tissu social solide qui profite \u00e0 des milliers de personnes \u00e0 travers le monde. Vous soutenez un r\u00e9seau de travailleurs et de travailleuses du secteur du d\u00e9veloppement qui partagent leurs connaissances pour b\u00e2tir un monde plus juste et plus \u00e9quitable, avec des gens pr\u00e9par\u00e9s pour faire face aux difficult\u00e9s de la vie quotidienne. Soutenir Cuso International, c\u2019est miser sur un avenir meilleur.\u202f\u00bb<\/p>\n<p>Le programme s\u2019inscrit dans le programme Partage du savoir-faire canadien pour un d\u00e9veloppement inclusif et l\u2019\u00e9galit\u00e9 entre les sexes\u202f(programme SHARE) de Cuso International. Lanc\u00e9 en 2020 et financ\u00e9 par Affaires mondiales Canada, le programme SHARE vise \u00e0 am\u00e9liorer le bien-\u00eatre socio\u00e9conomique des personnes vuln\u00e9rables et marginalis\u00e9es.<\/p>\n<p><strong>Contribuez \u00e0 am\u00e9liorer la qualit\u00e9 de vie de plus de jeunes et leur famille. <\/strong><a href=\"https:\/\/cusointernational.org\/fr\/faire-un-don\/\"><strong>Donnez sans tarder!<\/strong><\/a><\/p>\n","protected":false},"featured_media":44677,"template":"","country":[127],"post_theme":[209,208,196],"class_list":["post-44682","stories","type-stories","status-publish","has-post-thumbnail","hentry","country-colombia-fr","post_theme-volunteering-fr","post_theme-womens-rights-fr","post_theme-gender-equality-fr"],"acf":[],"yoast_head":"<!-- This site is optimized with the Yoast SEO plugin v27.5 - https:\/\/yoast.com\/product\/yoast-seo-wordpress\/ -->\n<title>Un programme am\u00e9liore la qualit\u00e9 de vie de jeunes Colombiens et Colombiennes - Cuso International<\/title>\n<meta name=\"description\" content=\"Les relations interpersonnelles et l\u2019environnement familial des enfants du village montagneux de La Marina, dans la r\u00e9gion de Tulu\u00e1, sont parfois difficiles\" \/>\n<meta name=\"robots\" content=\"index, follow, max-snippet:-1, max-image-preview:large, max-video-preview:-1\" \/>\n<link rel=\"canonical\" href=\"https:\/\/cusointernational.org\/fr\/recit\/un-programme-ameliore-la-qualite-de-vie-de-jeunes-colombiens-et-colombiennes\/\" \/>\n<meta property=\"og:locale\" content=\"fr_FR\" \/>\n<meta property=\"og:type\" content=\"article\" \/>\n<meta property=\"og:title\" content=\"Un programme am\u00e9liore la qualit\u00e9 de vie de jeunes Colombiens et Colombiennes - Cuso International\" \/>\n<meta property=\"og:description\" content=\"Les relations interpersonnelles et l\u2019environnement familial des enfants du village montagneux de La Marina, dans la r\u00e9gion de Tulu\u00e1, sont parfois difficiles\" \/>\n<meta property=\"og:url\" content=\"https:\/\/cusointernational.org\/fr\/recit\/un-programme-ameliore-la-qualite-de-vie-de-jeunes-colombiens-et-colombiennes\/\" \/>\n<meta property=\"og:site_name\" content=\"Cuso International\" \/>\n<meta property=\"article:modified_time\" content=\"2023-11-27T15:17:04+00:00\" \/>\n<meta property=\"og:image\" content=\"https:\/\/cusointernational.org\/wp-content\/uploads\/Program-improves-quality-of-life-for-young-girls-and-boys-in-rural-Colombia-scaled.jpg\" \/>\n\t<meta property=\"og:image:width\" content=\"2560\" \/>\n\t<meta property=\"og:image:height\" content=\"1707\" \/>\n\t<meta property=\"og:image:type\" content=\"image\/jpeg\" \/>\n<meta name=\"twitter:card\" content=\"summary_large_image\" \/>\n<meta name=\"twitter:label1\" content=\"Dur\u00e9e de lecture estim\u00e9e\" \/>\n\t<meta name=\"twitter:data1\" content=\"3 minutes\" \/>\n<script type=\"application\/ld+json\" class=\"yoast-schema-graph\">{\"@context\":\"https:\\\/\\\/schema.org\",\"@graph\":[{\"@type\":\"WebPage\",\"@id\":\"https:\\\/\\\/cusointernational.org\\\/fr\\\/recit\\\/un-programme-ameliore-la-qualite-de-vie-de-jeunes-colombiens-et-colombiennes\\\/\",\"url\":\"https:\\\/\\\/cusointernational.org\\\/fr\\\/recit\\\/un-programme-ameliore-la-qualite-de-vie-de-jeunes-colombiens-et-colombiennes\\\/\",\"name\":\"Un programme am\u00e9liore la qualit\u00e9 de vie de jeunes Colombiens et Colombiennes - Cuso International\",\"isPartOf\":{\"@id\":\"https:\\\/\\\/cusointernational.org\\\/fr\\\/#website\"},\"primaryImageOfPage\":{\"@id\":\"https:\\\/\\\/cusointernational.org\\\/fr\\\/recit\\\/un-programme-ameliore-la-qualite-de-vie-de-jeunes-colombiens-et-colombiennes\\\/#primaryimage\"},\"image\":{\"@id\":\"https:\\\/\\\/cusointernational.org\\\/fr\\\/recit\\\/un-programme-ameliore-la-qualite-de-vie-de-jeunes-colombiens-et-colombiennes\\\/#primaryimage\"},\"thumbnailUrl\":\"https:\\\/\\\/cusointernational.org\\\/wp-content\\\/uploads\\\/Program-improves-quality-of-life-for-young-girls-and-boys-in-rural-Colombia-scaled.jpg\",\"datePublished\":\"2023-11-27T14:50:00+00:00\",\"dateModified\":\"2023-11-27T15:17:04+00:00\",\"description\":\"Les relations interpersonnelles et l\u2019environnement familial des enfants du village montagneux de La Marina, dans la r\u00e9gion de Tulu\u00e1, sont parfois difficiles\",\"breadcrumb\":{\"@id\":\"https:\\\/\\\/cusointernational.org\\\/fr\\\/recit\\\/un-programme-ameliore-la-qualite-de-vie-de-jeunes-colombiens-et-colombiennes\\\/#breadcrumb\"},\"inLanguage\":\"fr-FR\",\"potentialAction\":[{\"@type\":\"ReadAction\",\"target\":[\"https:\\\/\\\/cusointernational.org\\\/fr\\\/recit\\\/un-programme-ameliore-la-qualite-de-vie-de-jeunes-colombiens-et-colombiennes\\\/\"]}]},{\"@type\":\"ImageObject\",\"inLanguage\":\"fr-FR\",\"@id\":\"https:\\\/\\\/cusointernational.org\\\/fr\\\/recit\\\/un-programme-ameliore-la-qualite-de-vie-de-jeunes-colombiens-et-colombiennes\\\/#primaryimage\",\"url\":\"https:\\\/\\\/cusointernational.org\\\/wp-content\\\/uploads\\\/Program-improves-quality-of-life-for-young-girls-and-boys-in-rural-Colombia-scaled.jpg\",\"contentUrl\":\"https:\\\/\\\/cusointernational.org\\\/wp-content\\\/uploads\\\/Program-improves-quality-of-life-for-young-girls-and-boys-in-rural-Colombia-scaled.jpg\",\"width\":2560,\"height\":1707,\"caption\":\"Program improves quality of life for young girls and boys in rural Colombia\"},{\"@type\":\"BreadcrumbList\",\"@id\":\"https:\\\/\\\/cusointernational.org\\\/fr\\\/recit\\\/un-programme-ameliore-la-qualite-de-vie-de-jeunes-colombiens-et-colombiennes\\\/#breadcrumb\",\"itemListElement\":[{\"@type\":\"ListItem\",\"position\":1,\"name\":\"Home\",\"item\":\"https:\\\/\\\/cusointernational.org\\\/fr\\\/\"},{\"@type\":\"ListItem\",\"position\":2,\"name\":\"Un programme am\u00e9liore la qualit\u00e9 de vie de jeunes Colombiens et Colombiennes\"}]},{\"@type\":\"WebSite\",\"@id\":\"https:\\\/\\\/cusointernational.org\\\/fr\\\/#website\",\"url\":\"https:\\\/\\\/cusointernational.org\\\/fr\\\/\",\"name\":\"Cuso International\",\"description\":\"Connecting communities around the world with skilled Canadians to help end poverty\",\"potentialAction\":[{\"@type\":\"SearchAction\",\"target\":{\"@type\":\"EntryPoint\",\"urlTemplate\":\"https:\\\/\\\/cusointernational.org\\\/fr\\\/?s={search_term_string}\"},\"query-input\":{\"@type\":\"PropertyValueSpecification\",\"valueRequired\":true,\"valueName\":\"search_term_string\"}}],\"inLanguage\":\"fr-FR\"}]}<\/script>\n<!-- \/ Yoast SEO plugin. -->","yoast_head_json":{"title":"Un programme am\u00e9liore la qualit\u00e9 de vie de jeunes Colombiens et Colombiennes - Cuso International","description":"Les relations interpersonnelles et l\u2019environnement familial des enfants du village montagneux de La Marina, dans la r\u00e9gion de Tulu\u00e1, sont parfois difficiles","robots":{"index":"index","follow":"follow","max-snippet":"max-snippet:-1","max-image-preview":"max-image-preview:large","max-video-preview":"max-video-preview:-1"},"canonical":"https:\/\/cusointernational.org\/fr\/recit\/un-programme-ameliore-la-qualite-de-vie-de-jeunes-colombiens-et-colombiennes\/","og_locale":"fr_FR","og_type":"article","og_title":"Un programme am\u00e9liore la qualit\u00e9 de vie de jeunes Colombiens et Colombiennes - Cuso International","og_description":"Les relations interpersonnelles et l\u2019environnement familial des enfants du village montagneux de La Marina, dans la r\u00e9gion de Tulu\u00e1, sont parfois difficiles","og_url":"https:\/\/cusointernational.org\/fr\/recit\/un-programme-ameliore-la-qualite-de-vie-de-jeunes-colombiens-et-colombiennes\/","og_site_name":"Cuso International","article_modified_time":"2023-11-27T15:17:04+00:00","og_image":[{"width":2560,"height":1707,"url":"https:\/\/cusointernational.org\/wp-content\/uploads\/Program-improves-quality-of-life-for-young-girls-and-boys-in-rural-Colombia-scaled.jpg","type":"image\/jpeg"}],"twitter_card":"summary_large_image","twitter_misc":{"Dur\u00e9e de lecture estim\u00e9e":"3 minutes"},"schema":{"@context":"https:\/\/schema.org","@graph":[{"@type":"WebPage","@id":"https:\/\/cusointernational.org\/fr\/recit\/un-programme-ameliore-la-qualite-de-vie-de-jeunes-colombiens-et-colombiennes\/","url":"https:\/\/cusointernational.org\/fr\/recit\/un-programme-ameliore-la-qualite-de-vie-de-jeunes-colombiens-et-colombiennes\/","name":"Un programme am\u00e9liore la qualit\u00e9 de vie de jeunes Colombiens et Colombiennes - Cuso International","isPartOf":{"@id":"https:\/\/cusointernational.org\/fr\/#website"},"primaryImageOfPage":{"@id":"https:\/\/cusointernational.org\/fr\/recit\/un-programme-ameliore-la-qualite-de-vie-de-jeunes-colombiens-et-colombiennes\/#primaryimage"},"image":{"@id":"https:\/\/cusointernational.org\/fr\/recit\/un-programme-ameliore-la-qualite-de-vie-de-jeunes-colombiens-et-colombiennes\/#primaryimage"},"thumbnailUrl":"https:\/\/cusointernational.org\/wp-content\/uploads\/Program-improves-quality-of-life-for-young-girls-and-boys-in-rural-Colombia-scaled.jpg","datePublished":"2023-11-27T14:50:00+00:00","dateModified":"2023-11-27T15:17:04+00:00","description":"Les relations interpersonnelles et l\u2019environnement familial des enfants du village montagneux de La Marina, dans la r\u00e9gion de Tulu\u00e1, sont parfois difficiles","breadcrumb":{"@id":"https:\/\/cusointernational.org\/fr\/recit\/un-programme-ameliore-la-qualite-de-vie-de-jeunes-colombiens-et-colombiennes\/#breadcrumb"},"inLanguage":"fr-FR","potentialAction":[{"@type":"ReadAction","target":["https:\/\/cusointernational.org\/fr\/recit\/un-programme-ameliore-la-qualite-de-vie-de-jeunes-colombiens-et-colombiennes\/"]}]},{"@type":"ImageObject","inLanguage":"fr-FR","@id":"https:\/\/cusointernational.org\/fr\/recit\/un-programme-ameliore-la-qualite-de-vie-de-jeunes-colombiens-et-colombiennes\/#primaryimage","url":"https:\/\/cusointernational.org\/wp-content\/uploads\/Program-improves-quality-of-life-for-young-girls-and-boys-in-rural-Colombia-scaled.jpg","contentUrl":"https:\/\/cusointernational.org\/wp-content\/uploads\/Program-improves-quality-of-life-for-young-girls-and-boys-in-rural-Colombia-scaled.jpg","width":2560,"height":1707,"caption":"Program improves quality of life for young girls and boys in rural Colombia"},{"@type":"BreadcrumbList","@id":"https:\/\/cusointernational.org\/fr\/recit\/un-programme-ameliore-la-qualite-de-vie-de-jeunes-colombiens-et-colombiennes\/#breadcrumb","itemListElement":[{"@type":"ListItem","position":1,"name":"Home","item":"https:\/\/cusointernational.org\/fr\/"},{"@type":"ListItem","position":2,"name":"Un programme am\u00e9liore la qualit\u00e9 de vie de jeunes Colombiens et Colombiennes"}]},{"@type":"WebSite","@id":"https:\/\/cusointernational.org\/fr\/#website","url":"https:\/\/cusointernational.org\/fr\/","name":"Cuso International","description":"Connecting communities around the world with skilled Canadians to help end poverty","potentialAction":[{"@type":"SearchAction","target":{"@type":"EntryPoint","urlTemplate":"https:\/\/cusointernational.org\/fr\/?s={search_term_string}"},"query-input":{"@type":"PropertyValueSpecification","valueRequired":true,"valueName":"search_term_string"}}],"inLanguage":"fr-FR"}]}},"_links":{"self":[{"href":"https:\/\/cusointernational.org\/fr\/wp-json\/wp\/v2\/stories\/44682","targetHints":{"allow":["GET"]}}],"collection":[{"href":"https:\/\/cusointernational.org\/fr\/wp-json\/wp\/v2\/stories"}],"about":[{"href":"https:\/\/cusointernational.org\/fr\/wp-json\/wp\/v2\/types\/stories"}],"wp:featuredmedia":[{"embeddable":true,"href":"https:\/\/cusointernational.org\/fr\/wp-json\/wp\/v2\/media\/44677"}],"wp:attachment":[{"href":"https:\/\/cusointernational.org\/fr\/wp-json\/wp\/v2\/media?parent=44682"}],"wp:term":[{"taxonomy":"country","embeddable":true,"href":"https:\/\/cusointernational.org\/fr\/wp-json\/wp\/v2\/country?post=44682"},{"taxonomy":"post_theme","embeddable":true,"href":"https:\/\/cusointernational.org\/fr\/wp-json\/wp\/v2\/post_theme?post=44682"}],"curies":[{"name":"wp","href":"https:\/\/api.w.org\/{rel}","templated":true}]}}