{"id":43111,"date":"2023-01-25T11:22:57","date_gmt":"2023-01-25T16:22:57","guid":{"rendered":"https:\/\/cusointernational.org\/stories\/repartir-a-zero-au-nigeria\/"},"modified":"2023-01-25T11:22:57","modified_gmt":"2023-01-25T16:22:57","slug":"repartir-a-zero-au-nigeria","status":"publish","type":"stories","link":"https:\/\/cusointernational.org\/fr\/recit\/repartir-a-zero-au-nigeria\/","title":{"rendered":"Repartir \u00e0 z\u00e9ro au Nigeria"},"content":{"rendered":"<p>Repartir \u00e0 neuf dans un autre pays peut s\u2019av\u00e9rer difficile. Certains r\u00e9fugi\u00e9s ne perdent pas seulement leur maison et leur communaut\u00e9, mais aussi leur emploi, leur s\u00e9curit\u00e9 financi\u00e8re et leur raison d\u2019\u00eatre. Louise\u202fTchuntang\u202fEyong vivait \u00e0 Kumba, dans la r\u00e9gion du Sud-Ouest du Cameroun, avec son fils de 18\u202fans, Austin Enow Eyong, et sa fille adoptive de 20\u202fans, Imelda\u202fOkanda. Malheureusement, la guerre d\u2019Ambazonie (que l\u2019on appelle souvent \u00ab\u202fla crise\u202f\u00bb au Cameroun) les a oblig\u00e9s de fuir au Nigeria. Ayant tout perdu, la famille avait besoin d\u2019aide pour repartir \u00e0 neuf. <\/p>\n<p>La situation de cette m\u00e8re monoparentale de 36\u202fans est courante, puisque la crise a forc\u00e9 des milliers de personnes \u00e0 fuir le Cameroun et \u00e0 chercher refuge au Nigeria, le pays voisin. Le nombre de r\u00e9fugi\u00e9s camerounais va croissant. Or, les emplois et les moyens de subsistance sont rares dans les camps de r\u00e9fugi\u00e9s. Les gens ont acc\u00e8s \u00e0 peu de nourriture, d\u2019eau potable et de soins de sant\u00e9. <\/p>\n<p>\u00ab\u202fLe Nigeria est un pays \u00e9tranger pour nous, et nous ne connaissions personne, explique Louise. Tout repr\u00e9sentait un d\u00e9fi\u202f: la nourriture, le loyer, l\u2019\u00e9cole et notre survie en g\u00e9n\u00e9ral.\u202f\u00bb <\/p>\n<p>Heureusement, les choses ont chang\u00e9 pour Louise lorsqu\u2019elle s\u2019est inscrite au programme SKILLS, qui aide les r\u00e9fugi\u00e9s \u00e0 retrouver leur ind\u00e9pendance financi\u00e8re et \u00e0 vivre plus d\u00e9cemment. Depuis 2019, Cuso International collabore avec le Haut Commissariat des Nations Unies pour les r\u00e9fugi\u00e9s (UNHCR) pour offrir aux r\u00e9fugi\u00e9s de la formation et de l\u2019aide pour d\u00e9marrer une petite entreprise ou trouver un emploi d\u00e9cent. <\/p>\n<p>Aujourd\u2019hui, la vie est plus douce pour Louise et les difficult\u00e9s rencontr\u00e9es \u00e0 son arriv\u00e9e au Nigeria \u00ab\u202fsont de l\u2019histoire ancienne\u202f\u00bb, comme elle le dit si bien. Louise est d\u2019avis que sans l\u2019aide du programme SKILLS, elle aurait eu beaucoup de mal \u00e0 trouver un emploi. Mais gr\u00e2ce \u00e0 ce programme, elle a maintenant deux petites boutiques o\u00f9 elle vend des produits de tous les jours, comme du lait, des sucreries, des biscuits et du dentifrice. <\/p>\n<p>R\u00e9sultat\u202f: elle peut \u00e9conomiser, prendre soin de ses enfants et payer ses factures sans se casser la t\u00eate. De plus, son fils fr\u00e9quente l\u2019universit\u00e9 et sa fille adoptive termine son secondaire. <\/p>\n<p>\u00ab\u202fCe programme est tr\u00e8s important. Bien des gens comme moi auraient connu une vie de souffrance sans cette aide. Et moi, je peux d\u00e9sormais prendre soin de ma famille, explique Louise. Gr\u00e2ce au programme SKILLS, nous avons pu repartir \u00e0 neuf. Notre vie est beaucoup plus facile maintenant.\u202f\u00bb <\/p>\n","protected":false},"featured_media":43109,"template":"","country":[],"post_theme":[],"class_list":["post-43111","stories","type-stories","status-publish","has-post-thumbnail","hentry"],"acf":[],"yoast_head":"<!-- This site is optimized with the Yoast SEO plugin v27.4 - https:\/\/yoast.com\/product\/yoast-seo-wordpress\/ -->\n<title>Repartir \u00e0 z\u00e9ro au Nigeria - Cuso International<\/title>\n<meta name=\"robots\" content=\"index, follow, max-snippet:-1, max-image-preview:large, max-video-preview:-1\" \/>\n<link rel=\"canonical\" href=\"https:\/\/cusointernational.org\/fr\/recit\/repartir-a-zero-au-nigeria\/\" \/>\n<meta property=\"og:locale\" content=\"fr_FR\" \/>\n<meta property=\"og:type\" content=\"article\" \/>\n<meta property=\"og:title\" content=\"Repartir \u00e0 z\u00e9ro au Nigeria - Cuso International\" \/>\n<meta property=\"og:description\" content=\"Repartir \u00e0 neuf dans un autre pays peut s\u2019av\u00e9rer difficile. Certains r\u00e9fugi\u00e9s ne perdent pas seulement leur maison et leur communaut\u00e9, mais aussi leur emploi, leur s\u00e9curit\u00e9 financi\u00e8re et leur raison d\u2019\u00eatre. Louise\u202fTchuntang\u202fEyong vivait \u00e0 Kumba, dans la r\u00e9gion du Sud-Ouest du Cameroun, avec son fils de 18\u202fans, Austin Enow Eyong, et sa fille adoptive&hellip;\" \/>\n<meta property=\"og:url\" content=\"https:\/\/cusointernational.org\/fr\/recit\/repartir-a-zero-au-nigeria\/\" \/>\n<meta property=\"og:site_name\" content=\"Cuso International\" \/>\n<meta name=\"twitter:card\" content=\"summary_large_image\" \/>\n<meta name=\"twitter:label1\" content=\"Dur\u00e9e de lecture estim\u00e9e\" \/>\n\t<meta name=\"twitter:data1\" content=\"2 minutes\" \/>\n<script type=\"application\/ld+json\" class=\"yoast-schema-graph\">{\"@context\":\"https:\\\/\\\/schema.org\",\"@graph\":[{\"@type\":\"WebPage\",\"@id\":\"https:\\\/\\\/cusointernational.org\\\/fr\\\/recit\\\/repartir-a-zero-au-nigeria\\\/\",\"url\":\"https:\\\/\\\/cusointernational.org\\\/fr\\\/recit\\\/repartir-a-zero-au-nigeria\\\/\",\"name\":\"Repartir \u00e0 z\u00e9ro au Nigeria - Cuso International\",\"isPartOf\":{\"@id\":\"https:\\\/\\\/cusointernational.org\\\/fr\\\/#website\"},\"primaryImageOfPage\":{\"@id\":\"https:\\\/\\\/cusointernational.org\\\/fr\\\/recit\\\/repartir-a-zero-au-nigeria\\\/#primaryimage\"},\"image\":{\"@id\":\"https:\\\/\\\/cusointernational.org\\\/fr\\\/recit\\\/repartir-a-zero-au-nigeria\\\/#primaryimage\"},\"thumbnailUrl\":\"https:\\\/\\\/cusointernational.org\\\/wp-content\\\/uploads\\\/Louise2-1-scaled.jpg\",\"datePublished\":\"2023-01-25T16:22:57+00:00\",\"breadcrumb\":{\"@id\":\"https:\\\/\\\/cusointernational.org\\\/fr\\\/recit\\\/repartir-a-zero-au-nigeria\\\/#breadcrumb\"},\"inLanguage\":\"fr-FR\",\"potentialAction\":[{\"@type\":\"ReadAction\",\"target\":[\"https:\\\/\\\/cusointernational.org\\\/fr\\\/recit\\\/repartir-a-zero-au-nigeria\\\/\"]}]},{\"@type\":\"ImageObject\",\"inLanguage\":\"fr-FR\",\"@id\":\"https:\\\/\\\/cusointernational.org\\\/fr\\\/recit\\\/repartir-a-zero-au-nigeria\\\/#primaryimage\",\"url\":\"https:\\\/\\\/cusointernational.org\\\/wp-content\\\/uploads\\\/Louise2-1-scaled.jpg\",\"contentUrl\":\"https:\\\/\\\/cusointernational.org\\\/wp-content\\\/uploads\\\/Louise2-1-scaled.jpg\",\"width\":2560,\"height\":1706,\"caption\":\"Starting a new life in Nigeria\"},{\"@type\":\"BreadcrumbList\",\"@id\":\"https:\\\/\\\/cusointernational.org\\\/fr\\\/recit\\\/repartir-a-zero-au-nigeria\\\/#breadcrumb\",\"itemListElement\":[{\"@type\":\"ListItem\",\"position\":1,\"name\":\"Home\",\"item\":\"https:\\\/\\\/cusointernational.org\\\/fr\\\/\"},{\"@type\":\"ListItem\",\"position\":2,\"name\":\"Repartir \u00e0 z\u00e9ro au Nigeria\"}]},{\"@type\":\"WebSite\",\"@id\":\"https:\\\/\\\/cusointernational.org\\\/fr\\\/#website\",\"url\":\"https:\\\/\\\/cusointernational.org\\\/fr\\\/\",\"name\":\"Cuso International\",\"description\":\"Connecting communities around the world with skilled Canadians to help end poverty\",\"potentialAction\":[{\"@type\":\"SearchAction\",\"target\":{\"@type\":\"EntryPoint\",\"urlTemplate\":\"https:\\\/\\\/cusointernational.org\\\/fr\\\/?s={search_term_string}\"},\"query-input\":{\"@type\":\"PropertyValueSpecification\",\"valueRequired\":true,\"valueName\":\"search_term_string\"}}],\"inLanguage\":\"fr-FR\"}]}<\/script>\n<!-- \/ Yoast SEO plugin. -->","yoast_head_json":{"title":"Repartir \u00e0 z\u00e9ro au Nigeria - Cuso International","robots":{"index":"index","follow":"follow","max-snippet":"max-snippet:-1","max-image-preview":"max-image-preview:large","max-video-preview":"max-video-preview:-1"},"canonical":"https:\/\/cusointernational.org\/fr\/recit\/repartir-a-zero-au-nigeria\/","og_locale":"fr_FR","og_type":"article","og_title":"Repartir \u00e0 z\u00e9ro au Nigeria - Cuso International","og_description":"Repartir \u00e0 neuf dans un autre pays peut s\u2019av\u00e9rer difficile. Certains r\u00e9fugi\u00e9s ne perdent pas seulement leur maison et leur communaut\u00e9, mais aussi leur emploi, leur s\u00e9curit\u00e9 financi\u00e8re et leur raison d\u2019\u00eatre. Louise\u202fTchuntang\u202fEyong vivait \u00e0 Kumba, dans la r\u00e9gion du Sud-Ouest du Cameroun, avec son fils de 18\u202fans, Austin Enow Eyong, et sa fille adoptive&hellip;","og_url":"https:\/\/cusointernational.org\/fr\/recit\/repartir-a-zero-au-nigeria\/","og_site_name":"Cuso International","twitter_card":"summary_large_image","twitter_misc":{"Dur\u00e9e de lecture estim\u00e9e":"2 minutes"},"schema":{"@context":"https:\/\/schema.org","@graph":[{"@type":"WebPage","@id":"https:\/\/cusointernational.org\/fr\/recit\/repartir-a-zero-au-nigeria\/","url":"https:\/\/cusointernational.org\/fr\/recit\/repartir-a-zero-au-nigeria\/","name":"Repartir \u00e0 z\u00e9ro au Nigeria - Cuso International","isPartOf":{"@id":"https:\/\/cusointernational.org\/fr\/#website"},"primaryImageOfPage":{"@id":"https:\/\/cusointernational.org\/fr\/recit\/repartir-a-zero-au-nigeria\/#primaryimage"},"image":{"@id":"https:\/\/cusointernational.org\/fr\/recit\/repartir-a-zero-au-nigeria\/#primaryimage"},"thumbnailUrl":"https:\/\/cusointernational.org\/wp-content\/uploads\/Louise2-1-scaled.jpg","datePublished":"2023-01-25T16:22:57+00:00","breadcrumb":{"@id":"https:\/\/cusointernational.org\/fr\/recit\/repartir-a-zero-au-nigeria\/#breadcrumb"},"inLanguage":"fr-FR","potentialAction":[{"@type":"ReadAction","target":["https:\/\/cusointernational.org\/fr\/recit\/repartir-a-zero-au-nigeria\/"]}]},{"@type":"ImageObject","inLanguage":"fr-FR","@id":"https:\/\/cusointernational.org\/fr\/recit\/repartir-a-zero-au-nigeria\/#primaryimage","url":"https:\/\/cusointernational.org\/wp-content\/uploads\/Louise2-1-scaled.jpg","contentUrl":"https:\/\/cusointernational.org\/wp-content\/uploads\/Louise2-1-scaled.jpg","width":2560,"height":1706,"caption":"Starting a new life in Nigeria"},{"@type":"BreadcrumbList","@id":"https:\/\/cusointernational.org\/fr\/recit\/repartir-a-zero-au-nigeria\/#breadcrumb","itemListElement":[{"@type":"ListItem","position":1,"name":"Home","item":"https:\/\/cusointernational.org\/fr\/"},{"@type":"ListItem","position":2,"name":"Repartir \u00e0 z\u00e9ro au Nigeria"}]},{"@type":"WebSite","@id":"https:\/\/cusointernational.org\/fr\/#website","url":"https:\/\/cusointernational.org\/fr\/","name":"Cuso International","description":"Connecting communities around the world with skilled Canadians to help end poverty","potentialAction":[{"@type":"SearchAction","target":{"@type":"EntryPoint","urlTemplate":"https:\/\/cusointernational.org\/fr\/?s={search_term_string}"},"query-input":{"@type":"PropertyValueSpecification","valueRequired":true,"valueName":"search_term_string"}}],"inLanguage":"fr-FR"}]}},"_links":{"self":[{"href":"https:\/\/cusointernational.org\/fr\/wp-json\/wp\/v2\/stories\/43111","targetHints":{"allow":["GET"]}}],"collection":[{"href":"https:\/\/cusointernational.org\/fr\/wp-json\/wp\/v2\/stories"}],"about":[{"href":"https:\/\/cusointernational.org\/fr\/wp-json\/wp\/v2\/types\/stories"}],"wp:featuredmedia":[{"embeddable":true,"href":"https:\/\/cusointernational.org\/fr\/wp-json\/wp\/v2\/media\/43109"}],"wp:attachment":[{"href":"https:\/\/cusointernational.org\/fr\/wp-json\/wp\/v2\/media?parent=43111"}],"wp:term":[{"taxonomy":"country","embeddable":true,"href":"https:\/\/cusointernational.org\/fr\/wp-json\/wp\/v2\/country?post=43111"},{"taxonomy":"post_theme","embeddable":true,"href":"https:\/\/cusointernational.org\/fr\/wp-json\/wp\/v2\/post_theme?post=43111"}],"curies":[{"name":"wp","href":"https:\/\/api.w.org\/{rel}","templated":true}]}}