{"id":42146,"date":"2022-10-21T10:57:12","date_gmt":"2022-10-21T14:57:12","guid":{"rendered":"https:\/\/cusointernational.org\/?post_type=stories&#038;p=42146"},"modified":"2024-02-21T08:43:26","modified_gmt":"2024-02-21T13:43:26","slug":"des-decennies-de-solidarite","status":"publish","type":"stories","link":"https:\/\/cusointernational.org\/fr\/recit\/des-decennies-de-solidarite\/","title":{"rendered":"Des d\u00e9cennies de solidarit\u00e9"},"content":{"rendered":"<p>Au d\u00e9but de leur vie commune, Darlene et Mark\u202fJohnson ont pris le temps de r\u00e9fl\u00e9chir \u00e0 leurs valeurs et aux fa\u00e7ons de les incarner au quotidien. C\u2019est alors qu\u2019est n\u00e9e une longue tradition de solidarit\u00e9. Plus de 46\u202fans plus tard, Darlene et Mark continuent \u00e0 contribuer financi\u00e8rement \u00e0 la mission de Cuso International.<\/p>\n<p>\u00ab\u202fNous avions des dettes d\u2019\u00e9tudes et les autres soucis financiers que rencontrent les jeunes couples\u202f\u00bb, pr\u00e9cise Mark en parlant du d\u00e9but de leur vie commune. \u00ab\u202fNous n\u2019\u00e9tions pas riches, mais nous avons tout de m\u00eame d\u00e9cid\u00e9 de partager le peu que nous avions. Nous avons toujours consacr\u00e9 une partie de nos revenus \u00e0 des organismes de bienfaisance\u202f\u00bb, ajoute-t-il.<\/p>\n<p>Darlene et Mark ont choisi Cuso International entre autres parce que Darlene a fait de la coop\u00e9ration volontaire avec Cuso International en Zambie, o\u00f9 elle a enseign\u00e9 de 1973 \u00e0 1975. Elle connaissait la philosophie et les valeurs de l\u2019organisation et y adh\u00e9rait compl\u00e8tement. Le couple a commenc\u00e9 par faire des dons annuels, avant d\u2019opter pour le programme de dons mensuels. \u00ab\u202fLes dons mensuels nous conviennent mieux, puisque \u00e7a correspond \u00e0 notre volont\u00e9 de donner une partie de nos revenus\u202f\u00bb, explique Darlene. Darlene et Mark ont m\u00eame couch\u00e9 Cuso International sur le testament qu\u2019ils ont r\u00e9dig\u00e9 avec leur notaire au d\u00e9but des ann\u00e9es\u202f1980. \u00ab\u202fUn testament est la derni\u00e8re occasion de dire \u00e0 une personne ou \u00e0 une organisation qu\u2019elle avait une grande importance \u00e0 vos yeux\u202f\u00bb, souligne Mark.<\/p>\n<p>Le couple appr\u00e9cie tout particuli\u00e8rement le mode de fonctionnement de Cuso International, qui envoie des coop\u00e9rants-volontaires \u00e0 l\u2019\u00e9tranger et dans le Nord du Canada afin de contribuer \u00e0 des projets transformateurs. Les deux tourtereaux lisent religieusement toutes nos publications et se disent inspir\u00e9s par notre travail. Darlene, par ailleurs, dit \u00eatre impressionn\u00e9e par notre ouverture aux r\u00e9troactions et le suivi que nous effectuons aupr\u00e8s de nos coop\u00e9rants-volontaires. \u00ab\u202fC\u2019est une organisation qui cherche constamment \u00e0 s\u2019am\u00e9liorer, souligne-t-elle. C\u2019est aussi pour cette raison que nous avons toujours \u00e9t\u00e9 heureux de contribuer \u00e0 sa mission.\u202f\u00bb<\/p>\n<p>De plus, bon nombre de leurs amis sont d\u2019anciens coop\u00e9rants-volontaires de Cuso International, ajoute Mark. \u00ab\u202fCe sont toutes des personnes extraordinaires, constate-t-il. Pourquoi on ne soutiendrait pas des gens dont la philosophie et les valeurs correspondent aux n\u00f4tres?\u202f\u00bb<\/p>\n<p>Pour Darlene et Mark, l\u2019authenticit\u00e9 et les nombreuses r\u00e9alisations de Cuso International leur donnent la certitude que leurs dons seront utilis\u00e9s \u00e0 bon escient afin d\u2019am\u00e9liorer les conditions de vie des personnes vuln\u00e9rables.<\/p>\n<p>\u00ab\u202fC\u2019est pour cette raison que nous n\u2019avons jamais cess\u00e9 de contribuer \u00e0 cette mission, ajoute le couple. Nous ne cherchons pas la notori\u00e9t\u00e9, encore moins qu\u2019on nomme un programme en notre nom. Nous voulons simplement que Cuso International investisse nos dons le mieux possible.\u202f\u00bb<\/p>\n<p>Vous souhaitez en savoir plus sur les fa\u00e7ons de jouer un r\u00f4le majeur dans la mission de Cuso International en faisant un don testamentaire? Communiquez avec Nicole Burgess, Directrice adjointe, Philanthropie et mobilisation.<\/p>\n<p>Sans frais\u202f: 1.888.434.2876, poste\u202f205 | Courriel\u202f: nicole.burgess@cusointernational.org<\/p>\n","protected":false},"featured_media":42144,"template":"","country":[250],"post_theme":[209,220,208,206,196,219],"class_list":["post-42146","stories","type-stories","status-publish","has-post-thumbnail","hentry","country-zambie","post_theme-volunteering-fr","post_theme-community-fr","post_theme-womens-rights-fr","post_theme-education-fr","post_theme-gender-equality-fr","post_theme-economic-opportunities-fr"],"acf":[],"yoast_head":"<!-- This site is optimized with the Yoast SEO plugin v27.5 - https:\/\/yoast.com\/product\/yoast-seo-wordpress\/ -->\n<title>Des d\u00e9cennies de solidarit\u00e9 - Cuso International<\/title>\n<meta name=\"robots\" content=\"index, follow, max-snippet:-1, max-image-preview:large, max-video-preview:-1\" \/>\n<link rel=\"canonical\" href=\"https:\/\/cusointernational.org\/fr\/recit\/des-decennies-de-solidarite\/\" \/>\n<meta property=\"og:locale\" content=\"fr_FR\" \/>\n<meta property=\"og:type\" content=\"article\" \/>\n<meta property=\"og:title\" content=\"Des d\u00e9cennies de solidarit\u00e9 - Cuso International\" \/>\n<meta property=\"og:description\" content=\"Au d\u00e9but de leur vie commune, Darlene et Mark\u202fJohnson ont pris le temps de r\u00e9fl\u00e9chir \u00e0 leurs valeurs et aux fa\u00e7ons de les incarner au quotidien. C\u2019est alors qu\u2019est n\u00e9e une longue tradition de solidarit\u00e9. Plus de 46\u202fans plus tard, Darlene et Mark continuent \u00e0 contribuer financi\u00e8rement \u00e0 la mission de Cuso International. \u00ab\u202fNous avions&hellip;\" \/>\n<meta property=\"og:url\" content=\"https:\/\/cusointernational.org\/fr\/recit\/des-decennies-de-solidarite\/\" \/>\n<meta property=\"og:site_name\" content=\"Cuso International\" \/>\n<meta property=\"article:modified_time\" content=\"2024-02-21T13:43:26+00:00\" \/>\n<meta property=\"og:image\" content=\"https:\/\/cusointernational.org\/wp-content\/uploads\/Johnson-Photo-scaled.jpg\" \/>\n\t<meta property=\"og:image:width\" content=\"2560\" \/>\n\t<meta property=\"og:image:height\" content=\"1920\" \/>\n\t<meta property=\"og:image:type\" content=\"image\/jpeg\" \/>\n<meta name=\"twitter:card\" content=\"summary_large_image\" \/>\n<meta name=\"twitter:label1\" content=\"Dur\u00e9e de lecture estim\u00e9e\" \/>\n\t<meta name=\"twitter:data1\" content=\"3 minutes\" \/>\n<script type=\"application\/ld+json\" class=\"yoast-schema-graph\">{\"@context\":\"https:\\\/\\\/schema.org\",\"@graph\":[{\"@type\":\"WebPage\",\"@id\":\"https:\\\/\\\/cusointernational.org\\\/fr\\\/recit\\\/des-decennies-de-solidarite\\\/\",\"url\":\"https:\\\/\\\/cusointernational.org\\\/fr\\\/recit\\\/des-decennies-de-solidarite\\\/\",\"name\":\"Des d\u00e9cennies de solidarit\u00e9 - Cuso International\",\"isPartOf\":{\"@id\":\"https:\\\/\\\/cusointernational.org\\\/fr\\\/#website\"},\"primaryImageOfPage\":{\"@id\":\"https:\\\/\\\/cusointernational.org\\\/fr\\\/recit\\\/des-decennies-de-solidarite\\\/#primaryimage\"},\"image\":{\"@id\":\"https:\\\/\\\/cusointernational.org\\\/fr\\\/recit\\\/des-decennies-de-solidarite\\\/#primaryimage\"},\"thumbnailUrl\":\"https:\\\/\\\/cusointernational.org\\\/wp-content\\\/uploads\\\/Johnson-Photo-scaled.jpg\",\"datePublished\":\"2022-10-21T14:57:12+00:00\",\"dateModified\":\"2024-02-21T13:43:26+00:00\",\"breadcrumb\":{\"@id\":\"https:\\\/\\\/cusointernational.org\\\/fr\\\/recit\\\/des-decennies-de-solidarite\\\/#breadcrumb\"},\"inLanguage\":\"fr-FR\",\"potentialAction\":[{\"@type\":\"ReadAction\",\"target\":[\"https:\\\/\\\/cusointernational.org\\\/fr\\\/recit\\\/des-decennies-de-solidarite\\\/\"]}]},{\"@type\":\"ImageObject\",\"inLanguage\":\"fr-FR\",\"@id\":\"https:\\\/\\\/cusointernational.org\\\/fr\\\/recit\\\/des-decennies-de-solidarite\\\/#primaryimage\",\"url\":\"https:\\\/\\\/cusointernational.org\\\/wp-content\\\/uploads\\\/Johnson-Photo-scaled.jpg\",\"contentUrl\":\"https:\\\/\\\/cusointernational.org\\\/wp-content\\\/uploads\\\/Johnson-Photo-scaled.jpg\",\"width\":2560,\"height\":1920,\"caption\":\"Two older people, a man and woman, smiling in the sun at the camera\"},{\"@type\":\"BreadcrumbList\",\"@id\":\"https:\\\/\\\/cusointernational.org\\\/fr\\\/recit\\\/des-decennies-de-solidarite\\\/#breadcrumb\",\"itemListElement\":[{\"@type\":\"ListItem\",\"position\":1,\"name\":\"Home\",\"item\":\"https:\\\/\\\/cusointernational.org\\\/fr\\\/\"},{\"@type\":\"ListItem\",\"position\":2,\"name\":\"Des d\u00e9cennies de solidarit\u00e9\"}]},{\"@type\":\"WebSite\",\"@id\":\"https:\\\/\\\/cusointernational.org\\\/fr\\\/#website\",\"url\":\"https:\\\/\\\/cusointernational.org\\\/fr\\\/\",\"name\":\"Cuso International\",\"description\":\"Connecting communities around the world with skilled Canadians to help end poverty\",\"potentialAction\":[{\"@type\":\"SearchAction\",\"target\":{\"@type\":\"EntryPoint\",\"urlTemplate\":\"https:\\\/\\\/cusointernational.org\\\/fr\\\/?s={search_term_string}\"},\"query-input\":{\"@type\":\"PropertyValueSpecification\",\"valueRequired\":true,\"valueName\":\"search_term_string\"}}],\"inLanguage\":\"fr-FR\"}]}<\/script>\n<!-- \/ Yoast SEO plugin. -->","yoast_head_json":{"title":"Des d\u00e9cennies de solidarit\u00e9 - Cuso International","robots":{"index":"index","follow":"follow","max-snippet":"max-snippet:-1","max-image-preview":"max-image-preview:large","max-video-preview":"max-video-preview:-1"},"canonical":"https:\/\/cusointernational.org\/fr\/recit\/des-decennies-de-solidarite\/","og_locale":"fr_FR","og_type":"article","og_title":"Des d\u00e9cennies de solidarit\u00e9 - Cuso International","og_description":"Au d\u00e9but de leur vie commune, Darlene et Mark\u202fJohnson ont pris le temps de r\u00e9fl\u00e9chir \u00e0 leurs valeurs et aux fa\u00e7ons de les incarner au quotidien. C\u2019est alors qu\u2019est n\u00e9e une longue tradition de solidarit\u00e9. Plus de 46\u202fans plus tard, Darlene et Mark continuent \u00e0 contribuer financi\u00e8rement \u00e0 la mission de Cuso International. \u00ab\u202fNous avions&hellip;","og_url":"https:\/\/cusointernational.org\/fr\/recit\/des-decennies-de-solidarite\/","og_site_name":"Cuso International","article_modified_time":"2024-02-21T13:43:26+00:00","og_image":[{"width":2560,"height":1920,"url":"https:\/\/cusointernational.org\/wp-content\/uploads\/Johnson-Photo-scaled.jpg","type":"image\/jpeg"}],"twitter_card":"summary_large_image","twitter_misc":{"Dur\u00e9e de lecture estim\u00e9e":"3 minutes"},"schema":{"@context":"https:\/\/schema.org","@graph":[{"@type":"WebPage","@id":"https:\/\/cusointernational.org\/fr\/recit\/des-decennies-de-solidarite\/","url":"https:\/\/cusointernational.org\/fr\/recit\/des-decennies-de-solidarite\/","name":"Des d\u00e9cennies de solidarit\u00e9 - Cuso International","isPartOf":{"@id":"https:\/\/cusointernational.org\/fr\/#website"},"primaryImageOfPage":{"@id":"https:\/\/cusointernational.org\/fr\/recit\/des-decennies-de-solidarite\/#primaryimage"},"image":{"@id":"https:\/\/cusointernational.org\/fr\/recit\/des-decennies-de-solidarite\/#primaryimage"},"thumbnailUrl":"https:\/\/cusointernational.org\/wp-content\/uploads\/Johnson-Photo-scaled.jpg","datePublished":"2022-10-21T14:57:12+00:00","dateModified":"2024-02-21T13:43:26+00:00","breadcrumb":{"@id":"https:\/\/cusointernational.org\/fr\/recit\/des-decennies-de-solidarite\/#breadcrumb"},"inLanguage":"fr-FR","potentialAction":[{"@type":"ReadAction","target":["https:\/\/cusointernational.org\/fr\/recit\/des-decennies-de-solidarite\/"]}]},{"@type":"ImageObject","inLanguage":"fr-FR","@id":"https:\/\/cusointernational.org\/fr\/recit\/des-decennies-de-solidarite\/#primaryimage","url":"https:\/\/cusointernational.org\/wp-content\/uploads\/Johnson-Photo-scaled.jpg","contentUrl":"https:\/\/cusointernational.org\/wp-content\/uploads\/Johnson-Photo-scaled.jpg","width":2560,"height":1920,"caption":"Two older people, a man and woman, smiling in the sun at the camera"},{"@type":"BreadcrumbList","@id":"https:\/\/cusointernational.org\/fr\/recit\/des-decennies-de-solidarite\/#breadcrumb","itemListElement":[{"@type":"ListItem","position":1,"name":"Home","item":"https:\/\/cusointernational.org\/fr\/"},{"@type":"ListItem","position":2,"name":"Des d\u00e9cennies de solidarit\u00e9"}]},{"@type":"WebSite","@id":"https:\/\/cusointernational.org\/fr\/#website","url":"https:\/\/cusointernational.org\/fr\/","name":"Cuso International","description":"Connecting communities around the world with skilled Canadians to help end poverty","potentialAction":[{"@type":"SearchAction","target":{"@type":"EntryPoint","urlTemplate":"https:\/\/cusointernational.org\/fr\/?s={search_term_string}"},"query-input":{"@type":"PropertyValueSpecification","valueRequired":true,"valueName":"search_term_string"}}],"inLanguage":"fr-FR"}]}},"_links":{"self":[{"href":"https:\/\/cusointernational.org\/fr\/wp-json\/wp\/v2\/stories\/42146","targetHints":{"allow":["GET"]}}],"collection":[{"href":"https:\/\/cusointernational.org\/fr\/wp-json\/wp\/v2\/stories"}],"about":[{"href":"https:\/\/cusointernational.org\/fr\/wp-json\/wp\/v2\/types\/stories"}],"wp:featuredmedia":[{"embeddable":true,"href":"https:\/\/cusointernational.org\/fr\/wp-json\/wp\/v2\/media\/42144"}],"wp:attachment":[{"href":"https:\/\/cusointernational.org\/fr\/wp-json\/wp\/v2\/media?parent=42146"}],"wp:term":[{"taxonomy":"country","embeddable":true,"href":"https:\/\/cusointernational.org\/fr\/wp-json\/wp\/v2\/country?post=42146"},{"taxonomy":"post_theme","embeddable":true,"href":"https:\/\/cusointernational.org\/fr\/wp-json\/wp\/v2\/post_theme?post=42146"}],"curies":[{"name":"wp","href":"https:\/\/api.w.org\/{rel}","templated":true}]}}