{"id":41741,"date":"2022-08-09T16:16:00","date_gmt":"2022-08-09T20:16:00","guid":{"rendered":"https:\/\/cusointernational.org\/?post_type=stories&#038;p=41741"},"modified":"2022-08-09T16:16:15","modified_gmt":"2022-08-09T20:16:15","slug":"un-nouveau-projet-donne-voix-au-chapitre-aux-congolaises","status":"publish","type":"stories","link":"https:\/\/cusointernational.org\/fr\/recit\/un-nouveau-projet-donne-voix-au-chapitre-aux-congolaises\/","title":{"rendered":"Un nouveau projet donne voix au chapitre aux Congolaises"},"content":{"rendered":"<p>En R\u00e9publique d\u00e9mocratique du Congo (RDC), le plus grand pays d\u2019Afrique subsaharienne, les femmes jouent un r\u00f4le pr\u00e9pond\u00e9rant en agriculture. Elles constituent la majorit\u00e9 de la main-d\u2019\u0153uvre de ce secteur et produisent 80\u202f% des denr\u00e9es qu\u2019elles servent \u00e0 leur famille. <\/p>\n<p>Pourtant, les femmes sont sous-repr\u00e9sent\u00e9es dans les r\u00f4les de direction et exclues du processus d\u00e9cisionnel des comit\u00e9s locaux de d\u00e9veloppement\u202f(CLD). Les membres des CLD mettent en \u0153uvre et supervisent les projets de d\u00e9veloppement de leur village. Les CLD d\u00e9cident des mesures \u00e0 prendre et veillent \u00e0 la saine administration des investissements et des ressources de la communaut\u00e9. <\/p>\n<p>La sous-repr\u00e9sentation des femmes dans ces comit\u00e9s les emp\u00eache de prendre leur place, d\u2019avoir leur mot \u00e0 dire et de jouer pleinement leur r\u00f4le de catalyseur de d\u00e9veloppement. <\/p>\n<p>Pour Adolphine\u202fMatayi\u202fBazaba, m\u00e8re de six enfants, la participation \u00e0 un nouveau projet visant \u00e0 favoriser la concertation en mati\u00e8re de d\u00e9veloppement a tout chang\u00e9. Avec cette initiative, le partenaire de Cuso International, Actions concert\u00e9es pour le d\u00e9veloppement durable (ACODED), place l\u2019\u00e9galit\u00e9 des sexes au c\u0153ur des programmes de d\u00e9veloppement communautaire. Comment? En veillant d\u2019abord \u00e0 garantir une meilleure repr\u00e9sentation des femmes aux postes d\u00e9cisionnels. <\/p>\n<p>\u00ab\u202fCe programme est important, car il valorise les femmes et les filles\u202f\u00bb, explique Adolphine. <\/p>\n<p>Une formation sur les in\u00e9galit\u00e9s homme-femme, des ateliers, le renforcement des capacit\u00e9s et une plus grande repr\u00e9sentativit\u00e9 des femmes aux postes de direction ont donn\u00e9 \u00e0 ces derni\u00e8res les moyens de se faire entendre. De plus, comme le CLD d\u2019Adolphine poss\u00e8de maintenant des outils ax\u00e9s sur l\u2019\u00e9galit\u00e9 entre les sexes pour planifier, recueillir des donn\u00e9es, assurer un suivi et produire des rapports, ses membres comprennent mieux les retomb\u00e9es des mesures adopt\u00e9es et sont en mesure de les bonifier. <\/p>\n<p>La femme de 53\u202fans, qui est aujourd\u2019hui membre et secr\u00e9taire du CLD de Yila, dans le territoire de Seke-Banza de la province du Kongo central, constate que le programme a donn\u00e9 lieu \u00e0 un consensus sur le sens du mot \u00ab\u202f\u00e9galit\u00e9\u202f\u00bb entre les femmes et les hommes dans son village. <\/p>\n<p>Bonne nouvelle, des femmes sont d\u00e9sormais \u00e0 la t\u00eate de cinq autres CLD de la r\u00e9gion! <\/p>\n<p>\u00ab\u202fJe suis fi\u00e8re de ce que nous avons fait. C\u2019est un grand pas dans la bonne direction. Les femmes devraient toujours avoir voix au chapitre. C\u2019est bon pour toute la communaut\u00e9\u202f\u00bb, rench\u00e9rit Adolphine. <\/p>\n","protected":false},"featured_media":41739,"template":"","country":[221],"post_theme":[208,196],"class_list":["post-41741","stories","type-stories","status-publish","has-post-thumbnail","hentry","country-democratic-republic-of-congo-fr","post_theme-womens-rights-fr","post_theme-gender-equality-fr"],"acf":[],"yoast_head":"<!-- This site is optimized with the Yoast SEO plugin v27.5 - https:\/\/yoast.com\/product\/yoast-seo-wordpress\/ -->\n<title>Un nouveau projet donne voix au chapitre aux Congolaises - Cuso International<\/title>\n<meta name=\"robots\" content=\"index, follow, max-snippet:-1, max-image-preview:large, max-video-preview:-1\" \/>\n<link rel=\"canonical\" href=\"https:\/\/cusointernational.org\/fr\/recit\/un-nouveau-projet-donne-voix-au-chapitre-aux-congolaises\/\" \/>\n<meta property=\"og:locale\" content=\"fr_FR\" \/>\n<meta property=\"og:type\" content=\"article\" \/>\n<meta property=\"og:title\" content=\"Un nouveau projet donne voix au chapitre aux Congolaises - Cuso International\" \/>\n<meta property=\"og:description\" content=\"En R\u00e9publique d\u00e9mocratique du Congo (RDC), le plus grand pays d\u2019Afrique subsaharienne, les femmes jouent un r\u00f4le pr\u00e9pond\u00e9rant en agriculture. Elles constituent la majorit\u00e9 de la main-d\u2019\u0153uvre de ce secteur et produisent 80\u202f% des denr\u00e9es qu\u2019elles servent \u00e0 leur famille. Pourtant, les femmes sont sous-repr\u00e9sent\u00e9es dans les r\u00f4les de direction et exclues du processus d\u00e9cisionnel&hellip;\" \/>\n<meta property=\"og:url\" content=\"https:\/\/cusointernational.org\/fr\/recit\/un-nouveau-projet-donne-voix-au-chapitre-aux-congolaises\/\" \/>\n<meta property=\"og:site_name\" content=\"Cuso International\" \/>\n<meta property=\"article:modified_time\" content=\"2022-08-09T20:16:15+00:00\" \/>\n<meta property=\"og:image\" content=\"https:\/\/cusointernational.org\/wp-content\/uploads\/MatayiBazaba-1-ACODED-2.jpeg\" \/>\n\t<meta property=\"og:image:width\" content=\"1040\" \/>\n\t<meta property=\"og:image:height\" content=\"780\" \/>\n\t<meta property=\"og:image:type\" content=\"image\/jpeg\" \/>\n<meta name=\"twitter:card\" content=\"summary_large_image\" \/>\n<meta name=\"twitter:label1\" content=\"Dur\u00e9e de lecture estim\u00e9e\" \/>\n\t<meta name=\"twitter:data1\" content=\"2 minutes\" \/>\n<script type=\"application\/ld+json\" class=\"yoast-schema-graph\">{\"@context\":\"https:\\\/\\\/schema.org\",\"@graph\":[{\"@type\":\"WebPage\",\"@id\":\"https:\\\/\\\/cusointernational.org\\\/fr\\\/recit\\\/un-nouveau-projet-donne-voix-au-chapitre-aux-congolaises\\\/\",\"url\":\"https:\\\/\\\/cusointernational.org\\\/fr\\\/recit\\\/un-nouveau-projet-donne-voix-au-chapitre-aux-congolaises\\\/\",\"name\":\"Un nouveau projet donne voix au chapitre aux Congolaises - Cuso International\",\"isPartOf\":{\"@id\":\"https:\\\/\\\/cusointernational.org\\\/fr\\\/#website\"},\"primaryImageOfPage\":{\"@id\":\"https:\\\/\\\/cusointernational.org\\\/fr\\\/recit\\\/un-nouveau-projet-donne-voix-au-chapitre-aux-congolaises\\\/#primaryimage\"},\"image\":{\"@id\":\"https:\\\/\\\/cusointernational.org\\\/fr\\\/recit\\\/un-nouveau-projet-donne-voix-au-chapitre-aux-congolaises\\\/#primaryimage\"},\"thumbnailUrl\":\"https:\\\/\\\/cusointernational.org\\\/wp-content\\\/uploads\\\/MatayiBazaba-1-ACODED-2.jpeg\",\"datePublished\":\"2022-08-09T20:16:00+00:00\",\"dateModified\":\"2022-08-09T20:16:15+00:00\",\"breadcrumb\":{\"@id\":\"https:\\\/\\\/cusointernational.org\\\/fr\\\/recit\\\/un-nouveau-projet-donne-voix-au-chapitre-aux-congolaises\\\/#breadcrumb\"},\"inLanguage\":\"fr-FR\",\"potentialAction\":[{\"@type\":\"ReadAction\",\"target\":[\"https:\\\/\\\/cusointernational.org\\\/fr\\\/recit\\\/un-nouveau-projet-donne-voix-au-chapitre-aux-congolaises\\\/\"]}]},{\"@type\":\"ImageObject\",\"inLanguage\":\"fr-FR\",\"@id\":\"https:\\\/\\\/cusointernational.org\\\/fr\\\/recit\\\/un-nouveau-projet-donne-voix-au-chapitre-aux-congolaises\\\/#primaryimage\",\"url\":\"https:\\\/\\\/cusointernational.org\\\/wp-content\\\/uploads\\\/MatayiBazaba-1-ACODED-2.jpeg\",\"contentUrl\":\"https:\\\/\\\/cusointernational.org\\\/wp-content\\\/uploads\\\/MatayiBazaba-1-ACODED-2.jpeg\",\"width\":1040,\"height\":780,\"caption\":\"Adolphine in DRC, ACODED\"},{\"@type\":\"BreadcrumbList\",\"@id\":\"https:\\\/\\\/cusointernational.org\\\/fr\\\/recit\\\/un-nouveau-projet-donne-voix-au-chapitre-aux-congolaises\\\/#breadcrumb\",\"itemListElement\":[{\"@type\":\"ListItem\",\"position\":1,\"name\":\"Home\",\"item\":\"https:\\\/\\\/cusointernational.org\\\/fr\\\/\"},{\"@type\":\"ListItem\",\"position\":2,\"name\":\"Un nouveau projet donne voix au chapitre aux Congolaises\"}]},{\"@type\":\"WebSite\",\"@id\":\"https:\\\/\\\/cusointernational.org\\\/fr\\\/#website\",\"url\":\"https:\\\/\\\/cusointernational.org\\\/fr\\\/\",\"name\":\"Cuso International\",\"description\":\"Connecting communities around the world with skilled Canadians to help end poverty\",\"potentialAction\":[{\"@type\":\"SearchAction\",\"target\":{\"@type\":\"EntryPoint\",\"urlTemplate\":\"https:\\\/\\\/cusointernational.org\\\/fr\\\/?s={search_term_string}\"},\"query-input\":{\"@type\":\"PropertyValueSpecification\",\"valueRequired\":true,\"valueName\":\"search_term_string\"}}],\"inLanguage\":\"fr-FR\"}]}<\/script>\n<!-- \/ Yoast SEO plugin. -->","yoast_head_json":{"title":"Un nouveau projet donne voix au chapitre aux Congolaises - Cuso International","robots":{"index":"index","follow":"follow","max-snippet":"max-snippet:-1","max-image-preview":"max-image-preview:large","max-video-preview":"max-video-preview:-1"},"canonical":"https:\/\/cusointernational.org\/fr\/recit\/un-nouveau-projet-donne-voix-au-chapitre-aux-congolaises\/","og_locale":"fr_FR","og_type":"article","og_title":"Un nouveau projet donne voix au chapitre aux Congolaises - Cuso International","og_description":"En R\u00e9publique d\u00e9mocratique du Congo (RDC), le plus grand pays d\u2019Afrique subsaharienne, les femmes jouent un r\u00f4le pr\u00e9pond\u00e9rant en agriculture. Elles constituent la majorit\u00e9 de la main-d\u2019\u0153uvre de ce secteur et produisent 80\u202f% des denr\u00e9es qu\u2019elles servent \u00e0 leur famille. Pourtant, les femmes sont sous-repr\u00e9sent\u00e9es dans les r\u00f4les de direction et exclues du processus d\u00e9cisionnel&hellip;","og_url":"https:\/\/cusointernational.org\/fr\/recit\/un-nouveau-projet-donne-voix-au-chapitre-aux-congolaises\/","og_site_name":"Cuso International","article_modified_time":"2022-08-09T20:16:15+00:00","og_image":[{"width":1040,"height":780,"url":"https:\/\/cusointernational.org\/wp-content\/uploads\/MatayiBazaba-1-ACODED-2.jpeg","type":"image\/jpeg"}],"twitter_card":"summary_large_image","twitter_misc":{"Dur\u00e9e de lecture estim\u00e9e":"2 minutes"},"schema":{"@context":"https:\/\/schema.org","@graph":[{"@type":"WebPage","@id":"https:\/\/cusointernational.org\/fr\/recit\/un-nouveau-projet-donne-voix-au-chapitre-aux-congolaises\/","url":"https:\/\/cusointernational.org\/fr\/recit\/un-nouveau-projet-donne-voix-au-chapitre-aux-congolaises\/","name":"Un nouveau projet donne voix au chapitre aux Congolaises - Cuso International","isPartOf":{"@id":"https:\/\/cusointernational.org\/fr\/#website"},"primaryImageOfPage":{"@id":"https:\/\/cusointernational.org\/fr\/recit\/un-nouveau-projet-donne-voix-au-chapitre-aux-congolaises\/#primaryimage"},"image":{"@id":"https:\/\/cusointernational.org\/fr\/recit\/un-nouveau-projet-donne-voix-au-chapitre-aux-congolaises\/#primaryimage"},"thumbnailUrl":"https:\/\/cusointernational.org\/wp-content\/uploads\/MatayiBazaba-1-ACODED-2.jpeg","datePublished":"2022-08-09T20:16:00+00:00","dateModified":"2022-08-09T20:16:15+00:00","breadcrumb":{"@id":"https:\/\/cusointernational.org\/fr\/recit\/un-nouveau-projet-donne-voix-au-chapitre-aux-congolaises\/#breadcrumb"},"inLanguage":"fr-FR","potentialAction":[{"@type":"ReadAction","target":["https:\/\/cusointernational.org\/fr\/recit\/un-nouveau-projet-donne-voix-au-chapitre-aux-congolaises\/"]}]},{"@type":"ImageObject","inLanguage":"fr-FR","@id":"https:\/\/cusointernational.org\/fr\/recit\/un-nouveau-projet-donne-voix-au-chapitre-aux-congolaises\/#primaryimage","url":"https:\/\/cusointernational.org\/wp-content\/uploads\/MatayiBazaba-1-ACODED-2.jpeg","contentUrl":"https:\/\/cusointernational.org\/wp-content\/uploads\/MatayiBazaba-1-ACODED-2.jpeg","width":1040,"height":780,"caption":"Adolphine in DRC, ACODED"},{"@type":"BreadcrumbList","@id":"https:\/\/cusointernational.org\/fr\/recit\/un-nouveau-projet-donne-voix-au-chapitre-aux-congolaises\/#breadcrumb","itemListElement":[{"@type":"ListItem","position":1,"name":"Home","item":"https:\/\/cusointernational.org\/fr\/"},{"@type":"ListItem","position":2,"name":"Un nouveau projet donne voix au chapitre aux Congolaises"}]},{"@type":"WebSite","@id":"https:\/\/cusointernational.org\/fr\/#website","url":"https:\/\/cusointernational.org\/fr\/","name":"Cuso International","description":"Connecting communities around the world with skilled Canadians to help end poverty","potentialAction":[{"@type":"SearchAction","target":{"@type":"EntryPoint","urlTemplate":"https:\/\/cusointernational.org\/fr\/?s={search_term_string}"},"query-input":{"@type":"PropertyValueSpecification","valueRequired":true,"valueName":"search_term_string"}}],"inLanguage":"fr-FR"}]}},"_links":{"self":[{"href":"https:\/\/cusointernational.org\/fr\/wp-json\/wp\/v2\/stories\/41741","targetHints":{"allow":["GET"]}}],"collection":[{"href":"https:\/\/cusointernational.org\/fr\/wp-json\/wp\/v2\/stories"}],"about":[{"href":"https:\/\/cusointernational.org\/fr\/wp-json\/wp\/v2\/types\/stories"}],"wp:featuredmedia":[{"embeddable":true,"href":"https:\/\/cusointernational.org\/fr\/wp-json\/wp\/v2\/media\/41739"}],"wp:attachment":[{"href":"https:\/\/cusointernational.org\/fr\/wp-json\/wp\/v2\/media?parent=41741"}],"wp:term":[{"taxonomy":"country","embeddable":true,"href":"https:\/\/cusointernational.org\/fr\/wp-json\/wp\/v2\/country?post=41741"},{"taxonomy":"post_theme","embeddable":true,"href":"https:\/\/cusointernational.org\/fr\/wp-json\/wp\/v2\/post_theme?post=41741"}],"curies":[{"name":"wp","href":"https:\/\/api.w.org\/{rel}","templated":true}]}}