{"id":41215,"date":"2022-05-02T14:55:36","date_gmt":"2022-05-02T18:55:36","guid":{"rendered":"https:\/\/cusointernational.org\/?post_type=stories&#038;p=41215"},"modified":"2023-02-23T01:29:57","modified_gmt":"2023-02-23T06:29:57","slug":"encourager-lentrepreneuriat-et-lautonomie-financiere-des-femmes-en-colombie","status":"publish","type":"stories","link":"https:\/\/cusointernational.org\/fr\/recit\/encourager-lentrepreneuriat-et-lautonomie-financiere-des-femmes-en-colombie\/","title":{"rendered":"Encourager l\u2019entrepreneuriat et l\u2019autonomie financi\u00e8re des femmes en Colombie"},"content":{"rendered":"<p>En Colombie, Nieves travaille sept jours par semaine\u202f: comme couturi\u00e8re \u00e0 Bucaramanga et dans la boulangerie familiale \u00e0 la campagne. Elle consacre aussi beaucoup de temps \u00e0 sa communaut\u00e9, notamment aux rencontres de discussions sur les projets sociaux et les am\u00e9liorations aux services publics de la ville.<\/p>\n<p>\u00ab\u202fJ\u2019esp\u00e8re qu\u2019un jour notre boulangerie permettra \u00e0 ma famille de bien vivre pour que je ne sois plus oblig\u00e9e de travailler autant, explique la femme de 56\u202fans. Mais malgr\u00e9 tout mon travail, je continue \u00e0 m\u2019activer pour ma communaut\u00e9 et \u00e0 chercher des moyens de donner un coup de main.\u202f\u00bb<\/p>\n<p>Inspir\u00e9s par la pers\u00e9v\u00e9rance et le travail acharn\u00e9 de Nieves et d\u2019autres Colombiennes, Laura\u202fMartinez et Javier\u202fRestrepo, deux coop\u00e9rants-volontaires de Cuso International, ont mis sur pied un programme de formation en partenariat avec la Fundaci\u00f3n Mujer y Futuro afin d\u2019encourager l\u2019entrepreneuriat et l\u2019autonomie financi\u00e8re des femmes.<\/p>\n<p>\u00ab\u202fEn favorisant leur ind\u00e9pendance financi\u00e8re, notre trousse et notre programme de formation permettront aux femmes de participer davantage \u00e0 la vie politique et communautaire\u202f\u00bb, explique Graciela\u202fTerraza, coordonnatrice de projets \u00e0 la Fundaci\u00f3n Mujer y Futuro. De plus, explique-t-elle, bien des femmes qui fr\u00e9quentent la Fondation sont chefs de famille. Elles doivent donc consacrer beaucoup de temps aux t\u00e2ches domestiques, en plus de faire vivre leur famille gr\u00e2ce \u00e0 la cr\u00e9ation de petites entreprises.<\/p>\n<p>La trousse comprend six modules pour aider les femmes \u00e0 fonder une entreprise, dont l\u2019id\u00e9ation de projets, l\u2019\u00e9tape de cr\u00e9ation et la consolidation de l\u2019entreprise pour accro\u00eetre ses profits et en assurer la p\u00e9rennit\u00e9.<\/p>\n<p>Au d\u00e9but du mois de mars, Laura a anim\u00e9 des ateliers sur la trousse intitul\u00e9e \u00ab\u202fFemmes sur la voie de l\u2019autonomie financi\u00e8re\u202f\u00bb. Les ateliers \u00e9taient destin\u00e9s \u00e0 des formatrices de la Fundaci\u00f3n Mujer y Futuro qui travaillent avec environ 300\u202fmicroentrepreneures. Au cours des prochains mois, les formatrices partageront le contenu de la trousse avec ces microentrepreneures, dont Nieves.<\/p>\n<p>\u00ab\u202fLa trousse aidera les femmes \u00e0 optimiser le rendement de leur entreprise\u202f\u00bb, explique Javier. Cela ne pourra que faire cro\u00eetre leur confiance en elles et, du m\u00eame coup, leur d\u00e9sir de cr\u00e9er de nouvelles entreprises et de tester de nouvelles id\u00e9es.<\/p>\n<p>Comme le pr\u00e9cisent Laura et Javier, ce programme de formation est le r\u00e9sultat de leur pr\u00e9c\u00e9dente exp\u00e9rience de coop\u00e9ration volontaire en Colombie, qui leur a permis d\u2019acqu\u00e9rir les connaissances et les comp\u00e9tences n\u00e9cessaires pour concevoir des outils de d\u00e9veloppement d\u2019entreprises adapt\u00e9s au contexte local.<\/p>\n<p>\u00ab\u202fJavier a travaill\u00e9 avec l\u2019Asociaci\u00f3n de agricultores organicos de Ibagu\u00e9 et \u00e0 la Chambre de commerce de Cali, pr\u00e9cise Laura. De mon c\u00f4t\u00e9, j\u2019ai travaill\u00e9 avec la Chambre de commerce et l\u2019Asociaci\u00f3n de mujeres emprendedoras de Choc\u00f3. Bien que nous ayons tous les deux une formation professionnelle connexe, notre exp\u00e9rience sur le terrain nous a permis d\u2019acqu\u00e9rir les connaissances et la compr\u00e9hension n\u00e9cessaires pour cr\u00e9er ce programme de formation.\u202f\u00bb<\/p>\n","protected":false},"featured_media":41213,"template":"","country":[127],"post_theme":[208,219],"class_list":["post-41215","stories","type-stories","status-publish","has-post-thumbnail","hentry","country-colombia-fr","post_theme-womens-rights-fr","post_theme-economic-opportunities-fr"],"acf":[],"yoast_head":"<!-- This site is optimized with the Yoast SEO plugin v27.4 - https:\/\/yoast.com\/product\/yoast-seo-wordpress\/ -->\n<title>Encourager l\u2019entrepreneuriat et l\u2019autonomie financi\u00e8re des femmes en Colombie - Cuso International<\/title>\n<meta name=\"description\" content=\"Laura\u202fMartinez et Javier\u202fRestrepo, deux coop\u00e9rants-volontaires de Cuso, ont mis sur pied un programme de formation en partenariat avec la Fundaci\u00f3n Mujer y Futuro afin d\u2019encourager l\u2019entrepreneuriat et l\u2019autonomie financi\u00e8re des femmes.\" \/>\n<meta name=\"robots\" content=\"index, follow, max-snippet:-1, max-image-preview:large, max-video-preview:-1\" \/>\n<link rel=\"canonical\" href=\"https:\/\/cusointernational.org\/fr\/recit\/encourager-lentrepreneuriat-et-lautonomie-financiere-des-femmes-en-colombie\/\" \/>\n<meta property=\"og:locale\" content=\"fr_FR\" \/>\n<meta property=\"og:type\" content=\"article\" \/>\n<meta property=\"og:title\" content=\"Encourager l\u2019entrepreneuriat et l\u2019autonomie financi\u00e8re des femmes en Colombie - Cuso International\" \/>\n<meta property=\"og:description\" content=\"Laura\u202fMartinez et Javier\u202fRestrepo, deux coop\u00e9rants-volontaires de Cuso, ont mis sur pied un programme de formation en partenariat avec la Fundaci\u00f3n Mujer y Futuro afin d\u2019encourager l\u2019entrepreneuriat et l\u2019autonomie financi\u00e8re des femmes.\" \/>\n<meta property=\"og:url\" content=\"https:\/\/cusointernational.org\/fr\/recit\/encourager-lentrepreneuriat-et-lautonomie-financiere-des-femmes-en-colombie\/\" \/>\n<meta property=\"og:site_name\" content=\"Cuso International\" \/>\n<meta property=\"article:modified_time\" content=\"2023-02-23T06:29:57+00:00\" \/>\n<meta property=\"og:image\" content=\"https:\/\/cusointernational.org\/wp-content\/uploads\/Colombia-CORRT-2022.jpg\" \/>\n\t<meta property=\"og:image:width\" content=\"1600\" \/>\n\t<meta property=\"og:image:height\" content=\"1000\" \/>\n\t<meta property=\"og:image:type\" content=\"image\/jpeg\" \/>\n<meta name=\"twitter:card\" content=\"summary_large_image\" \/>\n<meta name=\"twitter:label1\" content=\"Dur\u00e9e de lecture estim\u00e9e\" \/>\n\t<meta name=\"twitter:data1\" content=\"3 minutes\" \/>\n<script type=\"application\/ld+json\" class=\"yoast-schema-graph\">{\"@context\":\"https:\\\/\\\/schema.org\",\"@graph\":[{\"@type\":\"WebPage\",\"@id\":\"https:\\\/\\\/cusointernational.org\\\/fr\\\/recit\\\/encourager-lentrepreneuriat-et-lautonomie-financiere-des-femmes-en-colombie\\\/\",\"url\":\"https:\\\/\\\/cusointernational.org\\\/fr\\\/recit\\\/encourager-lentrepreneuriat-et-lautonomie-financiere-des-femmes-en-colombie\\\/\",\"name\":\"Encourager l\u2019entrepreneuriat et l\u2019autonomie financi\u00e8re des femmes en Colombie - Cuso International\",\"isPartOf\":{\"@id\":\"https:\\\/\\\/cusointernational.org\\\/fr\\\/#website\"},\"primaryImageOfPage\":{\"@id\":\"https:\\\/\\\/cusointernational.org\\\/fr\\\/recit\\\/encourager-lentrepreneuriat-et-lautonomie-financiere-des-femmes-en-colombie\\\/#primaryimage\"},\"image\":{\"@id\":\"https:\\\/\\\/cusointernational.org\\\/fr\\\/recit\\\/encourager-lentrepreneuriat-et-lautonomie-financiere-des-femmes-en-colombie\\\/#primaryimage\"},\"thumbnailUrl\":\"https:\\\/\\\/cusointernational.org\\\/wp-content\\\/uploads\\\/Colombia-CORRT-2022.jpg\",\"datePublished\":\"2022-05-02T18:55:36+00:00\",\"dateModified\":\"2023-02-23T06:29:57+00:00\",\"description\":\"Laura\u202fMartinez et Javier\u202fRestrepo, deux coop\u00e9rants-volontaires de Cuso, ont mis sur pied un programme de formation en partenariat avec la Fundaci\u00f3n Mujer y Futuro afin d\u2019encourager l\u2019entrepreneuriat et l\u2019autonomie financi\u00e8re des femmes.\",\"breadcrumb\":{\"@id\":\"https:\\\/\\\/cusointernational.org\\\/fr\\\/recit\\\/encourager-lentrepreneuriat-et-lautonomie-financiere-des-femmes-en-colombie\\\/#breadcrumb\"},\"inLanguage\":\"fr-FR\",\"potentialAction\":[{\"@type\":\"ReadAction\",\"target\":[\"https:\\\/\\\/cusointernational.org\\\/fr\\\/recit\\\/encourager-lentrepreneuriat-et-lautonomie-financiere-des-femmes-en-colombie\\\/\"]}]},{\"@type\":\"ImageObject\",\"inLanguage\":\"fr-FR\",\"@id\":\"https:\\\/\\\/cusointernational.org\\\/fr\\\/recit\\\/encourager-lentrepreneuriat-et-lautonomie-financiere-des-femmes-en-colombie\\\/#primaryimage\",\"url\":\"https:\\\/\\\/cusointernational.org\\\/wp-content\\\/uploads\\\/Colombia-CORRT-2022.jpg\",\"contentUrl\":\"https:\\\/\\\/cusointernational.org\\\/wp-content\\\/uploads\\\/Colombia-CORRT-2022.jpg\",\"width\":1600,\"height\":1000,\"caption\":\"Fundaci\u00f3n Mujer y Futuro\\\/Women and Future Foundation, supporting women\u2019s economic autonomy and entrepreneurship in Colombia\"},{\"@type\":\"BreadcrumbList\",\"@id\":\"https:\\\/\\\/cusointernational.org\\\/fr\\\/recit\\\/encourager-lentrepreneuriat-et-lautonomie-financiere-des-femmes-en-colombie\\\/#breadcrumb\",\"itemListElement\":[{\"@type\":\"ListItem\",\"position\":1,\"name\":\"Home\",\"item\":\"https:\\\/\\\/cusointernational.org\\\/fr\\\/\"},{\"@type\":\"ListItem\",\"position\":2,\"name\":\"Encourager l\u2019entrepreneuriat et l\u2019autonomie financi\u00e8re des femmes en Colombie\"}]},{\"@type\":\"WebSite\",\"@id\":\"https:\\\/\\\/cusointernational.org\\\/fr\\\/#website\",\"url\":\"https:\\\/\\\/cusointernational.org\\\/fr\\\/\",\"name\":\"Cuso International\",\"description\":\"Connecting communities around the world with skilled Canadians to help end poverty\",\"potentialAction\":[{\"@type\":\"SearchAction\",\"target\":{\"@type\":\"EntryPoint\",\"urlTemplate\":\"https:\\\/\\\/cusointernational.org\\\/fr\\\/?s={search_term_string}\"},\"query-input\":{\"@type\":\"PropertyValueSpecification\",\"valueRequired\":true,\"valueName\":\"search_term_string\"}}],\"inLanguage\":\"fr-FR\"}]}<\/script>\n<!-- \/ Yoast SEO plugin. -->","yoast_head_json":{"title":"Encourager l\u2019entrepreneuriat et l\u2019autonomie financi\u00e8re des femmes en Colombie - Cuso International","description":"Laura\u202fMartinez et Javier\u202fRestrepo, deux coop\u00e9rants-volontaires de Cuso, ont mis sur pied un programme de formation en partenariat avec la Fundaci\u00f3n Mujer y Futuro afin d\u2019encourager l\u2019entrepreneuriat et l\u2019autonomie financi\u00e8re des femmes.","robots":{"index":"index","follow":"follow","max-snippet":"max-snippet:-1","max-image-preview":"max-image-preview:large","max-video-preview":"max-video-preview:-1"},"canonical":"https:\/\/cusointernational.org\/fr\/recit\/encourager-lentrepreneuriat-et-lautonomie-financiere-des-femmes-en-colombie\/","og_locale":"fr_FR","og_type":"article","og_title":"Encourager l\u2019entrepreneuriat et l\u2019autonomie financi\u00e8re des femmes en Colombie - Cuso International","og_description":"Laura\u202fMartinez et Javier\u202fRestrepo, deux coop\u00e9rants-volontaires de Cuso, ont mis sur pied un programme de formation en partenariat avec la Fundaci\u00f3n Mujer y Futuro afin d\u2019encourager l\u2019entrepreneuriat et l\u2019autonomie financi\u00e8re des femmes.","og_url":"https:\/\/cusointernational.org\/fr\/recit\/encourager-lentrepreneuriat-et-lautonomie-financiere-des-femmes-en-colombie\/","og_site_name":"Cuso International","article_modified_time":"2023-02-23T06:29:57+00:00","og_image":[{"width":1600,"height":1000,"url":"https:\/\/cusointernational.org\/wp-content\/uploads\/Colombia-CORRT-2022.jpg","type":"image\/jpeg"}],"twitter_card":"summary_large_image","twitter_misc":{"Dur\u00e9e de lecture estim\u00e9e":"3 minutes"},"schema":{"@context":"https:\/\/schema.org","@graph":[{"@type":"WebPage","@id":"https:\/\/cusointernational.org\/fr\/recit\/encourager-lentrepreneuriat-et-lautonomie-financiere-des-femmes-en-colombie\/","url":"https:\/\/cusointernational.org\/fr\/recit\/encourager-lentrepreneuriat-et-lautonomie-financiere-des-femmes-en-colombie\/","name":"Encourager l\u2019entrepreneuriat et l\u2019autonomie financi\u00e8re des femmes en Colombie - Cuso International","isPartOf":{"@id":"https:\/\/cusointernational.org\/fr\/#website"},"primaryImageOfPage":{"@id":"https:\/\/cusointernational.org\/fr\/recit\/encourager-lentrepreneuriat-et-lautonomie-financiere-des-femmes-en-colombie\/#primaryimage"},"image":{"@id":"https:\/\/cusointernational.org\/fr\/recit\/encourager-lentrepreneuriat-et-lautonomie-financiere-des-femmes-en-colombie\/#primaryimage"},"thumbnailUrl":"https:\/\/cusointernational.org\/wp-content\/uploads\/Colombia-CORRT-2022.jpg","datePublished":"2022-05-02T18:55:36+00:00","dateModified":"2023-02-23T06:29:57+00:00","description":"Laura\u202fMartinez et Javier\u202fRestrepo, deux coop\u00e9rants-volontaires de Cuso, ont mis sur pied un programme de formation en partenariat avec la Fundaci\u00f3n Mujer y Futuro afin d\u2019encourager l\u2019entrepreneuriat et l\u2019autonomie financi\u00e8re des femmes.","breadcrumb":{"@id":"https:\/\/cusointernational.org\/fr\/recit\/encourager-lentrepreneuriat-et-lautonomie-financiere-des-femmes-en-colombie\/#breadcrumb"},"inLanguage":"fr-FR","potentialAction":[{"@type":"ReadAction","target":["https:\/\/cusointernational.org\/fr\/recit\/encourager-lentrepreneuriat-et-lautonomie-financiere-des-femmes-en-colombie\/"]}]},{"@type":"ImageObject","inLanguage":"fr-FR","@id":"https:\/\/cusointernational.org\/fr\/recit\/encourager-lentrepreneuriat-et-lautonomie-financiere-des-femmes-en-colombie\/#primaryimage","url":"https:\/\/cusointernational.org\/wp-content\/uploads\/Colombia-CORRT-2022.jpg","contentUrl":"https:\/\/cusointernational.org\/wp-content\/uploads\/Colombia-CORRT-2022.jpg","width":1600,"height":1000,"caption":"Fundaci\u00f3n Mujer y Futuro\/Women and Future Foundation, supporting women\u2019s economic autonomy and entrepreneurship in Colombia"},{"@type":"BreadcrumbList","@id":"https:\/\/cusointernational.org\/fr\/recit\/encourager-lentrepreneuriat-et-lautonomie-financiere-des-femmes-en-colombie\/#breadcrumb","itemListElement":[{"@type":"ListItem","position":1,"name":"Home","item":"https:\/\/cusointernational.org\/fr\/"},{"@type":"ListItem","position":2,"name":"Encourager l\u2019entrepreneuriat et l\u2019autonomie financi\u00e8re des femmes en Colombie"}]},{"@type":"WebSite","@id":"https:\/\/cusointernational.org\/fr\/#website","url":"https:\/\/cusointernational.org\/fr\/","name":"Cuso International","description":"Connecting communities around the world with skilled Canadians to help end poverty","potentialAction":[{"@type":"SearchAction","target":{"@type":"EntryPoint","urlTemplate":"https:\/\/cusointernational.org\/fr\/?s={search_term_string}"},"query-input":{"@type":"PropertyValueSpecification","valueRequired":true,"valueName":"search_term_string"}}],"inLanguage":"fr-FR"}]}},"_links":{"self":[{"href":"https:\/\/cusointernational.org\/fr\/wp-json\/wp\/v2\/stories\/41215","targetHints":{"allow":["GET"]}}],"collection":[{"href":"https:\/\/cusointernational.org\/fr\/wp-json\/wp\/v2\/stories"}],"about":[{"href":"https:\/\/cusointernational.org\/fr\/wp-json\/wp\/v2\/types\/stories"}],"wp:featuredmedia":[{"embeddable":true,"href":"https:\/\/cusointernational.org\/fr\/wp-json\/wp\/v2\/media\/41213"}],"wp:attachment":[{"href":"https:\/\/cusointernational.org\/fr\/wp-json\/wp\/v2\/media?parent=41215"}],"wp:term":[{"taxonomy":"country","embeddable":true,"href":"https:\/\/cusointernational.org\/fr\/wp-json\/wp\/v2\/country?post=41215"},{"taxonomy":"post_theme","embeddable":true,"href":"https:\/\/cusointernational.org\/fr\/wp-json\/wp\/v2\/post_theme?post=41215"}],"curies":[{"name":"wp","href":"https:\/\/api.w.org\/{rel}","templated":true}]}}