{"id":40816,"date":"2022-03-24T16:19:32","date_gmt":"2022-03-24T20:19:32","guid":{"rendered":"https:\/\/cusointernational.org\/?post_type=stories&#038;p=40816"},"modified":"2023-02-23T01:33:31","modified_gmt":"2023-02-23T06:33:31","slug":"lutter-pour-les-droits-des-femmes-en-colombie","status":"publish","type":"stories","link":"https:\/\/cusointernational.org\/fr\/recit\/lutter-pour-les-droits-des-femmes-en-colombie\/","title":{"rendered":"Lutter pour les droits des femmes en Colombie en misant sur la solidarit\u00e9 f\u00e9minine"},"content":{"rendered":"<p>Les leaders f\u00e9minins qui s\u2019organisent et qui luttent pour le respect des droits des femmes dans la r\u00e9gion de la c\u00f4te Pacifique pavent la voie de la libert\u00e9 aux jeunes g\u00e9n\u00e9rations, explique Jaime\u202fDuarte, coordonnateur de programmes de la Fundaci\u00f3n Activos Culturales Afro (ACUA), en Colombie.<\/p>\n<p>\u00ab\u202fLes leaders avec qui je travaille sont des femmes plus \u00e2g\u00e9es. La plupart ont 40\u202fans et plus. Elles montrent aux plus jeunes que la solidarit\u00e9 f\u00e9minine peut les prot\u00e9ger, les rendre plus fortes et leur permettre d\u2019accomplir davantage, explique-t-il. Cela donne l\u2019occasion aux femmes d\u2019apprendre \u00e0 se conna\u00eetre, de s\u2019outiller et de prendre conscience de leurs r\u00e9alit\u00e9s et de leurs droits.\u202f\u00bb<\/p>\n<p>Avec l\u2019aide de Cuso International, l\u2019ACUA travaille dans des communaut\u00e9s rurales de descendance africaine de la r\u00e9gion de la c\u00f4te Pacifique de la Colombie (ainsi que de l\u2019\u00c9quateur et du P\u00e9rou) pour d\u00e9fendre leurs droits et leur inclusion sociale et \u00e9conomique. Les communaut\u00e9s de descendance africaine d\u2019Am\u00e9rique latine sont souvent laiss\u00e9es pour compte du point de vue \u00e9conomique et social. R\u00e9sultat\u202f: elles sont plus pauvres et ont moins acc\u00e8s au march\u00e9 du travail, aux services de sant\u00e9 maternelle et infantile et \u00e0 des logements ad\u00e9quats.<\/p>\n<p>\u00ab\u202fLes droits fondamentaux des femmes doivent \u00eatre respect\u00e9s. Nous sommes convaincus que plus leurs droits seront respect\u00e9s, plus elles pourront contribuer au d\u00e9veloppement de leur communaut\u00e9, explique Jaime. Elles cesseront alors de s\u2019inqui\u00e9ter et auront plus de libert\u00e9s. Plus de libert\u00e9s sociales et \u00e9conomiques qui leur permettront d\u2019\u00eatre plus autonomes et de contribuer activement \u00e0 leur communaut\u00e9.\u202f\u00bb<\/p>\n<p>L\u2019an dernier, l\u2019ACUA a accompli des progr\u00e8s majeurs dans la municipalit\u00e9 d\u2019El Charco Nari\u00f1o gr\u00e2ce \u00e0 une nouvelle politique publique pour les femmes. Avant, les femmes n\u2019avaient acc\u00e8s \u00e0 aucune assistance juridique pour faire valoir leurs droits. Avec cette nouvelle politique, les femmes peuvent s\u2019organiser, se faire entendre et devenir des moteurs de changement dans leur communaut\u00e9. L\u2019ACUA a \u00e9galement aid\u00e9 une association de femmes \u00e0 Choc\u00f3 \u00e0 obtenir un meilleur acc\u00e8s aux soins de sant\u00e9 sexuelle, reproductive, maternelle et infantile, notamment. De plus, elle a travaill\u00e9 avec des entrepreneures pour les accompagner sur le chemin de l\u2019ind\u00e9pendance financi\u00e8re.<\/p>\n<p>\u00ab\u202fLes femmes de ces communaut\u00e9s veulent avoir le contr\u00f4le de leur vie. Le moins qu\u2019on puisse faire, c\u2019est de les aider \u00e0 y parvenir, explique Jaime. Nous devons joindre nos forces, d\u2019o\u00f9 l\u2019importance de l\u2019alliance form\u00e9e avec Cuso International.\u202f\u00bb<\/p>\n","protected":false},"featured_media":40810,"template":"","country":[127],"post_theme":[196],"class_list":["post-40816","stories","type-stories","status-publish","has-post-thumbnail","hentry","country-colombia-fr","post_theme-gender-equality-fr"],"acf":[],"yoast_head":"<!-- This site is optimized with the Yoast SEO plugin v27.5 - https:\/\/yoast.com\/product\/yoast-seo-wordpress\/ -->\n<title>Lutter pour les droits des femmes en Colombie en misant sur la solidarit\u00e9 f\u00e9minine - Cuso International<\/title>\n<meta name=\"description\" content=\"Les leaders f\u00e9minins qui s\u2019organisent et qui luttent pour le respect des droits des femmes pavent la voie de la libert\u00e9 aux jeunes g\u00e9n\u00e9rations.\" \/>\n<meta name=\"robots\" content=\"index, follow, max-snippet:-1, max-image-preview:large, max-video-preview:-1\" \/>\n<link rel=\"canonical\" href=\"https:\/\/cusointernational.org\/fr\/recit\/lutter-pour-les-droits-des-femmes-en-colombie\/\" \/>\n<meta property=\"og:locale\" content=\"fr_FR\" \/>\n<meta property=\"og:type\" content=\"article\" \/>\n<meta property=\"og:title\" content=\"Lutter pour les droits des femmes en Colombie en misant sur la solidarit\u00e9 f\u00e9minine - Cuso International\" \/>\n<meta property=\"og:description\" content=\"Les leaders f\u00e9minins qui s\u2019organisent et qui luttent pour le respect des droits des femmes pavent la voie de la libert\u00e9 aux jeunes g\u00e9n\u00e9rations.\" \/>\n<meta property=\"og:url\" content=\"https:\/\/cusointernational.org\/fr\/recit\/lutter-pour-les-droits-des-femmes-en-colombie\/\" \/>\n<meta property=\"og:site_name\" content=\"Cuso International\" \/>\n<meta property=\"article:modified_time\" content=\"2023-02-23T06:33:31+00:00\" \/>\n<meta property=\"og:image\" content=\"https:\/\/cusointernational.org\/wp-content\/uploads\/WhatsApp-Image-2021-07-25-at-6.14.55-PM.jpeg\" \/>\n\t<meta property=\"og:image:width\" content=\"1600\" \/>\n\t<meta property=\"og:image:height\" content=\"1200\" \/>\n\t<meta property=\"og:image:type\" content=\"image\/jpeg\" \/>\n<meta name=\"twitter:card\" content=\"summary_large_image\" \/>\n<meta name=\"twitter:label1\" content=\"Dur\u00e9e de lecture estim\u00e9e\" \/>\n\t<meta name=\"twitter:data1\" content=\"2 minutes\" \/>\n<script type=\"application\/ld+json\" class=\"yoast-schema-graph\">{\"@context\":\"https:\\\/\\\/schema.org\",\"@graph\":[{\"@type\":\"WebPage\",\"@id\":\"https:\\\/\\\/cusointernational.org\\\/fr\\\/recit\\\/lutter-pour-les-droits-des-femmes-en-colombie\\\/\",\"url\":\"https:\\\/\\\/cusointernational.org\\\/fr\\\/recit\\\/lutter-pour-les-droits-des-femmes-en-colombie\\\/\",\"name\":\"Lutter pour les droits des femmes en Colombie en misant sur la solidarit\u00e9 f\u00e9minine - Cuso International\",\"isPartOf\":{\"@id\":\"https:\\\/\\\/cusointernational.org\\\/fr\\\/#website\"},\"primaryImageOfPage\":{\"@id\":\"https:\\\/\\\/cusointernational.org\\\/fr\\\/recit\\\/lutter-pour-les-droits-des-femmes-en-colombie\\\/#primaryimage\"},\"image\":{\"@id\":\"https:\\\/\\\/cusointernational.org\\\/fr\\\/recit\\\/lutter-pour-les-droits-des-femmes-en-colombie\\\/#primaryimage\"},\"thumbnailUrl\":\"https:\\\/\\\/cusointernational.org\\\/wp-content\\\/uploads\\\/WhatsApp-Image-2021-07-25-at-6.14.55-PM.jpeg\",\"datePublished\":\"2022-03-24T20:19:32+00:00\",\"dateModified\":\"2023-02-23T06:33:31+00:00\",\"description\":\"Les leaders f\u00e9minins qui s\u2019organisent et qui luttent pour le respect des droits des femmes pavent la voie de la libert\u00e9 aux jeunes g\u00e9n\u00e9rations.\",\"breadcrumb\":{\"@id\":\"https:\\\/\\\/cusointernational.org\\\/fr\\\/recit\\\/lutter-pour-les-droits-des-femmes-en-colombie\\\/#breadcrumb\"},\"inLanguage\":\"fr-FR\",\"potentialAction\":[{\"@type\":\"ReadAction\",\"target\":[\"https:\\\/\\\/cusointernational.org\\\/fr\\\/recit\\\/lutter-pour-les-droits-des-femmes-en-colombie\\\/\"]}]},{\"@type\":\"ImageObject\",\"inLanguage\":\"fr-FR\",\"@id\":\"https:\\\/\\\/cusointernational.org\\\/fr\\\/recit\\\/lutter-pour-les-droits-des-femmes-en-colombie\\\/#primaryimage\",\"url\":\"https:\\\/\\\/cusointernational.org\\\/wp-content\\\/uploads\\\/WhatsApp-Image-2021-07-25-at-6.14.55-PM.jpeg\",\"contentUrl\":\"https:\\\/\\\/cusointernational.org\\\/wp-content\\\/uploads\\\/WhatsApp-Image-2021-07-25-at-6.14.55-PM.jpeg\",\"width\":1600,\"height\":1200,\"caption\":\"Fundaci\u00f3n de Activos Culturales Afro (ACUA) in Colombia\"},{\"@type\":\"BreadcrumbList\",\"@id\":\"https:\\\/\\\/cusointernational.org\\\/fr\\\/recit\\\/lutter-pour-les-droits-des-femmes-en-colombie\\\/#breadcrumb\",\"itemListElement\":[{\"@type\":\"ListItem\",\"position\":1,\"name\":\"Home\",\"item\":\"https:\\\/\\\/cusointernational.org\\\/fr\\\/\"},{\"@type\":\"ListItem\",\"position\":2,\"name\":\"Lutter pour les droits des femmes en Colombie en misant sur la solidarit\u00e9 f\u00e9minine\"}]},{\"@type\":\"WebSite\",\"@id\":\"https:\\\/\\\/cusointernational.org\\\/fr\\\/#website\",\"url\":\"https:\\\/\\\/cusointernational.org\\\/fr\\\/\",\"name\":\"Cuso International\",\"description\":\"Connecting communities around the world with skilled Canadians to help end poverty\",\"potentialAction\":[{\"@type\":\"SearchAction\",\"target\":{\"@type\":\"EntryPoint\",\"urlTemplate\":\"https:\\\/\\\/cusointernational.org\\\/fr\\\/?s={search_term_string}\"},\"query-input\":{\"@type\":\"PropertyValueSpecification\",\"valueRequired\":true,\"valueName\":\"search_term_string\"}}],\"inLanguage\":\"fr-FR\"}]}<\/script>\n<!-- \/ Yoast SEO plugin. -->","yoast_head_json":{"title":"Lutter pour les droits des femmes en Colombie en misant sur la solidarit\u00e9 f\u00e9minine - Cuso International","description":"Les leaders f\u00e9minins qui s\u2019organisent et qui luttent pour le respect des droits des femmes pavent la voie de la libert\u00e9 aux jeunes g\u00e9n\u00e9rations.","robots":{"index":"index","follow":"follow","max-snippet":"max-snippet:-1","max-image-preview":"max-image-preview:large","max-video-preview":"max-video-preview:-1"},"canonical":"https:\/\/cusointernational.org\/fr\/recit\/lutter-pour-les-droits-des-femmes-en-colombie\/","og_locale":"fr_FR","og_type":"article","og_title":"Lutter pour les droits des femmes en Colombie en misant sur la solidarit\u00e9 f\u00e9minine - Cuso International","og_description":"Les leaders f\u00e9minins qui s\u2019organisent et qui luttent pour le respect des droits des femmes pavent la voie de la libert\u00e9 aux jeunes g\u00e9n\u00e9rations.","og_url":"https:\/\/cusointernational.org\/fr\/recit\/lutter-pour-les-droits-des-femmes-en-colombie\/","og_site_name":"Cuso International","article_modified_time":"2023-02-23T06:33:31+00:00","og_image":[{"width":1600,"height":1200,"url":"https:\/\/cusointernational.org\/wp-content\/uploads\/WhatsApp-Image-2021-07-25-at-6.14.55-PM.jpeg","type":"image\/jpeg"}],"twitter_card":"summary_large_image","twitter_misc":{"Dur\u00e9e de lecture estim\u00e9e":"2 minutes"},"schema":{"@context":"https:\/\/schema.org","@graph":[{"@type":"WebPage","@id":"https:\/\/cusointernational.org\/fr\/recit\/lutter-pour-les-droits-des-femmes-en-colombie\/","url":"https:\/\/cusointernational.org\/fr\/recit\/lutter-pour-les-droits-des-femmes-en-colombie\/","name":"Lutter pour les droits des femmes en Colombie en misant sur la solidarit\u00e9 f\u00e9minine - Cuso International","isPartOf":{"@id":"https:\/\/cusointernational.org\/fr\/#website"},"primaryImageOfPage":{"@id":"https:\/\/cusointernational.org\/fr\/recit\/lutter-pour-les-droits-des-femmes-en-colombie\/#primaryimage"},"image":{"@id":"https:\/\/cusointernational.org\/fr\/recit\/lutter-pour-les-droits-des-femmes-en-colombie\/#primaryimage"},"thumbnailUrl":"https:\/\/cusointernational.org\/wp-content\/uploads\/WhatsApp-Image-2021-07-25-at-6.14.55-PM.jpeg","datePublished":"2022-03-24T20:19:32+00:00","dateModified":"2023-02-23T06:33:31+00:00","description":"Les leaders f\u00e9minins qui s\u2019organisent et qui luttent pour le respect des droits des femmes pavent la voie de la libert\u00e9 aux jeunes g\u00e9n\u00e9rations.","breadcrumb":{"@id":"https:\/\/cusointernational.org\/fr\/recit\/lutter-pour-les-droits-des-femmes-en-colombie\/#breadcrumb"},"inLanguage":"fr-FR","potentialAction":[{"@type":"ReadAction","target":["https:\/\/cusointernational.org\/fr\/recit\/lutter-pour-les-droits-des-femmes-en-colombie\/"]}]},{"@type":"ImageObject","inLanguage":"fr-FR","@id":"https:\/\/cusointernational.org\/fr\/recit\/lutter-pour-les-droits-des-femmes-en-colombie\/#primaryimage","url":"https:\/\/cusointernational.org\/wp-content\/uploads\/WhatsApp-Image-2021-07-25-at-6.14.55-PM.jpeg","contentUrl":"https:\/\/cusointernational.org\/wp-content\/uploads\/WhatsApp-Image-2021-07-25-at-6.14.55-PM.jpeg","width":1600,"height":1200,"caption":"Fundaci\u00f3n de Activos Culturales Afro (ACUA) in Colombia"},{"@type":"BreadcrumbList","@id":"https:\/\/cusointernational.org\/fr\/recit\/lutter-pour-les-droits-des-femmes-en-colombie\/#breadcrumb","itemListElement":[{"@type":"ListItem","position":1,"name":"Home","item":"https:\/\/cusointernational.org\/fr\/"},{"@type":"ListItem","position":2,"name":"Lutter pour les droits des femmes en Colombie en misant sur la solidarit\u00e9 f\u00e9minine"}]},{"@type":"WebSite","@id":"https:\/\/cusointernational.org\/fr\/#website","url":"https:\/\/cusointernational.org\/fr\/","name":"Cuso International","description":"Connecting communities around the world with skilled Canadians to help end poverty","potentialAction":[{"@type":"SearchAction","target":{"@type":"EntryPoint","urlTemplate":"https:\/\/cusointernational.org\/fr\/?s={search_term_string}"},"query-input":{"@type":"PropertyValueSpecification","valueRequired":true,"valueName":"search_term_string"}}],"inLanguage":"fr-FR"}]}},"_links":{"self":[{"href":"https:\/\/cusointernational.org\/fr\/wp-json\/wp\/v2\/stories\/40816","targetHints":{"allow":["GET"]}}],"collection":[{"href":"https:\/\/cusointernational.org\/fr\/wp-json\/wp\/v2\/stories"}],"about":[{"href":"https:\/\/cusointernational.org\/fr\/wp-json\/wp\/v2\/types\/stories"}],"wp:featuredmedia":[{"embeddable":true,"href":"https:\/\/cusointernational.org\/fr\/wp-json\/wp\/v2\/media\/40810"}],"wp:attachment":[{"href":"https:\/\/cusointernational.org\/fr\/wp-json\/wp\/v2\/media?parent=40816"}],"wp:term":[{"taxonomy":"country","embeddable":true,"href":"https:\/\/cusointernational.org\/fr\/wp-json\/wp\/v2\/country?post=40816"},{"taxonomy":"post_theme","embeddable":true,"href":"https:\/\/cusointernational.org\/fr\/wp-json\/wp\/v2\/post_theme?post=40816"}],"curies":[{"name":"wp","href":"https:\/\/api.w.org\/{rel}","templated":true}]}}