{"id":38251,"date":"2020-11-17T11:23:30","date_gmt":"2020-11-17T16:23:30","guid":{"rendered":"https:\/\/cusointernational.org\/stories\/16%e2%80%afjours-dactivisme-pour-mettre-fin-a-la-violence-faite-aux-femmes\/"},"modified":"2020-11-17T11:23:30","modified_gmt":"2020-11-17T16:23:30","slug":"16%e2%80%afjours-dactivisme-pour-mettre-fin-a-la-violence-faite-aux-femmes","status":"publish","type":"stories","link":"https:\/\/cusointernational.org\/fr\/recit\/16%e2%80%afjours-dactivisme-pour-mettre-fin-a-la-violence-faite-aux-femmes\/","title":{"rendered":"16\u202fjours d\u2019activisme pour mettre fin \u00e0 la violence faite aux femmes"},"content":{"rendered":"<p><span data-contrast=\"auto\">Chaque jour<\/span><span data-contrast=\"auto\">,\u00a0<\/span><span data-contrast=\"auto\">nous en apprenons un peu plus sur les cons\u00e9quences de la pand\u00e9mie de COVID-19 \u00e0 l\u2019\u00e9chelle mondiale. Le d\u00e9but des\u00a0<\/span><a href=\"https:\/\/www.unwomen.org\/fr\/what-we-do\/ending-violence-against-women\/take-action\/16-days-of-activism\"><span data-contrast=\"none\">16<\/span><span data-contrast=\"none\">\u202f<\/span><span data-contrast=\"none\">jours d\u2019activisme pour mettre fin \u00e0 la violence faite aux femmes<\/span><\/a><span data-contrast=\"auto\">\u00a0est un douloureux rappel que la violence sexiste ne s\u2019arr\u00eate pas en\u00a0<\/span><span data-contrast=\"auto\">temps\u00a0<\/span><span data-contrast=\"auto\">de pand\u00e9mie. Au contraire, on rapporte une augmentation alarmante de cette forme de violence. En effet, les femmes, les filles et les personnes non binaires subissent encore plus de violence conjugale et familiale en cette p\u00e9riode de crise. Les pertes d\u2019emploi massives, l\u2019ins\u00e9curit\u00e9 alimentaire et \u00e9conomique, la fermeture des \u00e9coles, l\u2019isolement et le stress li\u00e9 au virus lui-m\u00eame exacerbent les probl\u00e8mes de violence partout dans l<\/span><span data-contrast=\"auto\">e monde. Les organismes offrant<\/span><span data-contrast=\"auto\">\u00a0de l\u2019aide aux survivantes de violence rapportent une hausse de 30 \u00e0 60\u202f% des appels et des plaintes d\u00e9pos\u00e9<\/span><span data-contrast=\"auto\">es<\/span><span data-contrast=\"auto\">\u00a0aux services de police. Cette situation est extr\u00eamement pr\u00e9occupante quand on sait qu\u2019avant la pand\u00e9mie une femme sur trois\u00a0<\/span><span data-contrast=\"auto\">subissait<\/span><span data-contrast=\"auto\">\u00a0une forme de violence au cours de sa vie.<\/span><span data-ccp-props=\"{&quot;201341983&quot;:0,&quot;335559739&quot;:160,&quot;335559740&quot;:240}\">\u00a0<\/span><\/p>\n<p><span data-contrast=\"auto\">Malgr\u00e9 les nombreux obstacles, les partenaires de Cuso ont relev\u00e9 le d\u00e9fi de continuer \u00e0 offrir leurs services. Avec l\u2019aide du Fonds d\u2019urgence strat\u00e9gique, nos partenaires f\u00e9ministes au P\u00e9rou ont \u00e9t\u00e9 en mesure d\u2019offrir un h\u00e9bergement s\u00e9curitaire aux femmes et d\u2019adapter leurs services pour r\u00e9pondre aux<\/span><span data-contrast=\"auto\">\u00a0besoins accrus des survivantes, le tout\u00a0<\/span><span data-contrast=\"auto\">en limitant la propagation de la COVID-19. Au B\u00e9nin, le projet Femmes engag\u00e9es pour la dignit\u00e9 humaine a trouv\u00e9 des moyens originaux de poursuivre sa lutte contre la violence\u00a0<\/span><span data-contrast=\"auto\">bas\u00e9e sur le genre\u00a0<\/span><span data-contrast=\"auto\">afin d\u2019\u00e9viter que la pratique de l\u2019excision et des mutilations g\u00e9nitales f\u00e9minines se\u00a0<\/span><span data-contrast=\"auto\">poursuive de fa\u00e7on souterraine.<\/span><span data-ccp-props=\"{&quot;201341983&quot;:0,&quot;335559739&quot;:160,&quot;335559740&quot;:240}\">\u00a0<\/span><\/p>\n<p><span data-contrast=\"auto\">Cette ann\u00e9e, le th\u00e8me de la campagne 16<\/span><span data-contrast=\"auto\">\u202f<\/span><span data-contrast=\"auto\">jours d\u2019activisme est \u00ab<\/span><span data-contrast=\"auto\">\u202fF<\/span><span data-contrast=\"auto\">inancez, intervenez, pr\u00e9venez et collectez!<\/span><span data-contrast=\"auto\">\u202f<\/span><span data-contrast=\"auto\">\u00bb. L\u2019objectif\u202f: rappeler l\u2019importance de financer les services essentiels aux interventions et \u00e0 la pr\u00e9vention de la violence sexiste \u00e0 l\u2019\u00e9chelle nationale et internationale. Ensemble, prenons le temps de r\u00e9fl\u00e9chir, d\u2019apprendre et d\u2019agir pour mettre fin \u00e0 la violence sexiste.<\/span><span data-ccp-props=\"{&quot;201341983&quot;:0,&quot;335559739&quot;:160,&quot;335559740&quot;:240}\">\u00a0<\/span><\/p>\n<p><span data-contrast=\"auto\">En savoir plus sur la contribution de Cuso\u00a0<\/span><span data-contrast=\"auto\">dans ce domaine<\/span><span data-contrast=\"auto\">\u00a0au\u00a0<\/span><a href=\"https:\/\/cusointernational.org\/fr\/recit\/aide-durgence-pour-les-femmes-et-les-familles-peruviennes\/\"><span data-contrast=\"none\">P\u00e9rou<\/span><\/a><span data-contrast=\"auto\">\u00a0et au\u00a0<\/span><a href=\"https:\/\/cusointernational.org\/fr\/recit\/nous-y-mettrons-fin-des-beninoises-du-nord-du-pays-luttent-pour-mettre-fin-aux-mutilations-genitales-feminines\/\"><span data-contrast=\"none\">B\u00e9nin<\/span><\/a><span data-contrast=\"auto\">.<\/span><span data-ccp-props=\"{&quot;201341983&quot;:0,&quot;335559739&quot;:160,&quot;335559740&quot;:240}\">\u00a0<\/span><\/p>\n","protected":false},"featured_media":38224,"template":"","country":[],"post_theme":[208,196],"class_list":["post-38251","stories","type-stories","status-publish","has-post-thumbnail","hentry","post_theme-womens-rights-fr","post_theme-gender-equality-fr"],"acf":[],"yoast_head":"<!-- This site is optimized with the Yoast SEO plugin v27.5 - https:\/\/yoast.com\/product\/yoast-seo-wordpress\/ -->\n<title>16\u202fjours d\u2019activisme pour mettre fin \u00e0 la violence faite aux femmes - Cuso International<\/title>\n<meta name=\"robots\" content=\"index, follow, max-snippet:-1, max-image-preview:large, max-video-preview:-1\" \/>\n<link rel=\"canonical\" href=\"https:\/\/cusointernational.org\/fr\/recit\/16%e2%80%afjours-dactivisme-pour-mettre-fin-a-la-violence-faite-aux-femmes\/\" \/>\n<meta property=\"og:locale\" content=\"fr_FR\" \/>\n<meta property=\"og:type\" content=\"article\" \/>\n<meta property=\"og:title\" content=\"16\u202fjours d\u2019activisme pour mettre fin \u00e0 la violence faite aux femmes - Cuso International\" \/>\n<meta property=\"og:description\" content=\"Chaque jour,\u00a0nous en apprenons un peu plus sur les cons\u00e9quences de la pand\u00e9mie de COVID-19 \u00e0 l\u2019\u00e9chelle mondiale. Le d\u00e9but des\u00a016\u202fjours d\u2019activisme pour mettre fin \u00e0 la violence faite aux femmes\u00a0est un douloureux rappel que la violence sexiste ne s\u2019arr\u00eate pas en\u00a0temps\u00a0de pand\u00e9mie. Au contraire, on rapporte une augmentation alarmante de cette forme de violence.&hellip;\" \/>\n<meta property=\"og:url\" content=\"https:\/\/cusointernational.org\/fr\/recit\/16%e2%80%afjours-dactivisme-pour-mettre-fin-a-la-violence-faite-aux-femmes\/\" \/>\n<meta property=\"og:site_name\" content=\"Cuso International\" \/>\n<meta property=\"og:image\" content=\"https:\/\/cusointernational.org\/wp-content\/uploads\/Alumni_Gender_CUS0032-1web2.jpg\" \/>\n\t<meta property=\"og:image:width\" content=\"1600\" \/>\n\t<meta property=\"og:image:height\" content=\"1001\" \/>\n\t<meta property=\"og:image:type\" content=\"image\/jpeg\" \/>\n<meta name=\"twitter:card\" content=\"summary_large_image\" \/>\n<meta name=\"twitter:label1\" content=\"Dur\u00e9e de lecture estim\u00e9e\" \/>\n\t<meta name=\"twitter:data1\" content=\"2 minutes\" \/>\n<script type=\"application\/ld+json\" class=\"yoast-schema-graph\">{\"@context\":\"https:\\\/\\\/schema.org\",\"@graph\":[{\"@type\":\"WebPage\",\"@id\":\"https:\\\/\\\/cusointernational.org\\\/fr\\\/recit\\\/16%e2%80%afjours-dactivisme-pour-mettre-fin-a-la-violence-faite-aux-femmes\\\/\",\"url\":\"https:\\\/\\\/cusointernational.org\\\/fr\\\/recit\\\/16%e2%80%afjours-dactivisme-pour-mettre-fin-a-la-violence-faite-aux-femmes\\\/\",\"name\":\"16\u202fjours d\u2019activisme pour mettre fin \u00e0 la violence faite aux femmes - Cuso International\",\"isPartOf\":{\"@id\":\"https:\\\/\\\/cusointernational.org\\\/fr\\\/#website\"},\"primaryImageOfPage\":{\"@id\":\"https:\\\/\\\/cusointernational.org\\\/fr\\\/recit\\\/16%e2%80%afjours-dactivisme-pour-mettre-fin-a-la-violence-faite-aux-femmes\\\/#primaryimage\"},\"image\":{\"@id\":\"https:\\\/\\\/cusointernational.org\\\/fr\\\/recit\\\/16%e2%80%afjours-dactivisme-pour-mettre-fin-a-la-violence-faite-aux-femmes\\\/#primaryimage\"},\"thumbnailUrl\":\"https:\\\/\\\/cusointernational.org\\\/wp-content\\\/uploads\\\/Alumni_Gender_CUS0032-1web2.jpg\",\"datePublished\":\"2020-11-17T16:23:30+00:00\",\"breadcrumb\":{\"@id\":\"https:\\\/\\\/cusointernational.org\\\/fr\\\/recit\\\/16%e2%80%afjours-dactivisme-pour-mettre-fin-a-la-violence-faite-aux-femmes\\\/#breadcrumb\"},\"inLanguage\":\"fr-FR\",\"potentialAction\":[{\"@type\":\"ReadAction\",\"target\":[\"https:\\\/\\\/cusointernational.org\\\/fr\\\/recit\\\/16%e2%80%afjours-dactivisme-pour-mettre-fin-a-la-violence-faite-aux-femmes\\\/\"]}]},{\"@type\":\"ImageObject\",\"inLanguage\":\"fr-FR\",\"@id\":\"https:\\\/\\\/cusointernational.org\\\/fr\\\/recit\\\/16%e2%80%afjours-dactivisme-pour-mettre-fin-a-la-violence-faite-aux-femmes\\\/#primaryimage\",\"url\":\"https:\\\/\\\/cusointernational.org\\\/wp-content\\\/uploads\\\/Alumni_Gender_CUS0032-1web2.jpg\",\"contentUrl\":\"https:\\\/\\\/cusointernational.org\\\/wp-content\\\/uploads\\\/Alumni_Gender_CUS0032-1web2.jpg\",\"width\":1600,\"height\":1001},{\"@type\":\"BreadcrumbList\",\"@id\":\"https:\\\/\\\/cusointernational.org\\\/fr\\\/recit\\\/16%e2%80%afjours-dactivisme-pour-mettre-fin-a-la-violence-faite-aux-femmes\\\/#breadcrumb\",\"itemListElement\":[{\"@type\":\"ListItem\",\"position\":1,\"name\":\"Home\",\"item\":\"https:\\\/\\\/cusointernational.org\\\/fr\\\/\"},{\"@type\":\"ListItem\",\"position\":2,\"name\":\"16\u202fjours d\u2019activisme pour mettre fin \u00e0 la violence faite aux femmes\"}]},{\"@type\":\"WebSite\",\"@id\":\"https:\\\/\\\/cusointernational.org\\\/fr\\\/#website\",\"url\":\"https:\\\/\\\/cusointernational.org\\\/fr\\\/\",\"name\":\"Cuso International\",\"description\":\"Connecting communities around the world with skilled Canadians to help end poverty\",\"potentialAction\":[{\"@type\":\"SearchAction\",\"target\":{\"@type\":\"EntryPoint\",\"urlTemplate\":\"https:\\\/\\\/cusointernational.org\\\/fr\\\/?s={search_term_string}\"},\"query-input\":{\"@type\":\"PropertyValueSpecification\",\"valueRequired\":true,\"valueName\":\"search_term_string\"}}],\"inLanguage\":\"fr-FR\"}]}<\/script>\n<!-- \/ Yoast SEO plugin. -->","yoast_head_json":{"title":"16\u202fjours d\u2019activisme pour mettre fin \u00e0 la violence faite aux femmes - Cuso International","robots":{"index":"index","follow":"follow","max-snippet":"max-snippet:-1","max-image-preview":"max-image-preview:large","max-video-preview":"max-video-preview:-1"},"canonical":"https:\/\/cusointernational.org\/fr\/recit\/16%e2%80%afjours-dactivisme-pour-mettre-fin-a-la-violence-faite-aux-femmes\/","og_locale":"fr_FR","og_type":"article","og_title":"16\u202fjours d\u2019activisme pour mettre fin \u00e0 la violence faite aux femmes - Cuso International","og_description":"Chaque jour,\u00a0nous en apprenons un peu plus sur les cons\u00e9quences de la pand\u00e9mie de COVID-19 \u00e0 l\u2019\u00e9chelle mondiale. Le d\u00e9but des\u00a016\u202fjours d\u2019activisme pour mettre fin \u00e0 la violence faite aux femmes\u00a0est un douloureux rappel que la violence sexiste ne s\u2019arr\u00eate pas en\u00a0temps\u00a0de pand\u00e9mie. Au contraire, on rapporte une augmentation alarmante de cette forme de violence.&hellip;","og_url":"https:\/\/cusointernational.org\/fr\/recit\/16%e2%80%afjours-dactivisme-pour-mettre-fin-a-la-violence-faite-aux-femmes\/","og_site_name":"Cuso International","og_image":[{"width":1600,"height":1001,"url":"https:\/\/cusointernational.org\/wp-content\/uploads\/Alumni_Gender_CUS0032-1web2.jpg","type":"image\/jpeg"}],"twitter_card":"summary_large_image","twitter_misc":{"Dur\u00e9e de lecture estim\u00e9e":"2 minutes"},"schema":{"@context":"https:\/\/schema.org","@graph":[{"@type":"WebPage","@id":"https:\/\/cusointernational.org\/fr\/recit\/16%e2%80%afjours-dactivisme-pour-mettre-fin-a-la-violence-faite-aux-femmes\/","url":"https:\/\/cusointernational.org\/fr\/recit\/16%e2%80%afjours-dactivisme-pour-mettre-fin-a-la-violence-faite-aux-femmes\/","name":"16\u202fjours d\u2019activisme pour mettre fin \u00e0 la violence faite aux femmes - Cuso International","isPartOf":{"@id":"https:\/\/cusointernational.org\/fr\/#website"},"primaryImageOfPage":{"@id":"https:\/\/cusointernational.org\/fr\/recit\/16%e2%80%afjours-dactivisme-pour-mettre-fin-a-la-violence-faite-aux-femmes\/#primaryimage"},"image":{"@id":"https:\/\/cusointernational.org\/fr\/recit\/16%e2%80%afjours-dactivisme-pour-mettre-fin-a-la-violence-faite-aux-femmes\/#primaryimage"},"thumbnailUrl":"https:\/\/cusointernational.org\/wp-content\/uploads\/Alumni_Gender_CUS0032-1web2.jpg","datePublished":"2020-11-17T16:23:30+00:00","breadcrumb":{"@id":"https:\/\/cusointernational.org\/fr\/recit\/16%e2%80%afjours-dactivisme-pour-mettre-fin-a-la-violence-faite-aux-femmes\/#breadcrumb"},"inLanguage":"fr-FR","potentialAction":[{"@type":"ReadAction","target":["https:\/\/cusointernational.org\/fr\/recit\/16%e2%80%afjours-dactivisme-pour-mettre-fin-a-la-violence-faite-aux-femmes\/"]}]},{"@type":"ImageObject","inLanguage":"fr-FR","@id":"https:\/\/cusointernational.org\/fr\/recit\/16%e2%80%afjours-dactivisme-pour-mettre-fin-a-la-violence-faite-aux-femmes\/#primaryimage","url":"https:\/\/cusointernational.org\/wp-content\/uploads\/Alumni_Gender_CUS0032-1web2.jpg","contentUrl":"https:\/\/cusointernational.org\/wp-content\/uploads\/Alumni_Gender_CUS0032-1web2.jpg","width":1600,"height":1001},{"@type":"BreadcrumbList","@id":"https:\/\/cusointernational.org\/fr\/recit\/16%e2%80%afjours-dactivisme-pour-mettre-fin-a-la-violence-faite-aux-femmes\/#breadcrumb","itemListElement":[{"@type":"ListItem","position":1,"name":"Home","item":"https:\/\/cusointernational.org\/fr\/"},{"@type":"ListItem","position":2,"name":"16\u202fjours d\u2019activisme pour mettre fin \u00e0 la violence faite aux femmes"}]},{"@type":"WebSite","@id":"https:\/\/cusointernational.org\/fr\/#website","url":"https:\/\/cusointernational.org\/fr\/","name":"Cuso International","description":"Connecting communities around the world with skilled Canadians to help end poverty","potentialAction":[{"@type":"SearchAction","target":{"@type":"EntryPoint","urlTemplate":"https:\/\/cusointernational.org\/fr\/?s={search_term_string}"},"query-input":{"@type":"PropertyValueSpecification","valueRequired":true,"valueName":"search_term_string"}}],"inLanguage":"fr-FR"}]}},"_links":{"self":[{"href":"https:\/\/cusointernational.org\/fr\/wp-json\/wp\/v2\/stories\/38251","targetHints":{"allow":["GET"]}}],"collection":[{"href":"https:\/\/cusointernational.org\/fr\/wp-json\/wp\/v2\/stories"}],"about":[{"href":"https:\/\/cusointernational.org\/fr\/wp-json\/wp\/v2\/types\/stories"}],"wp:featuredmedia":[{"embeddable":true,"href":"https:\/\/cusointernational.org\/fr\/wp-json\/wp\/v2\/media\/38224"}],"wp:attachment":[{"href":"https:\/\/cusointernational.org\/fr\/wp-json\/wp\/v2\/media?parent=38251"}],"wp:term":[{"taxonomy":"country","embeddable":true,"href":"https:\/\/cusointernational.org\/fr\/wp-json\/wp\/v2\/country?post=38251"},{"taxonomy":"post_theme","embeddable":true,"href":"https:\/\/cusointernational.org\/fr\/wp-json\/wp\/v2\/post_theme?post=38251"}],"curies":[{"name":"wp","href":"https:\/\/api.w.org\/{rel}","templated":true}]}}