{"id":38089,"date":"2020-05-05T15:59:54","date_gmt":"2020-05-05T19:59:54","guid":{"rendered":"https:\/\/cuso.wpengine.com\/stories\/entrevue-avec-david-forest-directeur-des-programmes-pour-lafrique\/"},"modified":"2020-11-09T12:02:34","modified_gmt":"2020-11-09T17:02:34","slug":"entrevue-avec-david-forest-directeur-des-programmes-pour-lafrique","status":"publish","type":"stories","link":"https:\/\/cusointernational.org\/fr\/recit\/entrevue-avec-david-forest-directeur-des-programmes-pour-lafrique\/","title":{"rendered":"Entrevue avec David Forest, directeur des programmes pour l\u2019Afrique"},"content":{"rendered":"<p><em><img loading=\"lazy\" decoding=\"async\" class=\"alignleft size-full wp-image-30592\" src=\"https:\/\/cusointernational.org\/wp-content\/uploads\/IMG-20200404-WA0007-2.jpg\" alt=\"\" width=\"1080\" height=\"811\" \/><\/em><\/p>\n<p><em>David\u00a0Forest est directeur des programmes de Cuso International en Afrique. En septembre\u00a02019, il a quitt\u00e9 Ottawa pour s\u2019installer au B\u00e9nin avec sa conjointe et leurs deux jeunes enfants. La petite famille a \u00e9t\u00e9 oblig\u00e9e de revenir plus t\u00f4t en raison de la pand\u00e9mie de COVID-19. Le coronavirus s\u2019\u00e9tant rapidement propag\u00e9 en Europe et en Am\u00e9rique du Nord, le gouvernement canadien a press\u00e9 ses ressortissants \u00e0 revenir au pays. David a gentiment accept\u00e9 de faire une entrevue t\u00e9l\u00e9phonique avec nous pour nous parler de l\u2019impact du coronavirus sur son travail.<\/em><\/p>\n<p><strong>Question\u00a0: <\/strong>Peux-tu nous parler de ta vie au B\u00e9nin avant de recevoir la directive de revenir au Canada?<\/p>\n<p><strong>R\u00e9ponse\u00a0: <\/strong>Bien s\u00fbr! Nous suivons les nouvelles d\u2019Europe et du Canada, mais tout \u00e7a nous paraissait bien loin vu de l\u2019Afrique et du B\u00e9nin. Quand nous avons pris la d\u00e9cision de quitter le B\u00e9nin, nous commencions \u00e0 constater les cons\u00e9quences du coronavirus\u00a0: la peur, le stress, la fermeture des restaurants et des entreprises, la fermeture des \u00e9coles, les gens portant des masques.<\/p>\n<p>Lors de mon premier contact avec l\u2019ambassade canadienne, j\u2019avais eu l\u2019impression que nous n\u2019\u00e9tions pas tenus de revenir au Canada. Mais trois jours plus tard, l\u2019ambassade nous a appel\u00e9s pour nous dire que nous serions \u00e9vacu\u00e9s. Ce fut tout un choc pour nous. Les choses avaient tellement chang\u00e9 en quelques jours.<\/p>\n<p>Nous n\u2019\u00e9tions pas s\u00fbrs que c\u2019\u00e9tait le bon moment de partir. Nous ne voulions pas partir trop t\u00f4t parce que nous voulions remplir notre mission. En m\u00eame temps, nous ne voulions pas attendre trop longtemps et nous retrouver dans l\u2019impossibilit\u00e9 de partir en raison de la suspension des vols et de la fermeture des fronti\u00e8res. Je ne voulais pas mettre ma famille en danger. En fait, nous esp\u00e9rons pouvoir retourner au B\u00e9nin un jour ou l\u2019autre.<\/p>\n<p><strong>Q\u00a0: <\/strong>Que s\u2019est-il pass\u00e9 lorsque la d\u00e9cision de revenir au pays a \u00e9t\u00e9 prise?<\/p>\n<p><strong>R\u00a0: <\/strong>Nous avions environ une semaine pour r\u00e9unir nos effets personnels. Ce fut intense! Surtout avec la pression li\u00e9e \u00e0 la gestion de crise et \u00e0 l\u2019\u00e9cole \u00e0 la maison, qui s\u2019ajoutait \u00e0 ma t\u00e2che habituelle. En plus, nous n\u2019\u00e9tions pas certains de pouvoir trouver un vol.<\/p>\n<p>Nous avons quitt\u00e9 Cotonou tr\u00e8s t\u00f4t le matin, le jeudi 2\u00a0avril, avec une escale \u00e0 Paris. Nous avons pris un vol vers Montr\u00e9al le lendemain. C\u2019\u00e9tait un peu surr\u00e9aliste. L\u2019a\u00e9roport Charles de Gaulle, \u00e0 Paris, est une plaque tournante en Europe. Mais il \u00e9tait vide! C\u2019\u00e9tait vraiment tr\u00e8s bizarre. M\u00eame dans l\u2019avion, nous n\u2019\u00e9tions qu\u2019une vingtaine de personnes.<\/p>\n<p><strong>Q\u00a0: <\/strong>Que s\u2019est-il pass\u00e9 pour le personnel de Cuso International qui travaillait avec toi au B\u00e9nin?<\/p>\n<p><strong>R\u00a0: <\/strong>Au B\u00e9nin, les employ\u00e9s restent \u00e0 la maison. Ils assurent une rotation au bureau. Nous avions plusieurs projets dans le Nord du pays. Nous avons finalement d\u00e9cid\u00e9 de les poursuivre en adoptant des mesures de pr\u00e9vention, comme le port du masque, le lavage des mains et la distanciation physique.<\/p>\n<p>Les mesures de confinement en place en Europe et en Am\u00e9rique du Nord sont difficiles \u00e0 appliquer au B\u00e9nin. Ils ont confin\u00e9 deux ou trois r\u00e9gions o\u00f9 des cas de COVID-19 ont \u00e9t\u00e9 r\u00e9pertori\u00e9s, dont Cotonou, pour emp\u00eacher les gens d\u2019en sortir. Mais il n\u2019y a pas de mesures strictes comme celles appliqu\u00e9es ici. M\u00eame si bien des entreprises sont ferm\u00e9es et que les gens portent des masques, il est tr\u00e8s difficile de demander aux gens de rester \u00e0 la maison en Afrique, \u00e9tant donn\u00e9 la densit\u00e9 de population et la fa\u00e7on dont les maisons sont construites.<\/p>\n<p>En R\u00e9publique d\u00e9mocratique du Congo (RDC), les employ\u00e9s travaillent de la maison. Les mesures gouvernementales leur interdisent de se rendre au bureau. Le confinement y est tr\u00e8s strict. En \u00c9thiopie, nous avons mis en place un syst\u00e8me de rotation.<\/p>\n<p>Aucun de nos bureaux ne fonctionne comme \u00e0 l\u2019accoutum\u00e9e. Soit les gens font du t\u00e9l\u00e9travail, soit ils vont au bureau \u00e0 tour de r\u00f4le si c\u2019est absolument n\u00e9cessaire.<\/p>\n<p><strong>Q\u00a0: <\/strong>Quel message voudrais-tu transmettre aux employ\u00e9s et aux coop\u00e9rants-volontaires qui ont \u00e9t\u00e9 affect\u00e9s par tout \u00e7a?<\/p>\n<p><strong>R\u00a0: <\/strong>Notre travail demeure crucial, m\u00eame s\u2019il a \u00e9t\u00e9 interrompu et, dans certains cas, suspendu. Tous les enjeux qui nous pr\u00e9occupent et que nous essayons de r\u00e9gler en collaboration avec nos partenaires restent pertinents. En fait, ils m\u00e9ritent plus que jamais notre attention. Nous parviendrons \u00e0 passer \u00e0 travers et continuerons \u00e0 avoir un impact positif sur le terrain.<\/p>\n","protected":false},"featured_media":35256,"template":"","country":[],"post_theme":[],"class_list":["post-38089","stories","type-stories","status-publish","has-post-thumbnail","hentry"],"acf":[],"yoast_head":"<!-- This site is optimized with the Yoast SEO plugin v27.5 - https:\/\/yoast.com\/product\/yoast-seo-wordpress\/ -->\n<title>Entrevue avec David Forest, directeur des programmes pour l\u2019Afrique - Cuso International<\/title>\n<meta name=\"description\" content=\"Les programmes de d\u00e9veloppement et les coop\u00e9rants-volontaires de Cuso visent \u00e0 promouvoir l\u2019\u00e9galit\u00e9 entre les sexes et \u00e0 offrir de nouvelles perspectives \u00e9conomiques aux jeunes de quatre continents.\" \/>\n<meta name=\"robots\" content=\"index, follow, max-snippet:-1, max-image-preview:large, max-video-preview:-1\" \/>\n<link rel=\"canonical\" href=\"https:\/\/cusointernational.org\/fr\/recit\/entrevue-avec-david-forest-directeur-des-programmes-pour-lafrique\/\" \/>\n<meta property=\"og:locale\" content=\"fr_FR\" \/>\n<meta property=\"og:type\" content=\"article\" \/>\n<meta property=\"og:title\" content=\"Entrevue avec David Forest, directeur des programmes pour l\u2019Afrique - Cuso International\" \/>\n<meta property=\"og:description\" content=\"Les programmes de d\u00e9veloppement et les coop\u00e9rants-volontaires de Cuso visent \u00e0 promouvoir l\u2019\u00e9galit\u00e9 entre les sexes et \u00e0 offrir de nouvelles perspectives \u00e9conomiques aux jeunes de quatre continents.\" \/>\n<meta property=\"og:url\" content=\"https:\/\/cusointernational.org\/fr\/recit\/entrevue-avec-david-forest-directeur-des-programmes-pour-lafrique\/\" \/>\n<meta property=\"og:site_name\" content=\"Cuso International\" \/>\n<meta property=\"article:modified_time\" content=\"2020-11-09T17:02:34+00:00\" \/>\n<meta property=\"og:image\" content=\"https:\/\/cusointernational.org\/wp-content\/uploads\/IMG-20200404-WA0007.jpg\" \/>\n\t<meta property=\"og:image:width\" content=\"1080\" \/>\n\t<meta property=\"og:image:height\" content=\"811\" \/>\n\t<meta property=\"og:image:type\" content=\"image\/jpeg\" \/>\n<meta name=\"twitter:card\" content=\"summary_large_image\" \/>\n<meta name=\"twitter:label1\" content=\"Dur\u00e9e de lecture estim\u00e9e\" \/>\n\t<meta name=\"twitter:data1\" content=\"4 minutes\" \/>\n<script type=\"application\/ld+json\" class=\"yoast-schema-graph\">{\"@context\":\"https:\\\/\\\/schema.org\",\"@graph\":[{\"@type\":\"WebPage\",\"@id\":\"https:\\\/\\\/cusointernational.org\\\/fr\\\/recit\\\/entrevue-avec-david-forest-directeur-des-programmes-pour-lafrique\\\/\",\"url\":\"https:\\\/\\\/cusointernational.org\\\/fr\\\/recit\\\/entrevue-avec-david-forest-directeur-des-programmes-pour-lafrique\\\/\",\"name\":\"Entrevue avec David Forest, directeur des programmes pour l\u2019Afrique - Cuso International\",\"isPartOf\":{\"@id\":\"https:\\\/\\\/cusointernational.org\\\/fr\\\/#website\"},\"primaryImageOfPage\":{\"@id\":\"https:\\\/\\\/cusointernational.org\\\/fr\\\/recit\\\/entrevue-avec-david-forest-directeur-des-programmes-pour-lafrique\\\/#primaryimage\"},\"image\":{\"@id\":\"https:\\\/\\\/cusointernational.org\\\/fr\\\/recit\\\/entrevue-avec-david-forest-directeur-des-programmes-pour-lafrique\\\/#primaryimage\"},\"thumbnailUrl\":\"https:\\\/\\\/cusointernational.org\\\/wp-content\\\/uploads\\\/IMG-20200404-WA0007.jpg\",\"datePublished\":\"2020-05-05T19:59:54+00:00\",\"dateModified\":\"2020-11-09T17:02:34+00:00\",\"description\":\"Les programmes de d\u00e9veloppement et les coop\u00e9rants-volontaires de Cuso visent \u00e0 promouvoir l\u2019\u00e9galit\u00e9 entre les sexes et \u00e0 offrir de nouvelles perspectives \u00e9conomiques aux jeunes de quatre continents.\",\"breadcrumb\":{\"@id\":\"https:\\\/\\\/cusointernational.org\\\/fr\\\/recit\\\/entrevue-avec-david-forest-directeur-des-programmes-pour-lafrique\\\/#breadcrumb\"},\"inLanguage\":\"fr-FR\",\"potentialAction\":[{\"@type\":\"ReadAction\",\"target\":[\"https:\\\/\\\/cusointernational.org\\\/fr\\\/recit\\\/entrevue-avec-david-forest-directeur-des-programmes-pour-lafrique\\\/\"]}]},{\"@type\":\"ImageObject\",\"inLanguage\":\"fr-FR\",\"@id\":\"https:\\\/\\\/cusointernational.org\\\/fr\\\/recit\\\/entrevue-avec-david-forest-directeur-des-programmes-pour-lafrique\\\/#primaryimage\",\"url\":\"https:\\\/\\\/cusointernational.org\\\/wp-content\\\/uploads\\\/IMG-20200404-WA0007.jpg\",\"contentUrl\":\"https:\\\/\\\/cusointernational.org\\\/wp-content\\\/uploads\\\/IMG-20200404-WA0007.jpg\",\"width\":1080,\"height\":811,\"caption\":\"Family wearing face masks\"},{\"@type\":\"BreadcrumbList\",\"@id\":\"https:\\\/\\\/cusointernational.org\\\/fr\\\/recit\\\/entrevue-avec-david-forest-directeur-des-programmes-pour-lafrique\\\/#breadcrumb\",\"itemListElement\":[{\"@type\":\"ListItem\",\"position\":1,\"name\":\"Home\",\"item\":\"https:\\\/\\\/cusointernational.org\\\/fr\\\/\"},{\"@type\":\"ListItem\",\"position\":2,\"name\":\"Entrevue avec David Forest, directeur des programmes pour l\u2019Afrique\"}]},{\"@type\":\"WebSite\",\"@id\":\"https:\\\/\\\/cusointernational.org\\\/fr\\\/#website\",\"url\":\"https:\\\/\\\/cusointernational.org\\\/fr\\\/\",\"name\":\"Cuso International\",\"description\":\"Connecting communities around the world with skilled Canadians to help end poverty\",\"potentialAction\":[{\"@type\":\"SearchAction\",\"target\":{\"@type\":\"EntryPoint\",\"urlTemplate\":\"https:\\\/\\\/cusointernational.org\\\/fr\\\/?s={search_term_string}\"},\"query-input\":{\"@type\":\"PropertyValueSpecification\",\"valueRequired\":true,\"valueName\":\"search_term_string\"}}],\"inLanguage\":\"fr-FR\"}]}<\/script>\n<!-- \/ Yoast SEO plugin. -->","yoast_head_json":{"title":"Entrevue avec David Forest, directeur des programmes pour l\u2019Afrique - Cuso International","description":"Les programmes de d\u00e9veloppement et les coop\u00e9rants-volontaires de Cuso visent \u00e0 promouvoir l\u2019\u00e9galit\u00e9 entre les sexes et \u00e0 offrir de nouvelles perspectives \u00e9conomiques aux jeunes de quatre continents.","robots":{"index":"index","follow":"follow","max-snippet":"max-snippet:-1","max-image-preview":"max-image-preview:large","max-video-preview":"max-video-preview:-1"},"canonical":"https:\/\/cusointernational.org\/fr\/recit\/entrevue-avec-david-forest-directeur-des-programmes-pour-lafrique\/","og_locale":"fr_FR","og_type":"article","og_title":"Entrevue avec David Forest, directeur des programmes pour l\u2019Afrique - Cuso International","og_description":"Les programmes de d\u00e9veloppement et les coop\u00e9rants-volontaires de Cuso visent \u00e0 promouvoir l\u2019\u00e9galit\u00e9 entre les sexes et \u00e0 offrir de nouvelles perspectives \u00e9conomiques aux jeunes de quatre continents.","og_url":"https:\/\/cusointernational.org\/fr\/recit\/entrevue-avec-david-forest-directeur-des-programmes-pour-lafrique\/","og_site_name":"Cuso International","article_modified_time":"2020-11-09T17:02:34+00:00","og_image":[{"width":1080,"height":811,"url":"https:\/\/cusointernational.org\/wp-content\/uploads\/IMG-20200404-WA0007.jpg","type":"image\/jpeg"}],"twitter_card":"summary_large_image","twitter_misc":{"Dur\u00e9e de lecture estim\u00e9e":"4 minutes"},"schema":{"@context":"https:\/\/schema.org","@graph":[{"@type":"WebPage","@id":"https:\/\/cusointernational.org\/fr\/recit\/entrevue-avec-david-forest-directeur-des-programmes-pour-lafrique\/","url":"https:\/\/cusointernational.org\/fr\/recit\/entrevue-avec-david-forest-directeur-des-programmes-pour-lafrique\/","name":"Entrevue avec David Forest, directeur des programmes pour l\u2019Afrique - Cuso International","isPartOf":{"@id":"https:\/\/cusointernational.org\/fr\/#website"},"primaryImageOfPage":{"@id":"https:\/\/cusointernational.org\/fr\/recit\/entrevue-avec-david-forest-directeur-des-programmes-pour-lafrique\/#primaryimage"},"image":{"@id":"https:\/\/cusointernational.org\/fr\/recit\/entrevue-avec-david-forest-directeur-des-programmes-pour-lafrique\/#primaryimage"},"thumbnailUrl":"https:\/\/cusointernational.org\/wp-content\/uploads\/IMG-20200404-WA0007.jpg","datePublished":"2020-05-05T19:59:54+00:00","dateModified":"2020-11-09T17:02:34+00:00","description":"Les programmes de d\u00e9veloppement et les coop\u00e9rants-volontaires de Cuso visent \u00e0 promouvoir l\u2019\u00e9galit\u00e9 entre les sexes et \u00e0 offrir de nouvelles perspectives \u00e9conomiques aux jeunes de quatre continents.","breadcrumb":{"@id":"https:\/\/cusointernational.org\/fr\/recit\/entrevue-avec-david-forest-directeur-des-programmes-pour-lafrique\/#breadcrumb"},"inLanguage":"fr-FR","potentialAction":[{"@type":"ReadAction","target":["https:\/\/cusointernational.org\/fr\/recit\/entrevue-avec-david-forest-directeur-des-programmes-pour-lafrique\/"]}]},{"@type":"ImageObject","inLanguage":"fr-FR","@id":"https:\/\/cusointernational.org\/fr\/recit\/entrevue-avec-david-forest-directeur-des-programmes-pour-lafrique\/#primaryimage","url":"https:\/\/cusointernational.org\/wp-content\/uploads\/IMG-20200404-WA0007.jpg","contentUrl":"https:\/\/cusointernational.org\/wp-content\/uploads\/IMG-20200404-WA0007.jpg","width":1080,"height":811,"caption":"Family wearing face masks"},{"@type":"BreadcrumbList","@id":"https:\/\/cusointernational.org\/fr\/recit\/entrevue-avec-david-forest-directeur-des-programmes-pour-lafrique\/#breadcrumb","itemListElement":[{"@type":"ListItem","position":1,"name":"Home","item":"https:\/\/cusointernational.org\/fr\/"},{"@type":"ListItem","position":2,"name":"Entrevue avec David Forest, directeur des programmes pour l\u2019Afrique"}]},{"@type":"WebSite","@id":"https:\/\/cusointernational.org\/fr\/#website","url":"https:\/\/cusointernational.org\/fr\/","name":"Cuso International","description":"Connecting communities around the world with skilled Canadians to help end poverty","potentialAction":[{"@type":"SearchAction","target":{"@type":"EntryPoint","urlTemplate":"https:\/\/cusointernational.org\/fr\/?s={search_term_string}"},"query-input":{"@type":"PropertyValueSpecification","valueRequired":true,"valueName":"search_term_string"}}],"inLanguage":"fr-FR"}]}},"_links":{"self":[{"href":"https:\/\/cusointernational.org\/fr\/wp-json\/wp\/v2\/stories\/38089","targetHints":{"allow":["GET"]}}],"collection":[{"href":"https:\/\/cusointernational.org\/fr\/wp-json\/wp\/v2\/stories"}],"about":[{"href":"https:\/\/cusointernational.org\/fr\/wp-json\/wp\/v2\/types\/stories"}],"wp:featuredmedia":[{"embeddable":true,"href":"https:\/\/cusointernational.org\/fr\/wp-json\/wp\/v2\/media\/35256"}],"wp:attachment":[{"href":"https:\/\/cusointernational.org\/fr\/wp-json\/wp\/v2\/media?parent=38089"}],"wp:term":[{"taxonomy":"country","embeddable":true,"href":"https:\/\/cusointernational.org\/fr\/wp-json\/wp\/v2\/country?post=38089"},{"taxonomy":"post_theme","embeddable":true,"href":"https:\/\/cusointernational.org\/fr\/wp-json\/wp\/v2\/post_theme?post=38089"}],"curies":[{"name":"wp","href":"https:\/\/api.w.org\/{rel}","templated":true}]}}