{"id":38087,"date":"2020-05-08T17:29:10","date_gmt":"2020-05-08T21:29:10","guid":{"rendered":"https:\/\/cuso.wpengine.com\/stories\/la-mobilisation-pour-la-dignite-humaine-ne-sarrete-pas\/"},"modified":"2020-11-09T12:02:31","modified_gmt":"2020-11-09T17:02:31","slug":"la-mobilisation-pour-la-dignite-humaine-ne-sarrete-pas","status":"publish","type":"stories","link":"https:\/\/cusointernational.org\/fr\/recit\/la-mobilisation-pour-la-dignite-humaine-ne-sarrete-pas\/","title":{"rendered":"La mobilisation pour la dignit\u00e9 humaine ne s\u2019arr\u00eate pas"},"content":{"rendered":"<p><img loading=\"lazy\" decoding=\"async\" class=\"wp-image-30712 size-full aligncenter\" src=\"https:\/\/cusointernational.org\/wp-content\/uploads\/Benin2.jpg\" alt=\"\" width=\"432\" height=\"243\" \/><\/p>\n<p style=\"text-align: center;\"><strong>Malgr\u00e9 les mesures de pr\u00e9vention accrues li\u00e9es \u00e0 la COVID-19, Cuso International poursuit sa lutte contre les mutilations g\u00e9nitales f\u00e9minines<\/strong><\/p>\n<p>Les mutilations g\u00e9nitales f\u00e9minines (MGF) sont une pratique profond\u00e9ment enracin\u00e9e dans le Nord du B\u00e9nin. En milieu rural, on estime que 70\u00a0% des filles et des femmes la subissent.<\/p>\n<p>Alors que la plan\u00e8te se bat contre le nouveau coronavirus (COVID-19), le travail de Cuso International aupr\u00e8s de ces femmes et de ces filles est plus important que jamais. Tout en respectant les r\u00e8gles de distanciation physique et les pratiques exemplaires en mati\u00e8re d\u2019hygi\u00e8ne, Cuso International poursuit son travail avec les femmes qui luttent pour mettre fin aux MGF.<\/p>\n<p>Dans les r\u00e9gions d\u2019Alibori et de Borgou, plus de 130\u00a0villages veillent au respect de la dignit\u00e9 humaine de toute la population. Pr\u00e8s de 400\u00a0agentes de changement y ont \u00e9t\u00e9 identifi\u00e9es.<\/p>\n<p>\u00ab\u00a0Ces agentes de changement sont des femmes et des filles influentes dans la communaut\u00e9 et identifi\u00e9es comme telles par leurs pairs, explique Ernestine\u00a0Denami, repr\u00e9sentante de pays de Cuso International au B\u00e9nin et gestionnaire du projet Femmes engag\u00e9es pour la dignit\u00e9 humaine dans le Nord du B\u00e9nin. Elles concr\u00e9tiseront les initiatives du projet afin d\u2019obtenir les changements souhait\u00e9s, c\u2019est-\u00e0-dire la r\u00e9duction des MGF dans leurs villages.\u00a0\u00bb<\/p>\n<p><img loading=\"lazy\" decoding=\"async\" class=\"alignright size-medium wp-image-30709\" src=\"https:\/\/cusointernational.org\/wp-content\/uploads\/Benin1-300x226-1.jpg\" alt=\"\" width=\"300\" height=\"226\" \/><\/p>\n<p>Le travail se poursuit gr\u00e2ce aux nouvelles mesures de pr\u00e9vention adopt\u00e9es r\u00e9cemment\u00a0: diminution du nombre de participantes aux ateliers, nettoyage des mains, port du masque et distanciation physique.<\/p>\n<p>\u00ab\u00a0Les participantes sont rencontr\u00e9es par une travailleuse de la sant\u00e9 pour v\u00e9rifier si elles ont des sympt\u00f4mes de la COVID-19. On discute aussi des mesures pr\u00e9ventives en insistant tout particuli\u00e8rement sur le lavage efficace des mains, ajoute Ernestine. Les s\u00e9ances de formation ne sont pas seulement une occasion d\u2019apprentissage; elles permettent aussi aux participantes d\u2019adopter des mesures s\u00e9curitaires pour pr\u00e9venir la COVID-19.\u00a0\u00bb<\/p>\n<p>Les participantes suivent des cours sur le leadership, d\u00e9veloppent des techniques d\u2019intervention et informent la population des risques associ\u00e9s aux MGF.<\/p>\n<p>Le projet cherche principalement \u00e0 \u00e9duquer la population, \u00e0 venir en aide aux jeunes filles et aux survivantes de violence sexuelle et \u00e0 discuter de relations saines et positives avec les hommes et les gar\u00e7ons.<\/p>\n","protected":false},"featured_media":37958,"template":"","country":[],"post_theme":[],"class_list":["post-38087","stories","type-stories","status-publish","has-post-thumbnail","hentry"],"acf":[],"yoast_head":"<!-- This site is optimized with the Yoast SEO plugin v27.4 - https:\/\/yoast.com\/product\/yoast-seo-wordpress\/ -->\n<title>La mobilisation pour la dignit\u00e9 humaine ne s\u2019arr\u00eate pas - Cuso International<\/title>\n<meta name=\"description\" content=\"Les programmes de d\u00e9veloppement et les coop\u00e9rants-volontaires de Cuso visent \u00e0 promouvoir l\u2019\u00e9galit\u00e9 entre les sexes et \u00e0 offrir de nouvelles perspectives \u00e9conomiques aux jeunes de quatre continents.\" \/>\n<meta name=\"robots\" content=\"index, follow, max-snippet:-1, max-image-preview:large, max-video-preview:-1\" \/>\n<link rel=\"canonical\" href=\"https:\/\/cusointernational.org\/fr\/recit\/la-mobilisation-pour-la-dignite-humaine-ne-sarrete-pas\/\" \/>\n<meta property=\"og:locale\" content=\"fr_FR\" \/>\n<meta property=\"og:type\" content=\"article\" \/>\n<meta property=\"og:title\" content=\"La mobilisation pour la dignit\u00e9 humaine ne s\u2019arr\u00eate pas - Cuso International\" \/>\n<meta property=\"og:description\" content=\"Les programmes de d\u00e9veloppement et les coop\u00e9rants-volontaires de Cuso visent \u00e0 promouvoir l\u2019\u00e9galit\u00e9 entre les sexes et \u00e0 offrir de nouvelles perspectives \u00e9conomiques aux jeunes de quatre continents.\" \/>\n<meta property=\"og:url\" content=\"https:\/\/cusointernational.org\/fr\/recit\/la-mobilisation-pour-la-dignite-humaine-ne-sarrete-pas\/\" \/>\n<meta property=\"og:site_name\" content=\"Cuso International\" \/>\n<meta property=\"article:modified_time\" content=\"2020-11-09T17:02:31+00:00\" \/>\n<meta property=\"og:image\" content=\"https:\/\/cusointernational.org\/wp-content\/uploads\/Benin2.jpg\" \/>\n\t<meta property=\"og:image:width\" content=\"432\" \/>\n\t<meta property=\"og:image:height\" content=\"243\" \/>\n\t<meta property=\"og:image:type\" content=\"image\/jpeg\" \/>\n<meta name=\"twitter:card\" content=\"summary_large_image\" \/>\n<meta name=\"twitter:label1\" content=\"Dur\u00e9e de lecture estim\u00e9e\" \/>\n\t<meta name=\"twitter:data1\" content=\"2 minutes\" \/>\n<script type=\"application\/ld+json\" class=\"yoast-schema-graph\">{\"@context\":\"https:\\\/\\\/schema.org\",\"@graph\":[{\"@type\":\"WebPage\",\"@id\":\"https:\\\/\\\/cusointernational.org\\\/fr\\\/recit\\\/la-mobilisation-pour-la-dignite-humaine-ne-sarrete-pas\\\/\",\"url\":\"https:\\\/\\\/cusointernational.org\\\/fr\\\/recit\\\/la-mobilisation-pour-la-dignite-humaine-ne-sarrete-pas\\\/\",\"name\":\"La mobilisation pour la dignit\u00e9 humaine ne s\u2019arr\u00eate pas - Cuso International\",\"isPartOf\":{\"@id\":\"https:\\\/\\\/cusointernational.org\\\/fr\\\/#website\"},\"primaryImageOfPage\":{\"@id\":\"https:\\\/\\\/cusointernational.org\\\/fr\\\/recit\\\/la-mobilisation-pour-la-dignite-humaine-ne-sarrete-pas\\\/#primaryimage\"},\"image\":{\"@id\":\"https:\\\/\\\/cusointernational.org\\\/fr\\\/recit\\\/la-mobilisation-pour-la-dignite-humaine-ne-sarrete-pas\\\/#primaryimage\"},\"thumbnailUrl\":\"https:\\\/\\\/cusointernational.org\\\/wp-content\\\/uploads\\\/Benin2.jpg\",\"datePublished\":\"2020-05-08T21:29:10+00:00\",\"dateModified\":\"2020-11-09T17:02:31+00:00\",\"description\":\"Les programmes de d\u00e9veloppement et les coop\u00e9rants-volontaires de Cuso visent \u00e0 promouvoir l\u2019\u00e9galit\u00e9 entre les sexes et \u00e0 offrir de nouvelles perspectives \u00e9conomiques aux jeunes de quatre continents.\",\"breadcrumb\":{\"@id\":\"https:\\\/\\\/cusointernational.org\\\/fr\\\/recit\\\/la-mobilisation-pour-la-dignite-humaine-ne-sarrete-pas\\\/#breadcrumb\"},\"inLanguage\":\"fr-FR\",\"potentialAction\":[{\"@type\":\"ReadAction\",\"target\":[\"https:\\\/\\\/cusointernational.org\\\/fr\\\/recit\\\/la-mobilisation-pour-la-dignite-humaine-ne-sarrete-pas\\\/\"]}]},{\"@type\":\"ImageObject\",\"inLanguage\":\"fr-FR\",\"@id\":\"https:\\\/\\\/cusointernational.org\\\/fr\\\/recit\\\/la-mobilisation-pour-la-dignite-humaine-ne-sarrete-pas\\\/#primaryimage\",\"url\":\"https:\\\/\\\/cusointernational.org\\\/wp-content\\\/uploads\\\/Benin2.jpg\",\"contentUrl\":\"https:\\\/\\\/cusointernational.org\\\/wp-content\\\/uploads\\\/Benin2.jpg\",\"width\":432,\"height\":243,\"caption\":\"Group photo, everyone wearing face masks\"},{\"@type\":\"BreadcrumbList\",\"@id\":\"https:\\\/\\\/cusointernational.org\\\/fr\\\/recit\\\/la-mobilisation-pour-la-dignite-humaine-ne-sarrete-pas\\\/#breadcrumb\",\"itemListElement\":[{\"@type\":\"ListItem\",\"position\":1,\"name\":\"Home\",\"item\":\"https:\\\/\\\/cusointernational.org\\\/fr\\\/\"},{\"@type\":\"ListItem\",\"position\":2,\"name\":\"La mobilisation pour la dignit\u00e9 humaine ne s\u2019arr\u00eate pas\"}]},{\"@type\":\"WebSite\",\"@id\":\"https:\\\/\\\/cusointernational.org\\\/fr\\\/#website\",\"url\":\"https:\\\/\\\/cusointernational.org\\\/fr\\\/\",\"name\":\"Cuso International\",\"description\":\"Connecting communities around the world with skilled Canadians to help end poverty\",\"potentialAction\":[{\"@type\":\"SearchAction\",\"target\":{\"@type\":\"EntryPoint\",\"urlTemplate\":\"https:\\\/\\\/cusointernational.org\\\/fr\\\/?s={search_term_string}\"},\"query-input\":{\"@type\":\"PropertyValueSpecification\",\"valueRequired\":true,\"valueName\":\"search_term_string\"}}],\"inLanguage\":\"fr-FR\"}]}<\/script>\n<!-- \/ Yoast SEO plugin. -->","yoast_head_json":{"title":"La mobilisation pour la dignit\u00e9 humaine ne s\u2019arr\u00eate pas - Cuso International","description":"Les programmes de d\u00e9veloppement et les coop\u00e9rants-volontaires de Cuso visent \u00e0 promouvoir l\u2019\u00e9galit\u00e9 entre les sexes et \u00e0 offrir de nouvelles perspectives \u00e9conomiques aux jeunes de quatre continents.","robots":{"index":"index","follow":"follow","max-snippet":"max-snippet:-1","max-image-preview":"max-image-preview:large","max-video-preview":"max-video-preview:-1"},"canonical":"https:\/\/cusointernational.org\/fr\/recit\/la-mobilisation-pour-la-dignite-humaine-ne-sarrete-pas\/","og_locale":"fr_FR","og_type":"article","og_title":"La mobilisation pour la dignit\u00e9 humaine ne s\u2019arr\u00eate pas - Cuso International","og_description":"Les programmes de d\u00e9veloppement et les coop\u00e9rants-volontaires de Cuso visent \u00e0 promouvoir l\u2019\u00e9galit\u00e9 entre les sexes et \u00e0 offrir de nouvelles perspectives \u00e9conomiques aux jeunes de quatre continents.","og_url":"https:\/\/cusointernational.org\/fr\/recit\/la-mobilisation-pour-la-dignite-humaine-ne-sarrete-pas\/","og_site_name":"Cuso International","article_modified_time":"2020-11-09T17:02:31+00:00","og_image":[{"width":432,"height":243,"url":"https:\/\/cusointernational.org\/wp-content\/uploads\/Benin2.jpg","type":"image\/jpeg"}],"twitter_card":"summary_large_image","twitter_misc":{"Dur\u00e9e de lecture estim\u00e9e":"2 minutes"},"schema":{"@context":"https:\/\/schema.org","@graph":[{"@type":"WebPage","@id":"https:\/\/cusointernational.org\/fr\/recit\/la-mobilisation-pour-la-dignite-humaine-ne-sarrete-pas\/","url":"https:\/\/cusointernational.org\/fr\/recit\/la-mobilisation-pour-la-dignite-humaine-ne-sarrete-pas\/","name":"La mobilisation pour la dignit\u00e9 humaine ne s\u2019arr\u00eate pas - Cuso International","isPartOf":{"@id":"https:\/\/cusointernational.org\/fr\/#website"},"primaryImageOfPage":{"@id":"https:\/\/cusointernational.org\/fr\/recit\/la-mobilisation-pour-la-dignite-humaine-ne-sarrete-pas\/#primaryimage"},"image":{"@id":"https:\/\/cusointernational.org\/fr\/recit\/la-mobilisation-pour-la-dignite-humaine-ne-sarrete-pas\/#primaryimage"},"thumbnailUrl":"https:\/\/cusointernational.org\/wp-content\/uploads\/Benin2.jpg","datePublished":"2020-05-08T21:29:10+00:00","dateModified":"2020-11-09T17:02:31+00:00","description":"Les programmes de d\u00e9veloppement et les coop\u00e9rants-volontaires de Cuso visent \u00e0 promouvoir l\u2019\u00e9galit\u00e9 entre les sexes et \u00e0 offrir de nouvelles perspectives \u00e9conomiques aux jeunes de quatre continents.","breadcrumb":{"@id":"https:\/\/cusointernational.org\/fr\/recit\/la-mobilisation-pour-la-dignite-humaine-ne-sarrete-pas\/#breadcrumb"},"inLanguage":"fr-FR","potentialAction":[{"@type":"ReadAction","target":["https:\/\/cusointernational.org\/fr\/recit\/la-mobilisation-pour-la-dignite-humaine-ne-sarrete-pas\/"]}]},{"@type":"ImageObject","inLanguage":"fr-FR","@id":"https:\/\/cusointernational.org\/fr\/recit\/la-mobilisation-pour-la-dignite-humaine-ne-sarrete-pas\/#primaryimage","url":"https:\/\/cusointernational.org\/wp-content\/uploads\/Benin2.jpg","contentUrl":"https:\/\/cusointernational.org\/wp-content\/uploads\/Benin2.jpg","width":432,"height":243,"caption":"Group photo, everyone wearing face masks"},{"@type":"BreadcrumbList","@id":"https:\/\/cusointernational.org\/fr\/recit\/la-mobilisation-pour-la-dignite-humaine-ne-sarrete-pas\/#breadcrumb","itemListElement":[{"@type":"ListItem","position":1,"name":"Home","item":"https:\/\/cusointernational.org\/fr\/"},{"@type":"ListItem","position":2,"name":"La mobilisation pour la dignit\u00e9 humaine ne s\u2019arr\u00eate pas"}]},{"@type":"WebSite","@id":"https:\/\/cusointernational.org\/fr\/#website","url":"https:\/\/cusointernational.org\/fr\/","name":"Cuso International","description":"Connecting communities around the world with skilled Canadians to help end poverty","potentialAction":[{"@type":"SearchAction","target":{"@type":"EntryPoint","urlTemplate":"https:\/\/cusointernational.org\/fr\/?s={search_term_string}"},"query-input":{"@type":"PropertyValueSpecification","valueRequired":true,"valueName":"search_term_string"}}],"inLanguage":"fr-FR"}]}},"_links":{"self":[{"href":"https:\/\/cusointernational.org\/fr\/wp-json\/wp\/v2\/stories\/38087","targetHints":{"allow":["GET"]}}],"collection":[{"href":"https:\/\/cusointernational.org\/fr\/wp-json\/wp\/v2\/stories"}],"about":[{"href":"https:\/\/cusointernational.org\/fr\/wp-json\/wp\/v2\/types\/stories"}],"wp:featuredmedia":[{"embeddable":true,"href":"https:\/\/cusointernational.org\/fr\/wp-json\/wp\/v2\/media\/37958"}],"wp:attachment":[{"href":"https:\/\/cusointernational.org\/fr\/wp-json\/wp\/v2\/media?parent=38087"}],"wp:term":[{"taxonomy":"country","embeddable":true,"href":"https:\/\/cusointernational.org\/fr\/wp-json\/wp\/v2\/country?post=38087"},{"taxonomy":"post_theme","embeddable":true,"href":"https:\/\/cusointernational.org\/fr\/wp-json\/wp\/v2\/post_theme?post=38087"}],"curies":[{"name":"wp","href":"https:\/\/api.w.org\/{rel}","templated":true}]}}