{"id":38068,"date":"2019-04-30T19:33:16","date_gmt":"2019-04-30T23:33:16","guid":{"rendered":"https:\/\/cuso.wpengine.com\/stories\/nous-ne-resterons-pas-silencieux\/"},"modified":"2020-11-09T12:02:21","modified_gmt":"2020-11-09T17:02:21","slug":"nous-ne-resterons-pas-silencieux","status":"publish","type":"stories","link":"https:\/\/cusointernational.org\/fr\/recit\/nous-ne-resterons-pas-silencieux\/","title":{"rendered":"Nous ne resterons pas silencieux"},"content":{"rendered":"<p><img loading=\"lazy\" decoding=\"async\" class=\"alignnone wp-image-27709 size-full\" src=\"https:\/\/cusointernational.org\/wp-content\/uploads\/Peru_Cuso-International-1.jpg\" alt=\"\" width=\"960\" height=\"672\" \/><\/p>\n<p><strong>Par Sarah Pentlow<\/strong><br \/>\n<em class=\"markup--em markup--p-em\">Coordonnatrice mondiale, \u00c9galit\u00e9 homme-femme et inclusion sociale<\/em><\/p>\n<p id=\"54c6\" class=\"graf graf--p graf-after--figure\">Cela arrive tous les jours aux femmes au travail, \u00e0 la maison, dans la salle d\u2019audience et en classe. La peur de la violence a des r\u00e9percussions sur les femmes au Canada et dans le monde entier. Dans le monde, une femme sur trois a subi une forme quelconque de violence, qu\u2019elle soit sexuelle, physique, psychologique ou \u00e9conomique. Les\u00a0<a class=\"markup--anchor markup--p-anchor\" href=\"https:\/\/www.swc-cfc.gc.ca\/commemoration\/vaw-vff\/index-fr.html\" target=\"_blank\" rel=\"nofollow noopener noreferrer\" data-href=\"https:\/\/www.swc-cfc.gc.ca\/commemoration\/vaw-vff\/index-fr.html\">16 jours d\u2019activisme<\/a>\u00a0pour mettre fin \u00e0 la violence sexiste sont l\u2019occasion de d\u00e9noncer la violence faite aux femmes.<\/p>\n<p id=\"9635\" class=\"graf graf--p graf-after--p\">Une\u00a0<a class=\"markup--anchor markup--p-anchor\" href=\"http:\/\/westerncriminology.org\/documents\/WCR\/v04n3\/article_pdfs\/scott.pdf\" target=\"_blank\" rel=\"nofollow noopener noreferrer\" data-href=\"http:\/\/westerncriminology.org\/documents\/WCR\/v04n3\/article_pdfs\/scott.pdf\">\u00e9tude sur la peur \u00e9prouv\u00e9e par les femmes<\/a>\u00a0r\u00e9v\u00e8le que 61 % des Canadiennes ont peur de marcher seules le soir dans leur quartier, et que 75 % des femmes craignent de prendre les transports en commun le soir. D\u2019apr\u00e8s la m\u00eame \u00e9tude, les hommes sont 11 fois moins susceptibles que les femmes d\u2019\u00eatre \u00ab\u00a0contraints \u00e0 poser des actes sexuels\u00a0\u00bb au cours de leur vie.<\/p>\n<p id=\"bc6b\" class=\"graf graf--p graf-after--p\">Dans d\u2019autres parties du monde, les statistiques sont alarmantes. Au Nig\u00e9ria, par exemple, dans certaines r\u00e9gions, les filles sont mari\u00e9es d\u00e8s l\u2019\u00e2ge de 10\u201312 ans, plus de 50 cas de violence sexiste sont signal\u00e9s quotidiennement.<\/p>\n<p id=\"83c9\" class=\"graf graf--p graf-after--p\">Cette ann\u00e9e, dans le cadre des 16 jours d\u2019activisme, Cuso International se joint aux autres pour \u00e9lever la voix. Avec le soutien de b\u00e9n\u00e9voles et de partenaires locaux \u00e0 travers le monde, nous nous exprimons. Au B\u00e9nin, des filles et des gar\u00e7ons r\u00e9citeront leurs po\u00e8mes lors d\u2019une comp\u00e9tition de slam visant \u00e0 d\u00e9noncer la violence. Au P\u00e9rou, nos partenaires ont march\u00e9 pour le droit des femmes \u00e0 une vie exempte de violence. Au Laos, notre partenaire participe \u00e0 un concours de photos national pour mettre fin \u00e0 la violence faite aux femmes. Au Nicaragua, nos partenaires apportent un soutien aux survivantes de la violence domestique, encourag\u00e9es par l\u2019aspiration d\u2019une survivante \u00e0 \u00ab\u00a0mettre fin \u00e0 la violence faite aux femmes est l\u2019un des meilleurs objectifs qu\u2019on peut avoir dans la vie\u00a0\u00bb.<\/p>\n<p id=\"37e2\" class=\"graf graf--p graf-after--p\">Mettre fin \u00e0 la violence faite aux femmes n\u00e9cessite des actions individuelles et des changements structurels. Il faut modifier les lois qui mettent les femmes en danger et remettre en question les normes culturelles pr\u00e9judiciables. Notre\u00a0<a class=\"markup--anchor markup--p-anchor\" href=\"https:\/\/www.youtube.com\/watch?v=wAZ_MwIqneU&amp;feature=youtu.be\" target=\"_blank\" rel=\"nofollow noopener noreferrer\" data-href=\"https:\/\/www.youtube.com\/watch?v=wAZ_MwIqneU&amp;feature=youtu.be\">partenaire au Honduras<\/a>\u00a0milite activement pour le droit \u00e0 l\u2019avortement, qui est actuellement interdit, m\u00eame en cas de viol. Au Nigeria et au B\u00e9nin, nos partenaires discutent avec les leaders de la communaut\u00e9 des enjeux li\u00e9s \u00e0 la violence faite aux femmes.<\/p>\n<p id=\"220b\" class=\"graf graf--p graf-after--p\">Au Nig\u00e9ria et au B\u00e9nin, nos partenaires locaux sont en train d\u2019engager d\u2019importantes discussions avec les dirigeants communautaires sur la violence sexiste. Notre coll\u00e8gue nig\u00e9riane affirme qu\u2019elle continuera \u00e0 lutter contre la violence faite aux femmes afin que sa fille puisse jouir d\u2019un avenir meilleur.<\/p>\n<p id=\"ab1c\" class=\"graf graf--p graf-after--p\">Et nous lutterons aupr\u00e8s d\u2019elle.<\/p>\n<p id=\"c54a\" class=\"graf graf--p graf-after--p\">Imaginez un monde exempt de violence faite aux femmes. Un monde o\u00f9 le besoin de domination serait \u00e9teint. Un monde de paix et d\u2019\u00e9quit\u00e9. Un monde exempt de peur et rempli d\u2019espoir. Un monde o\u00f9 les jeunes filles pourraient s\u2019\u00e9panouir et r\u00e9aliser leurs r\u00eaves.<\/p>\n<p id=\"7cf9\" class=\"graf graf--p graf-after--p\">Nous ne resterons pas silencieux. Nous continuerons \u00e0 lutter pour mettre fin \u00e0 la violence faite aux femmes, car il s\u2019agit d\u2019un objectif noble et essentiel.<\/p>\n","protected":false},"featured_media":38069,"template":"","country":[],"post_theme":[],"class_list":["post-38068","stories","type-stories","status-publish","has-post-thumbnail","hentry"],"acf":[],"yoast_head":"<!-- This site is optimized with the Yoast SEO plugin v27.4 - https:\/\/yoast.com\/product\/yoast-seo-wordpress\/ -->\n<title>Nous ne resterons pas silencieux - Cuso International<\/title>\n<meta name=\"description\" content=\"Cuso&#039;s development programs &amp; international volunteers work to advance gender equality &amp; improve economic opportunities for youth across four continents.\" \/>\n<meta name=\"robots\" content=\"index, follow, max-snippet:-1, max-image-preview:large, max-video-preview:-1\" \/>\n<link rel=\"canonical\" href=\"https:\/\/cusointernational.org\/fr\/recit\/nous-ne-resterons-pas-silencieux\/\" \/>\n<meta property=\"og:locale\" content=\"fr_FR\" \/>\n<meta property=\"og:type\" content=\"article\" \/>\n<meta property=\"og:title\" content=\"Nous ne resterons pas silencieux - Cuso International\" \/>\n<meta property=\"og:description\" content=\"Cuso&#039;s development programs &amp; international volunteers work to advance gender equality &amp; improve economic opportunities for youth across four continents.\" \/>\n<meta property=\"og:url\" content=\"https:\/\/cusointernational.org\/fr\/recit\/nous-ne-resterons-pas-silencieux\/\" \/>\n<meta property=\"og:site_name\" content=\"Cuso International\" \/>\n<meta property=\"article:modified_time\" content=\"2020-11-09T17:02:21+00:00\" \/>\n<meta property=\"og:image\" content=\"https:\/\/cusointernational.org\/wp-content\/uploads\/1_GsBujjq0wNIoYxFP0TT9cA.jpeg\" \/>\n\t<meta property=\"og:image:width\" content=\"800\" \/>\n\t<meta property=\"og:image:height\" content=\"560\" \/>\n\t<meta property=\"og:image:type\" content=\"image\/jpeg\" \/>\n<meta name=\"twitter:card\" content=\"summary_large_image\" \/>\n<meta name=\"twitter:label1\" content=\"Dur\u00e9e de lecture estim\u00e9e\" \/>\n\t<meta name=\"twitter:data1\" content=\"3 minutes\" \/>\n<script type=\"application\/ld+json\" class=\"yoast-schema-graph\">{\"@context\":\"https:\\\/\\\/schema.org\",\"@graph\":[{\"@type\":\"WebPage\",\"@id\":\"https:\\\/\\\/cusointernational.org\\\/fr\\\/recit\\\/nous-ne-resterons-pas-silencieux\\\/\",\"url\":\"https:\\\/\\\/cusointernational.org\\\/fr\\\/recit\\\/nous-ne-resterons-pas-silencieux\\\/\",\"name\":\"Nous ne resterons pas silencieux - Cuso International\",\"isPartOf\":{\"@id\":\"https:\\\/\\\/cusointernational.org\\\/fr\\\/#website\"},\"primaryImageOfPage\":{\"@id\":\"https:\\\/\\\/cusointernational.org\\\/fr\\\/recit\\\/nous-ne-resterons-pas-silencieux\\\/#primaryimage\"},\"image\":{\"@id\":\"https:\\\/\\\/cusointernational.org\\\/fr\\\/recit\\\/nous-ne-resterons-pas-silencieux\\\/#primaryimage\"},\"thumbnailUrl\":\"https:\\\/\\\/cusointernational.org\\\/wp-content\\\/uploads\\\/1_GsBujjq0wNIoYxFP0TT9cA.jpeg\",\"datePublished\":\"2019-04-30T23:33:16+00:00\",\"dateModified\":\"2020-11-09T17:02:21+00:00\",\"description\":\"Cuso's development programs & international volunteers work to advance gender equality & improve economic opportunities for youth across four continents.\",\"breadcrumb\":{\"@id\":\"https:\\\/\\\/cusointernational.org\\\/fr\\\/recit\\\/nous-ne-resterons-pas-silencieux\\\/#breadcrumb\"},\"inLanguage\":\"fr-FR\",\"potentialAction\":[{\"@type\":\"ReadAction\",\"target\":[\"https:\\\/\\\/cusointernational.org\\\/fr\\\/recit\\\/nous-ne-resterons-pas-silencieux\\\/\"]}]},{\"@type\":\"ImageObject\",\"inLanguage\":\"fr-FR\",\"@id\":\"https:\\\/\\\/cusointernational.org\\\/fr\\\/recit\\\/nous-ne-resterons-pas-silencieux\\\/#primaryimage\",\"url\":\"https:\\\/\\\/cusointernational.org\\\/wp-content\\\/uploads\\\/1_GsBujjq0wNIoYxFP0TT9cA.jpeg\",\"contentUrl\":\"https:\\\/\\\/cusointernational.org\\\/wp-content\\\/uploads\\\/1_GsBujjq0wNIoYxFP0TT9cA.jpeg\",\"width\":800,\"height\":560,\"caption\":\"|\"},{\"@type\":\"BreadcrumbList\",\"@id\":\"https:\\\/\\\/cusointernational.org\\\/fr\\\/recit\\\/nous-ne-resterons-pas-silencieux\\\/#breadcrumb\",\"itemListElement\":[{\"@type\":\"ListItem\",\"position\":1,\"name\":\"Home\",\"item\":\"https:\\\/\\\/cusointernational.org\\\/fr\\\/\"},{\"@type\":\"ListItem\",\"position\":2,\"name\":\"Nous ne resterons pas silencieux\"}]},{\"@type\":\"WebSite\",\"@id\":\"https:\\\/\\\/cusointernational.org\\\/fr\\\/#website\",\"url\":\"https:\\\/\\\/cusointernational.org\\\/fr\\\/\",\"name\":\"Cuso International\",\"description\":\"Connecting communities around the world with skilled Canadians to help end poverty\",\"potentialAction\":[{\"@type\":\"SearchAction\",\"target\":{\"@type\":\"EntryPoint\",\"urlTemplate\":\"https:\\\/\\\/cusointernational.org\\\/fr\\\/?s={search_term_string}\"},\"query-input\":{\"@type\":\"PropertyValueSpecification\",\"valueRequired\":true,\"valueName\":\"search_term_string\"}}],\"inLanguage\":\"fr-FR\"}]}<\/script>\n<!-- \/ Yoast SEO plugin. -->","yoast_head_json":{"title":"Nous ne resterons pas silencieux - Cuso International","description":"Cuso's development programs & international volunteers work to advance gender equality & improve economic opportunities for youth across four continents.","robots":{"index":"index","follow":"follow","max-snippet":"max-snippet:-1","max-image-preview":"max-image-preview:large","max-video-preview":"max-video-preview:-1"},"canonical":"https:\/\/cusointernational.org\/fr\/recit\/nous-ne-resterons-pas-silencieux\/","og_locale":"fr_FR","og_type":"article","og_title":"Nous ne resterons pas silencieux - Cuso International","og_description":"Cuso's development programs & international volunteers work to advance gender equality & improve economic opportunities for youth across four continents.","og_url":"https:\/\/cusointernational.org\/fr\/recit\/nous-ne-resterons-pas-silencieux\/","og_site_name":"Cuso International","article_modified_time":"2020-11-09T17:02:21+00:00","og_image":[{"width":800,"height":560,"url":"https:\/\/cusointernational.org\/wp-content\/uploads\/1_GsBujjq0wNIoYxFP0TT9cA.jpeg","type":"image\/jpeg"}],"twitter_card":"summary_large_image","twitter_misc":{"Dur\u00e9e de lecture estim\u00e9e":"3 minutes"},"schema":{"@context":"https:\/\/schema.org","@graph":[{"@type":"WebPage","@id":"https:\/\/cusointernational.org\/fr\/recit\/nous-ne-resterons-pas-silencieux\/","url":"https:\/\/cusointernational.org\/fr\/recit\/nous-ne-resterons-pas-silencieux\/","name":"Nous ne resterons pas silencieux - Cuso International","isPartOf":{"@id":"https:\/\/cusointernational.org\/fr\/#website"},"primaryImageOfPage":{"@id":"https:\/\/cusointernational.org\/fr\/recit\/nous-ne-resterons-pas-silencieux\/#primaryimage"},"image":{"@id":"https:\/\/cusointernational.org\/fr\/recit\/nous-ne-resterons-pas-silencieux\/#primaryimage"},"thumbnailUrl":"https:\/\/cusointernational.org\/wp-content\/uploads\/1_GsBujjq0wNIoYxFP0TT9cA.jpeg","datePublished":"2019-04-30T23:33:16+00:00","dateModified":"2020-11-09T17:02:21+00:00","description":"Cuso's development programs & international volunteers work to advance gender equality & improve economic opportunities for youth across four continents.","breadcrumb":{"@id":"https:\/\/cusointernational.org\/fr\/recit\/nous-ne-resterons-pas-silencieux\/#breadcrumb"},"inLanguage":"fr-FR","potentialAction":[{"@type":"ReadAction","target":["https:\/\/cusointernational.org\/fr\/recit\/nous-ne-resterons-pas-silencieux\/"]}]},{"@type":"ImageObject","inLanguage":"fr-FR","@id":"https:\/\/cusointernational.org\/fr\/recit\/nous-ne-resterons-pas-silencieux\/#primaryimage","url":"https:\/\/cusointernational.org\/wp-content\/uploads\/1_GsBujjq0wNIoYxFP0TT9cA.jpeg","contentUrl":"https:\/\/cusointernational.org\/wp-content\/uploads\/1_GsBujjq0wNIoYxFP0TT9cA.jpeg","width":800,"height":560,"caption":"|"},{"@type":"BreadcrumbList","@id":"https:\/\/cusointernational.org\/fr\/recit\/nous-ne-resterons-pas-silencieux\/#breadcrumb","itemListElement":[{"@type":"ListItem","position":1,"name":"Home","item":"https:\/\/cusointernational.org\/fr\/"},{"@type":"ListItem","position":2,"name":"Nous ne resterons pas silencieux"}]},{"@type":"WebSite","@id":"https:\/\/cusointernational.org\/fr\/#website","url":"https:\/\/cusointernational.org\/fr\/","name":"Cuso International","description":"Connecting communities around the world with skilled Canadians to help end poverty","potentialAction":[{"@type":"SearchAction","target":{"@type":"EntryPoint","urlTemplate":"https:\/\/cusointernational.org\/fr\/?s={search_term_string}"},"query-input":{"@type":"PropertyValueSpecification","valueRequired":true,"valueName":"search_term_string"}}],"inLanguage":"fr-FR"}]}},"_links":{"self":[{"href":"https:\/\/cusointernational.org\/fr\/wp-json\/wp\/v2\/stories\/38068","targetHints":{"allow":["GET"]}}],"collection":[{"href":"https:\/\/cusointernational.org\/fr\/wp-json\/wp\/v2\/stories"}],"about":[{"href":"https:\/\/cusointernational.org\/fr\/wp-json\/wp\/v2\/types\/stories"}],"wp:featuredmedia":[{"embeddable":true,"href":"https:\/\/cusointernational.org\/fr\/wp-json\/wp\/v2\/media\/38069"}],"wp:attachment":[{"href":"https:\/\/cusointernational.org\/fr\/wp-json\/wp\/v2\/media?parent=38068"}],"wp:term":[{"taxonomy":"country","embeddable":true,"href":"https:\/\/cusointernational.org\/fr\/wp-json\/wp\/v2\/country?post=38068"},{"taxonomy":"post_theme","embeddable":true,"href":"https:\/\/cusointernational.org\/fr\/wp-json\/wp\/v2\/post_theme?post=38068"}],"curies":[{"name":"wp","href":"https:\/\/api.w.org\/{rel}","templated":true}]}}