{"id":36654,"date":"2020-08-12T15:10:06","date_gmt":"2020-08-12T19:10:06","guid":{"rendered":"https:\/\/cuso.wpengine.com\/stories\/compassion-au-temps-du-covid-19\/"},"modified":"2020-10-12T15:27:38","modified_gmt":"2020-10-12T19:27:38","slug":"compassion-au-temps-du-covid-19","status":"publish","type":"stories","link":"https:\/\/cusointernational.org\/fr\/recit\/compassion-au-temps-du-covid-19\/","title":{"rendered":"Compassion au temps du COVID-19"},"content":{"rendered":"<p><em>Par Sarah Pentlow<\/em><\/p>\n<p>Tout le monde est affect\u00e9 par la COVID-19 d\u2019une fa\u00e7on ou d\u2019une autre. Mais certaines personnes sont beaucoup plus touch\u00e9es que d\u2019autres. Les femmes sont affect\u00e9es de fa\u00e7on disproportionn\u00e9e par toutes les catastrophes, et celle-ci ne fait pas exception.<\/p>\n<p>Bien souvent, les femmes occupent un emploi pr\u00e9caire, participent \u00e0 l\u2019\u00e9conomie informelle ou travaillent en premi\u00e8re ligne. Elles sont donc en contact plus \u00e9troit avec le virus.<\/p>\n<p>De plus, une femme sur trois subit de la violence conjugale. Et comme nous sommes actuellement confin\u00e9s dans nos maisons, elles sont plus \u00e0 risque de subir de la violence.<\/p>\n<p>Par ailleurs, bien des femmes \u00e9l\u00e8vent leurs enfants seules. R\u00e9sultat\u202f: elles doivent constamment faire des choix d\u00e9chirants entre leur travail, leurs enfants et leur sant\u00e9.<\/p>\n<p>Il est plus important que jamais que nous restions solidaires et branch\u00e9s sur la situation plan\u00e9taire. Il est essentiel que nous prenions des mesures pour nous isoler et prendre soin de nos proches, bien s\u00fbr. Mais nous devons \u00e9galement garder \u00e0 l\u2019esprit que toute la plan\u00e8te vit les m\u00eames sentiments d\u2019angoisse que nous.<\/p>\n<p>L\u2019humanit\u00e9 vit une exp\u00e9rience collective sans pr\u00e9c\u00e9dent, dont les proportions sont mondiales. Pourtant, les cons\u00e9quences de cette pand\u00e9mie sont compl\u00e8tement diff\u00e9rentes selon que les gens vivent au Canada, Nigeria ou dans un contexte de violence conjugale.<\/p>\n<p>Cuso International collabore avec ses partenaires sur le terrain pour s\u2019assurer que les b\u00e9n\u00e9ficiaires de ses programmes re\u00e7oivent de l\u2019aide en cette p\u00e9riode difficile. Nous faisons tout notre possible pour concevoir des strat\u00e9gies et des outils pour offrir du suivi et de l\u2019aide en ligne ou par t\u00e9l\u00e9phone.<\/p>\n<p><em>Si nous profitons de ce moment bien particulier pour faire preuve d\u2019encore plus de compassion et de solidarit\u00e9, nous pourrions parvenir \u00e0 r\u00e9duire les in\u00e9galit\u00e9s et \u00e0 sortir plus forts et plus r\u00e9silients de cette crise hors du commun.<\/em><\/p>\n","protected":false},"featured_media":35259,"template":"","country":[],"post_theme":[196],"class_list":["post-36654","stories","type-stories","status-publish","has-post-thumbnail","hentry","post_theme-gender-equality-fr"],"acf":[],"yoast_head":"<!-- This site is optimized with the Yoast SEO plugin v27.5 - https:\/\/yoast.com\/product\/yoast-seo-wordpress\/ -->\n<title>Compassion au temps du COVID-19 - Cuso International<\/title>\n<meta name=\"description\" content=\"Cuso International collabore avec ses partenaires sur le terrain pour s\u2019assurer que les b\u00e9n\u00e9ficiaires de ses programmes re\u00e7oivent de l\u2019aide en cette p\u00e9riode difficile.\" \/>\n<meta name=\"robots\" content=\"index, follow, max-snippet:-1, max-image-preview:large, max-video-preview:-1\" \/>\n<link rel=\"canonical\" href=\"https:\/\/cusointernational.org\/fr\/recit\/compassion-au-temps-du-covid-19\/\" \/>\n<meta property=\"og:locale\" content=\"fr_FR\" \/>\n<meta property=\"og:type\" content=\"article\" \/>\n<meta property=\"og:title\" content=\"Compassion au temps du COVID-19 - Cuso International\" \/>\n<meta property=\"og:description\" content=\"Cuso International collabore avec ses partenaires sur le terrain pour s\u2019assurer que les b\u00e9n\u00e9ficiaires de ses programmes re\u00e7oivent de l\u2019aide en cette p\u00e9riode difficile.\" \/>\n<meta property=\"og:url\" content=\"https:\/\/cusointernational.org\/fr\/recit\/compassion-au-temps-du-covid-19\/\" \/>\n<meta property=\"og:site_name\" content=\"Cuso International\" \/>\n<meta property=\"article:modified_time\" content=\"2020-10-12T19:27:38+00:00\" \/>\n<meta property=\"og:image\" content=\"https:\/\/cusointernational.org\/wp-content\/uploads\/Cuso-Covid-Facebook-02-1536x804-1.jpg\" \/>\n\t<meta property=\"og:image:width\" content=\"1536\" \/>\n\t<meta property=\"og:image:height\" content=\"804\" \/>\n\t<meta property=\"og:image:type\" content=\"image\/jpeg\" \/>\n<meta name=\"twitter:card\" content=\"summary_large_image\" \/>\n<meta name=\"twitter:label1\" content=\"Dur\u00e9e de lecture estim\u00e9e\" \/>\n\t<meta name=\"twitter:data1\" content=\"2 minutes\" \/>\n<script type=\"application\/ld+json\" class=\"yoast-schema-graph\">{\"@context\":\"https:\\\/\\\/schema.org\",\"@graph\":[{\"@type\":\"WebPage\",\"@id\":\"https:\\\/\\\/cusointernational.org\\\/fr\\\/recit\\\/compassion-au-temps-du-covid-19\\\/\",\"url\":\"https:\\\/\\\/cusointernational.org\\\/fr\\\/recit\\\/compassion-au-temps-du-covid-19\\\/\",\"name\":\"Compassion au temps du COVID-19 - Cuso International\",\"isPartOf\":{\"@id\":\"https:\\\/\\\/cusointernational.org\\\/fr\\\/#website\"},\"primaryImageOfPage\":{\"@id\":\"https:\\\/\\\/cusointernational.org\\\/fr\\\/recit\\\/compassion-au-temps-du-covid-19\\\/#primaryimage\"},\"image\":{\"@id\":\"https:\\\/\\\/cusointernational.org\\\/fr\\\/recit\\\/compassion-au-temps-du-covid-19\\\/#primaryimage\"},\"thumbnailUrl\":\"https:\\\/\\\/cusointernational.org\\\/wp-content\\\/uploads\\\/Cuso-Covid-Facebook-02-1536x804-1.jpg\",\"datePublished\":\"2020-08-12T19:10:06+00:00\",\"dateModified\":\"2020-10-12T19:27:38+00:00\",\"description\":\"Cuso International collabore avec ses partenaires sur le terrain pour s\u2019assurer que les b\u00e9n\u00e9ficiaires de ses programmes re\u00e7oivent de l\u2019aide en cette p\u00e9riode difficile.\",\"breadcrumb\":{\"@id\":\"https:\\\/\\\/cusointernational.org\\\/fr\\\/recit\\\/compassion-au-temps-du-covid-19\\\/#breadcrumb\"},\"inLanguage\":\"fr-FR\",\"potentialAction\":[{\"@type\":\"ReadAction\",\"target\":[\"https:\\\/\\\/cusointernational.org\\\/fr\\\/recit\\\/compassion-au-temps-du-covid-19\\\/\"]}]},{\"@type\":\"ImageObject\",\"inLanguage\":\"fr-FR\",\"@id\":\"https:\\\/\\\/cusointernational.org\\\/fr\\\/recit\\\/compassion-au-temps-du-covid-19\\\/#primaryimage\",\"url\":\"https:\\\/\\\/cusointernational.org\\\/wp-content\\\/uploads\\\/Cuso-Covid-Facebook-02-1536x804-1.jpg\",\"contentUrl\":\"https:\\\/\\\/cusointernational.org\\\/wp-content\\\/uploads\\\/Cuso-Covid-Facebook-02-1536x804-1.jpg\",\"width\":1536,\"height\":804,\"caption\":\"Grid of many photos of women\"},{\"@type\":\"BreadcrumbList\",\"@id\":\"https:\\\/\\\/cusointernational.org\\\/fr\\\/recit\\\/compassion-au-temps-du-covid-19\\\/#breadcrumb\",\"itemListElement\":[{\"@type\":\"ListItem\",\"position\":1,\"name\":\"Home\",\"item\":\"https:\\\/\\\/cusointernational.org\\\/fr\\\/\"},{\"@type\":\"ListItem\",\"position\":2,\"name\":\"Compassion au temps du COVID-19\"}]},{\"@type\":\"WebSite\",\"@id\":\"https:\\\/\\\/cusointernational.org\\\/fr\\\/#website\",\"url\":\"https:\\\/\\\/cusointernational.org\\\/fr\\\/\",\"name\":\"Cuso International\",\"description\":\"Connecting communities around the world with skilled Canadians to help end poverty\",\"potentialAction\":[{\"@type\":\"SearchAction\",\"target\":{\"@type\":\"EntryPoint\",\"urlTemplate\":\"https:\\\/\\\/cusointernational.org\\\/fr\\\/?s={search_term_string}\"},\"query-input\":{\"@type\":\"PropertyValueSpecification\",\"valueRequired\":true,\"valueName\":\"search_term_string\"}}],\"inLanguage\":\"fr-FR\"}]}<\/script>\n<!-- \/ Yoast SEO plugin. -->","yoast_head_json":{"title":"Compassion au temps du COVID-19 - Cuso International","description":"Cuso International collabore avec ses partenaires sur le terrain pour s\u2019assurer que les b\u00e9n\u00e9ficiaires de ses programmes re\u00e7oivent de l\u2019aide en cette p\u00e9riode difficile.","robots":{"index":"index","follow":"follow","max-snippet":"max-snippet:-1","max-image-preview":"max-image-preview:large","max-video-preview":"max-video-preview:-1"},"canonical":"https:\/\/cusointernational.org\/fr\/recit\/compassion-au-temps-du-covid-19\/","og_locale":"fr_FR","og_type":"article","og_title":"Compassion au temps du COVID-19 - Cuso International","og_description":"Cuso International collabore avec ses partenaires sur le terrain pour s\u2019assurer que les b\u00e9n\u00e9ficiaires de ses programmes re\u00e7oivent de l\u2019aide en cette p\u00e9riode difficile.","og_url":"https:\/\/cusointernational.org\/fr\/recit\/compassion-au-temps-du-covid-19\/","og_site_name":"Cuso International","article_modified_time":"2020-10-12T19:27:38+00:00","og_image":[{"width":1536,"height":804,"url":"https:\/\/cusointernational.org\/wp-content\/uploads\/Cuso-Covid-Facebook-02-1536x804-1.jpg","type":"image\/jpeg"}],"twitter_card":"summary_large_image","twitter_misc":{"Dur\u00e9e de lecture estim\u00e9e":"2 minutes"},"schema":{"@context":"https:\/\/schema.org","@graph":[{"@type":"WebPage","@id":"https:\/\/cusointernational.org\/fr\/recit\/compassion-au-temps-du-covid-19\/","url":"https:\/\/cusointernational.org\/fr\/recit\/compassion-au-temps-du-covid-19\/","name":"Compassion au temps du COVID-19 - Cuso International","isPartOf":{"@id":"https:\/\/cusointernational.org\/fr\/#website"},"primaryImageOfPage":{"@id":"https:\/\/cusointernational.org\/fr\/recit\/compassion-au-temps-du-covid-19\/#primaryimage"},"image":{"@id":"https:\/\/cusointernational.org\/fr\/recit\/compassion-au-temps-du-covid-19\/#primaryimage"},"thumbnailUrl":"https:\/\/cusointernational.org\/wp-content\/uploads\/Cuso-Covid-Facebook-02-1536x804-1.jpg","datePublished":"2020-08-12T19:10:06+00:00","dateModified":"2020-10-12T19:27:38+00:00","description":"Cuso International collabore avec ses partenaires sur le terrain pour s\u2019assurer que les b\u00e9n\u00e9ficiaires de ses programmes re\u00e7oivent de l\u2019aide en cette p\u00e9riode difficile.","breadcrumb":{"@id":"https:\/\/cusointernational.org\/fr\/recit\/compassion-au-temps-du-covid-19\/#breadcrumb"},"inLanguage":"fr-FR","potentialAction":[{"@type":"ReadAction","target":["https:\/\/cusointernational.org\/fr\/recit\/compassion-au-temps-du-covid-19\/"]}]},{"@type":"ImageObject","inLanguage":"fr-FR","@id":"https:\/\/cusointernational.org\/fr\/recit\/compassion-au-temps-du-covid-19\/#primaryimage","url":"https:\/\/cusointernational.org\/wp-content\/uploads\/Cuso-Covid-Facebook-02-1536x804-1.jpg","contentUrl":"https:\/\/cusointernational.org\/wp-content\/uploads\/Cuso-Covid-Facebook-02-1536x804-1.jpg","width":1536,"height":804,"caption":"Grid of many photos of women"},{"@type":"BreadcrumbList","@id":"https:\/\/cusointernational.org\/fr\/recit\/compassion-au-temps-du-covid-19\/#breadcrumb","itemListElement":[{"@type":"ListItem","position":1,"name":"Home","item":"https:\/\/cusointernational.org\/fr\/"},{"@type":"ListItem","position":2,"name":"Compassion au temps du COVID-19"}]},{"@type":"WebSite","@id":"https:\/\/cusointernational.org\/fr\/#website","url":"https:\/\/cusointernational.org\/fr\/","name":"Cuso International","description":"Connecting communities around the world with skilled Canadians to help end poverty","potentialAction":[{"@type":"SearchAction","target":{"@type":"EntryPoint","urlTemplate":"https:\/\/cusointernational.org\/fr\/?s={search_term_string}"},"query-input":{"@type":"PropertyValueSpecification","valueRequired":true,"valueName":"search_term_string"}}],"inLanguage":"fr-FR"}]}},"_links":{"self":[{"href":"https:\/\/cusointernational.org\/fr\/wp-json\/wp\/v2\/stories\/36654","targetHints":{"allow":["GET"]}}],"collection":[{"href":"https:\/\/cusointernational.org\/fr\/wp-json\/wp\/v2\/stories"}],"about":[{"href":"https:\/\/cusointernational.org\/fr\/wp-json\/wp\/v2\/types\/stories"}],"wp:featuredmedia":[{"embeddable":true,"href":"https:\/\/cusointernational.org\/fr\/wp-json\/wp\/v2\/media\/35259"}],"wp:attachment":[{"href":"https:\/\/cusointernational.org\/fr\/wp-json\/wp\/v2\/media?parent=36654"}],"wp:term":[{"taxonomy":"country","embeddable":true,"href":"https:\/\/cusointernational.org\/fr\/wp-json\/wp\/v2\/country?post=36654"},{"taxonomy":"post_theme","embeddable":true,"href":"https:\/\/cusointernational.org\/fr\/wp-json\/wp\/v2\/post_theme?post=36654"}],"curies":[{"name":"wp","href":"https:\/\/api.w.org\/{rel}","templated":true}]}}