{"id":34819,"date":"2018-06-17T14:59:18","date_gmt":"2018-06-17T18:59:18","guid":{"rendered":"https:\/\/cuso.wpengine.com\/stories\/diaspora-groupe-de-femmes\/"},"modified":"2018-06-17T15:21:12","modified_gmt":"2018-06-17T19:21:12","slug":"diaspora-groupe-de-femmes","status":"publish","type":"stories","link":"https:\/\/cusointernational.org\/fr\/recit\/diaspora-groupe-de-femmes\/","title":{"rendered":"Une coop\u00e9rante-volontaire issue de la diaspora aide un groupe de femmes \u00e0 prendre son envol"},"content":{"rendered":"<p>Amalia Gentles est profond\u00e9ment attir\u00e9e par le pays d\u2019origine de sa m\u00e8re. \u00ab J\u2019ai toujours su que je vivrais et travaillerais en Jama\u00efque un jour. Je m\u2019y sens chez moi. \u00bb<\/p>\n<p>Canadienne de naissance, Amalia a sept ans lorsque sa s\u0153ur et elle passent leur premier \u00e9t\u00e9 \u00e0 la ferme de leurs grands-parents, \u00e0 Hanover, une paroisse rurale de l\u2019Ouest de la Jama\u00efque. \u00ab On s\u2019attendait \u00e0 du soleil, du sable et des plages \u00bb, se rappelle Amalia en riant. Si elles ont bel et bien droit au soleil et aux plages, les deux fillettes d\u2019Ottawa go\u00fbtent \u00e9galement aux r\u00e9alit\u00e9s de la vie locale, comme laver leurs v\u00eatements dehors \u00e0 la main et travailler sur la ferme familiale.<\/p>\n<p>Pendant son adolescence, Amalia retourne plusieurs fois en Jama\u00efque, o\u00f9 elle est t\u00e9moin des difficult\u00e9s sociales et \u00e9conomiques qui se juxtaposent aux paysages paradisiaques de cette \u00eele des Cara\u00efbes. Une \u00e9norme dette publique, un taux de ch\u00f4mage \u00e9lev\u00e9 et un fort climat de violence compliquent la situation dans ce pays o\u00f9 pr\u00e8s de 15 % de la population vit dans la pauvret\u00e9. \u00ab On voyait des jeunes hommes tra\u00eener toute la journ\u00e9e. Des ann\u00e9es plus tard, j\u2019ai compris que le taux de ch\u00f4mage \u00e9tait tr\u00e8s \u00e9lev\u00e9 dans la paroisse o\u00f9 vivaient mes grands-parents \u00bb, raconte Amalia en se rem\u00e9morant les s\u00e9jours de son enfance.<\/p>\n<p>Pendant sa ma\u00eetrise en d\u00e9veloppement international \u00e0 l\u2019Universit\u00e9 de Queen, Amalia a l\u2019occasion de faire une analyse critique des approches n\u00e9olib\u00e9rales de la r\u00e9duction de la pauvret\u00e9 et d\u2019\u00e9tudier l\u2019efficacit\u00e9 d\u2019interventions parentales en Jama\u00efque. C\u2019est son directeur de ma\u00eetrise qui l\u2019encourage \u00e0 partir sur le terrain avec Cuso International apr\u00e8s ses \u00e9tudes. En octobre 2015, elle commence sa collaboration avec la Young Women\u2019s Christian Association (YWCA) de Kinston.<\/p>\n<p>La YWCA offre depuis 90 ans des possibilit\u00e9s d\u2019\u00e9ducation et de formation professionnelle aux jeunes femmes marginalis\u00e9es, notamment aux m\u00e8res adolescentes. Amalia y animera des ateliers de d\u00e9veloppement organisationnel sur diff\u00e9rents sujets : planification strat\u00e9gique, leadership, gestion du changement, etc. Avec sa coll\u00e8gue, la coop\u00e9rante-volontaire Christine French, elle organisera une formation sur la pleine conscience pour que les enseignants et les employ\u00e9s puissent diminuer les comportements perturbateurs en classe; un enjeu de taille chez certains \u00e9l\u00e8ves. \u00ab Je peux comprendre. Apprendre dans une salle de classe o\u00f9 il fait une chaleur \u00e9touffante alors qu\u2019on n\u2019a rien mang\u00e9 de la journ\u00e9e\u2026 C\u2019est facile de perdre les p\u00e9dales \u00bb, souligne Amalia.<\/p>\n<p>Amalia donnera \u00e9galement un coup de main \u00e0 Tess Page, une autre coop\u00e9rante-volontaire de Cuso International qui organise un projet de murale. Visible de la rue, l\u2019\u0153uvre v\u00e9hicule des messages positifs et pertinents sur le changement social, la confiance et l\u2019estime de soi. Sa contribution majeure, toutefois, sera la r\u00e9daction d\u2019un plan strat\u00e9gique sur deux ans, intitul\u00e9 Semer les graines du changement, qui cible des objectifs en renforcement des capacit\u00e9s, en mobilisation des ressources et en participation communautaire. L\u2019un des \u00e9l\u00e9ments majeurs de ce plan sera son lancement m\u00e9diatis\u00e9 avec une visite guid\u00e9e des installations et la pr\u00e9sence d\u2019invit\u00e9s prestigieux, dont le Haut-commissaire du Canada.<\/p>\n<p>D\u2019apr\u00e8s Roberta Ellis, directrice de la programmation de Cuso International en Jama\u00efque, ce plan a donn\u00e9 une orientation strat\u00e9gique \u00e0 la YWCA et am\u00e9lior\u00e9 l\u2019efficacit\u00e9 des rencontres du conseil d\u2019administration. \u00ab Amalia \u00e9tait tr\u00e8s appr\u00e9ci\u00e9e de son partenaire, qui avait le sentiment de pouvoir s\u2019identifier \u00e0 elle \u00bb, explique Roberta, qui est d\u2019avis qu\u2019Amalia avait une grande facilit\u00e9 \u00e0 cr\u00e9er des liens et \u00e0 nourrir des attentes r\u00e9alistes.<\/p>\n<p>Apr\u00e8s le lancement, Sonita Abrahams, directrice g\u00e9n\u00e9rale de RISE Life Management Services, invite Amalia \u00e0 venir travailler pour son organisme \u00e0 la fin de son affectation avec la YWCA. RISE est un organisme communautaire bien \u00e9tabli qui met en place des projets dans le domaine des droits de la personne, de la pr\u00e9vention de la toxicomanie et du counseling. Lors de cette collaboration, Amalia cr\u00e9era des outils de la planification de la rel\u00e8ve, comme des descriptions de poste et un manuel d\u2019orientation des employ\u00e9s \u00e0 jour. \u00ab Les organismes sans but lucratif savent qu\u2019ils doivent avoir ce genre de documents, mais ils ont rarement le temps et les ressources pour s\u2019en occuper \u00bb, explique-t-elle.<\/p>\n<p>Apr\u00e8s plus de deux ans en Jama\u00efque, Amalia retourne au Canada. Bien qu\u2019heureuse d\u2019entreprendre cette nouvelle \u00e9tape de sa carri\u00e8re, elle admet se sentir d\u00e9chir\u00e9e, car son affectation lui permettait de passer du temps avec ses grands-parents et les membres de sa famille, \u00e0 Kingston.<\/p>\n<p>Elle pense d\u2019ailleurs refaire de la coop\u00e9ration volontaire un jour. Elle a m\u00eame obtenu sa citoyennet\u00e9 jama\u00efcaine. \u00ab J\u2019\u00e9tais tellement heureuse quand j\u2019ai re\u00e7u mes papiers par la poste, raconte Amalia, d\u00e9termin\u00e9e \u00e0 retourner en Jama\u00efque \u00e0 l\u2019occasion pour de courts s\u00e9jours. Je sais que je n\u2019ai pas besoin de payer de loyer \u00e0 Kingston. Je n\u2019aurai qu\u2019\u00e0 dire \u00e0 mes cousins de me faire une petite place! \u00bb<\/p>\n<p><em>Cuso International recrute actuellement des coop\u00e9rants-volontaires pour une vingtaine d\u2019affectations en Jama\u00efque. Pour en savoir plus sur nos possibilit\u00e9s d\u2019affectation en Jama\u00efque ou ailleurs dans le monde, <a href=\"https:\/\/curawebservices.mindscope.com\/CUSOIN04387_CURA\/Aspx\/JobSearch.aspx?lang=fr\" target=\"_blank\" rel=\"noopener noreferrer\">consultez les placements<\/a>.\u00a0<\/em><\/p>\n<p><strong>Nous esp\u00e9rons de tout c\u0153ur que vous <a href=\"https:\/\/secure2.convio.net\/cuso\/site\/Donation2?df_id=1540&amp;mfc_pref=T&amp;1540.donation=form1&amp;s_locale=fr_CA&amp;utm_source=impact\" target=\"_blank\" rel=\"noopener noreferrer\">ferez un don<\/a> sans tarder pour nous aider \u00e0 envoyer notre prochaine cohorte de coop\u00e9rants-volontaires sur le terrain, o\u00f9 ils participeront \u00e0 des projets porteurs et novateurs.<\/strong><\/p>\n","protected":false},"featured_media":34125,"template":"","country":[134],"post_theme":[220],"class_list":["post-34819","stories","type-stories","status-publish","has-post-thumbnail","hentry","country-jamaica-fr","post_theme-community-fr"],"acf":[],"yoast_head":"<!-- This site is optimized with the Yoast SEO plugin v27.5 - https:\/\/yoast.com\/product\/yoast-seo-wordpress\/ -->\n<title>Une coop\u00e9rante-volontaire issue de la diaspora aide un groupe de femmes \u00e0 prendre son envol - Cuso International<\/title>\n<meta name=\"description\" content=\"Les programmes de d\u00e9veloppement et les coop\u00e9rants-volontaires de Cuso visent \u00e0 promouvoir l\u2019\u00e9galit\u00e9 entre les sexes et \u00e0 offrir de nouvelles perspectives \u00e9conomiques aux jeunes de quatre continents.\" \/>\n<meta name=\"robots\" content=\"index, follow, max-snippet:-1, max-image-preview:large, max-video-preview:-1\" \/>\n<link rel=\"canonical\" href=\"https:\/\/cusointernational.org\/fr\/recit\/diaspora-groupe-de-femmes\/\" \/>\n<meta property=\"og:locale\" content=\"fr_FR\" \/>\n<meta property=\"og:type\" content=\"article\" \/>\n<meta property=\"og:title\" content=\"Une coop\u00e9rante-volontaire issue de la diaspora aide un groupe de femmes \u00e0 prendre son envol - Cuso International\" \/>\n<meta property=\"og:description\" content=\"Les programmes de d\u00e9veloppement et les coop\u00e9rants-volontaires de Cuso visent \u00e0 promouvoir l\u2019\u00e9galit\u00e9 entre les sexes et \u00e0 offrir de nouvelles perspectives \u00e9conomiques aux jeunes de quatre continents.\" \/>\n<meta property=\"og:url\" content=\"https:\/\/cusointernational.org\/fr\/recit\/diaspora-groupe-de-femmes\/\" \/>\n<meta property=\"og:site_name\" content=\"Cuso International\" \/>\n<meta property=\"article:modified_time\" content=\"2018-06-17T19:21:12+00:00\" \/>\n<meta property=\"og:image\" content=\"https:\/\/cusointernational.org\/wp-content\/uploads\/DSC02103-scaled.jpg\" \/>\n\t<meta property=\"og:image:width\" content=\"2560\" \/>\n\t<meta property=\"og:image:height\" content=\"1706\" \/>\n\t<meta property=\"og:image:type\" content=\"image\/jpeg\" \/>\n<meta name=\"twitter:card\" content=\"summary_large_image\" \/>\n<meta name=\"twitter:label1\" content=\"Dur\u00e9e de lecture estim\u00e9e\" \/>\n\t<meta name=\"twitter:data1\" content=\"5 minutes\" \/>\n<script type=\"application\/ld+json\" class=\"yoast-schema-graph\">{\"@context\":\"https:\\\/\\\/schema.org\",\"@graph\":[{\"@type\":\"WebPage\",\"@id\":\"https:\\\/\\\/cusointernational.org\\\/fr\\\/recit\\\/diaspora-groupe-de-femmes\\\/\",\"url\":\"https:\\\/\\\/cusointernational.org\\\/fr\\\/recit\\\/diaspora-groupe-de-femmes\\\/\",\"name\":\"Une coop\u00e9rante-volontaire issue de la diaspora aide un groupe de femmes \u00e0 prendre son envol - Cuso International\",\"isPartOf\":{\"@id\":\"https:\\\/\\\/cusointernational.org\\\/fr\\\/#website\"},\"primaryImageOfPage\":{\"@id\":\"https:\\\/\\\/cusointernational.org\\\/fr\\\/recit\\\/diaspora-groupe-de-femmes\\\/#primaryimage\"},\"image\":{\"@id\":\"https:\\\/\\\/cusointernational.org\\\/fr\\\/recit\\\/diaspora-groupe-de-femmes\\\/#primaryimage\"},\"thumbnailUrl\":\"https:\\\/\\\/cusointernational.org\\\/wp-content\\\/uploads\\\/DSC02103-scaled.jpg\",\"datePublished\":\"2018-06-17T18:59:18+00:00\",\"dateModified\":\"2018-06-17T19:21:12+00:00\",\"description\":\"Les programmes de d\u00e9veloppement et les coop\u00e9rants-volontaires de Cuso visent \u00e0 promouvoir l\u2019\u00e9galit\u00e9 entre les sexes et \u00e0 offrir de nouvelles perspectives \u00e9conomiques aux jeunes de quatre continents.\",\"breadcrumb\":{\"@id\":\"https:\\\/\\\/cusointernational.org\\\/fr\\\/recit\\\/diaspora-groupe-de-femmes\\\/#breadcrumb\"},\"inLanguage\":\"fr-FR\",\"potentialAction\":[{\"@type\":\"ReadAction\",\"target\":[\"https:\\\/\\\/cusointernational.org\\\/fr\\\/recit\\\/diaspora-groupe-de-femmes\\\/\"]}]},{\"@type\":\"ImageObject\",\"inLanguage\":\"fr-FR\",\"@id\":\"https:\\\/\\\/cusointernational.org\\\/fr\\\/recit\\\/diaspora-groupe-de-femmes\\\/#primaryimage\",\"url\":\"https:\\\/\\\/cusointernational.org\\\/wp-content\\\/uploads\\\/DSC02103-scaled.jpg\",\"contentUrl\":\"https:\\\/\\\/cusointernational.org\\\/wp-content\\\/uploads\\\/DSC02103-scaled.jpg\",\"width\":2560,\"height\":1706,\"caption\":\"Women smiling in front of colourful mural\"},{\"@type\":\"BreadcrumbList\",\"@id\":\"https:\\\/\\\/cusointernational.org\\\/fr\\\/recit\\\/diaspora-groupe-de-femmes\\\/#breadcrumb\",\"itemListElement\":[{\"@type\":\"ListItem\",\"position\":1,\"name\":\"Home\",\"item\":\"https:\\\/\\\/cusointernational.org\\\/fr\\\/\"},{\"@type\":\"ListItem\",\"position\":2,\"name\":\"Une coop\u00e9rante-volontaire issue de la diaspora aide un groupe de femmes \u00e0 prendre son envol\"}]},{\"@type\":\"WebSite\",\"@id\":\"https:\\\/\\\/cusointernational.org\\\/fr\\\/#website\",\"url\":\"https:\\\/\\\/cusointernational.org\\\/fr\\\/\",\"name\":\"Cuso International\",\"description\":\"Connecting communities around the world with skilled Canadians to help end poverty\",\"potentialAction\":[{\"@type\":\"SearchAction\",\"target\":{\"@type\":\"EntryPoint\",\"urlTemplate\":\"https:\\\/\\\/cusointernational.org\\\/fr\\\/?s={search_term_string}\"},\"query-input\":{\"@type\":\"PropertyValueSpecification\",\"valueRequired\":true,\"valueName\":\"search_term_string\"}}],\"inLanguage\":\"fr-FR\"}]}<\/script>\n<!-- \/ Yoast SEO plugin. -->","yoast_head_json":{"title":"Une coop\u00e9rante-volontaire issue de la diaspora aide un groupe de femmes \u00e0 prendre son envol - Cuso International","description":"Les programmes de d\u00e9veloppement et les coop\u00e9rants-volontaires de Cuso visent \u00e0 promouvoir l\u2019\u00e9galit\u00e9 entre les sexes et \u00e0 offrir de nouvelles perspectives \u00e9conomiques aux jeunes de quatre continents.","robots":{"index":"index","follow":"follow","max-snippet":"max-snippet:-1","max-image-preview":"max-image-preview:large","max-video-preview":"max-video-preview:-1"},"canonical":"https:\/\/cusointernational.org\/fr\/recit\/diaspora-groupe-de-femmes\/","og_locale":"fr_FR","og_type":"article","og_title":"Une coop\u00e9rante-volontaire issue de la diaspora aide un groupe de femmes \u00e0 prendre son envol - Cuso International","og_description":"Les programmes de d\u00e9veloppement et les coop\u00e9rants-volontaires de Cuso visent \u00e0 promouvoir l\u2019\u00e9galit\u00e9 entre les sexes et \u00e0 offrir de nouvelles perspectives \u00e9conomiques aux jeunes de quatre continents.","og_url":"https:\/\/cusointernational.org\/fr\/recit\/diaspora-groupe-de-femmes\/","og_site_name":"Cuso International","article_modified_time":"2018-06-17T19:21:12+00:00","og_image":[{"width":2560,"height":1706,"url":"https:\/\/cusointernational.org\/wp-content\/uploads\/DSC02103-scaled.jpg","type":"image\/jpeg"}],"twitter_card":"summary_large_image","twitter_misc":{"Dur\u00e9e de lecture estim\u00e9e":"5 minutes"},"schema":{"@context":"https:\/\/schema.org","@graph":[{"@type":"WebPage","@id":"https:\/\/cusointernational.org\/fr\/recit\/diaspora-groupe-de-femmes\/","url":"https:\/\/cusointernational.org\/fr\/recit\/diaspora-groupe-de-femmes\/","name":"Une coop\u00e9rante-volontaire issue de la diaspora aide un groupe de femmes \u00e0 prendre son envol - Cuso International","isPartOf":{"@id":"https:\/\/cusointernational.org\/fr\/#website"},"primaryImageOfPage":{"@id":"https:\/\/cusointernational.org\/fr\/recit\/diaspora-groupe-de-femmes\/#primaryimage"},"image":{"@id":"https:\/\/cusointernational.org\/fr\/recit\/diaspora-groupe-de-femmes\/#primaryimage"},"thumbnailUrl":"https:\/\/cusointernational.org\/wp-content\/uploads\/DSC02103-scaled.jpg","datePublished":"2018-06-17T18:59:18+00:00","dateModified":"2018-06-17T19:21:12+00:00","description":"Les programmes de d\u00e9veloppement et les coop\u00e9rants-volontaires de Cuso visent \u00e0 promouvoir l\u2019\u00e9galit\u00e9 entre les sexes et \u00e0 offrir de nouvelles perspectives \u00e9conomiques aux jeunes de quatre continents.","breadcrumb":{"@id":"https:\/\/cusointernational.org\/fr\/recit\/diaspora-groupe-de-femmes\/#breadcrumb"},"inLanguage":"fr-FR","potentialAction":[{"@type":"ReadAction","target":["https:\/\/cusointernational.org\/fr\/recit\/diaspora-groupe-de-femmes\/"]}]},{"@type":"ImageObject","inLanguage":"fr-FR","@id":"https:\/\/cusointernational.org\/fr\/recit\/diaspora-groupe-de-femmes\/#primaryimage","url":"https:\/\/cusointernational.org\/wp-content\/uploads\/DSC02103-scaled.jpg","contentUrl":"https:\/\/cusointernational.org\/wp-content\/uploads\/DSC02103-scaled.jpg","width":2560,"height":1706,"caption":"Women smiling in front of colourful mural"},{"@type":"BreadcrumbList","@id":"https:\/\/cusointernational.org\/fr\/recit\/diaspora-groupe-de-femmes\/#breadcrumb","itemListElement":[{"@type":"ListItem","position":1,"name":"Home","item":"https:\/\/cusointernational.org\/fr\/"},{"@type":"ListItem","position":2,"name":"Une coop\u00e9rante-volontaire issue de la diaspora aide un groupe de femmes \u00e0 prendre son envol"}]},{"@type":"WebSite","@id":"https:\/\/cusointernational.org\/fr\/#website","url":"https:\/\/cusointernational.org\/fr\/","name":"Cuso International","description":"Connecting communities around the world with skilled Canadians to help end poverty","potentialAction":[{"@type":"SearchAction","target":{"@type":"EntryPoint","urlTemplate":"https:\/\/cusointernational.org\/fr\/?s={search_term_string}"},"query-input":{"@type":"PropertyValueSpecification","valueRequired":true,"valueName":"search_term_string"}}],"inLanguage":"fr-FR"}]}},"_links":{"self":[{"href":"https:\/\/cusointernational.org\/fr\/wp-json\/wp\/v2\/stories\/34819","targetHints":{"allow":["GET"]}}],"collection":[{"href":"https:\/\/cusointernational.org\/fr\/wp-json\/wp\/v2\/stories"}],"about":[{"href":"https:\/\/cusointernational.org\/fr\/wp-json\/wp\/v2\/types\/stories"}],"wp:featuredmedia":[{"embeddable":true,"href":"https:\/\/cusointernational.org\/fr\/wp-json\/wp\/v2\/media\/34125"}],"wp:attachment":[{"href":"https:\/\/cusointernational.org\/fr\/wp-json\/wp\/v2\/media?parent=34819"}],"wp:term":[{"taxonomy":"country","embeddable":true,"href":"https:\/\/cusointernational.org\/fr\/wp-json\/wp\/v2\/country?post=34819"},{"taxonomy":"post_theme","embeddable":true,"href":"https:\/\/cusointernational.org\/fr\/wp-json\/wp\/v2\/post_theme?post=34819"}],"curies":[{"name":"wp","href":"https:\/\/api.w.org\/{rel}","templated":true}]}}