{"id":34798,"date":"2017-10-16T00:15:25","date_gmt":"2017-10-16T04:15:25","guid":{"rendered":"https:\/\/cuso.wpengine.com\/stories\/vous-pouvez-le-faire-rappelle-une-cooperante-volontaire-philippino-canadienne-ses-concitoyens\/"},"modified":"2017-10-16T00:18:12","modified_gmt":"2017-10-16T04:18:12","slug":"vous-pouvez-le-faire-rappelle-une-cooperante-volontaire-philippino-canadienne-ses-concitoyens","status":"publish","type":"stories","link":"https:\/\/cusointernational.org\/fr\/recit\/vous-pouvez-le-faire-rappelle-une-cooperante-volontaire-philippino-canadienne-ses-concitoyens\/","title":{"rendered":"\u00ab Vous pouvez le faire! \u00bb, rappelle une coop\u00e9rante-volontaire philippino-canadienne \u00e0 ses concitoyens"},"content":{"rendered":"<p>Angie Marquez a 14 ans lorsqu\u2019elle quitte Marikina, une ville de la r\u00e9gion de Manille, aux Philippines, pour s\u2019\u00e9tablir au Canada. C\u2019\u00e9tait il y a de cela 40 ans. \u00ab \u00c7a m\u2019a bris\u00e9 le c\u0153ur de quitter mon pays, se rappelle Angie. J\u2019ai pleur\u00e9 pendant des jours. \u00bb Quitter ses amies ne sera pas chose facile. C\u2019est le genre d\u2019exp\u00e9rience qu\u2019on ne peut oublier. Ses parents, ses deux fr\u00e8res a\u00een\u00e9s et elle partent rejoindre ses six autres fr\u00e8res et s\u0153urs au Canada. Ils s\u2019installent alors \u00e0 Mississauga, en Ontario.<\/p>\n<p>Ses parents, incapables de s&#8217;habituer \u00e0 l\u2019hiver canadien, repartiront un an plus tard. C\u2019est alors qu\u2019Angie s\u2019installe chez un de ses fr\u00e8res, \u00e0 Stratford. \u00ab Ce fut un v\u00e9ritable choc culturel, raconte-t-elle. Nous n\u2019\u00e9tions que quelques membres de minorit\u00e9s visibles \u00e0 l\u2019\u00e9cole, et j\u2019ai subi beaucoup de discrimination. \u00bb<\/p>\n<p>Apr\u00e8s le retour de ses parents aux Philippines, elle leur rend r\u00e9guli\u00e8rement visite, jusqu\u2019au d\u00e9c\u00e8s de sa m\u00e8re, en 2010. Aujourd\u2019hui, elle se pr\u00e9pare \u00e0 retourner \u00e0 Manille, mais dans un tout nouveau contexte. C\u2019est comme coop\u00e9rante-volontaire de Cuso International qu\u2019elle retournera dans son pays d\u2019origine. Elle sera conseill\u00e8re en suivi et en \u00e9valuation aupr\u00e8s de Trias, un organisme belge qui travaille avec diff\u00e9rents groupes, dont des petits fermiers, afin de les aider \u00e0 am\u00e9liorer leurs pratiques commerciales.<\/p>\n<p>Au Canada, Angie est consultante en collecte de fonds et en renforcement des capacit\u00e9s aupr\u00e8s d\u2019OSBL. Quand elle a r\u00e9alis\u00e9 qu\u2019elle pouvait travailler n\u2019importe o\u00f9 dans le monde, elle a d\u00e9cid\u00e9 de faire du d\u00e9veloppement avec Cuso International. \u00c9trangement, les Philippines n\u2019\u00e9taient pas son premier choix! Mais lorsqu\u2019elle a vu que Cuso International avait des postes dans son pays d\u2019origine, elle a d\u00e9cid\u00e9 de plonger. \u00ab Je voulais redonner \u00e0 mon pays de naissance, explique-t-elle. Je suis tr\u00e8s heureuse de retourner chez moi. J\u2019ai h\u00e2te de commencer mon mandat! \u00bb Angie est consciente que travailler aux Philippines sera diff\u00e9rent de travailler au Canada. Elle est \u00e9galement consciente qu\u2019on risque d\u2019avoir des attentes plus \u00e9lev\u00e9es \u00e0 son \u00e9gard parce qu\u2019elle vient des Philippines.<\/p>\n<p>Quelques jours avant son d\u00e9part, Angie fait les derniers pr\u00e9paratifs en vue de son ann\u00e9e \u00e0 Manille. Alors que le grand jour approche, elle parle de son projet avec les membres de la diaspora philippine au Canada, et les gens sont impressionn\u00e9s. \u00ab Il y a tellement de professionnels philippino-canadiens qui souhaitent redonner \u00e0 leur pays, explique-t-elle. Lorsque je leur raconte ce que je m\u2019en vais faire, ils me disent : \u201cWow! C\u2019est g\u00e9nial! J\u2019aimerais pouvoir faire \u00e7a, moi aussi\u201d. Ce \u00e0 quoi je r\u00e9ponds toujours : \u201cVous pouvez le faire!\u201d \u00bb<\/p>\n<p><a href=\"http:\/\/parcours.cusointernational.org.\" target=\"_blank\" rel=\"noopener noreferrer\">Pour plus de d\u00e9tails sur la coop\u00e9ration volontaire, rendez-vous ici.\u00a0<\/a><\/p>\n","protected":false},"featured_media":34017,"template":"","country":[],"post_theme":[209],"class_list":["post-34798","stories","type-stories","status-publish","has-post-thumbnail","hentry","post_theme-volunteering-fr"],"acf":[],"yoast_head":"<!-- This site is optimized with the Yoast SEO plugin v27.5 - https:\/\/yoast.com\/product\/yoast-seo-wordpress\/ -->\n<title>\u00ab Vous pouvez le faire! \u00bb, rappelle une coop\u00e9rante-volontaire philippino-canadienne \u00e0 ses concitoyens - Cuso International<\/title>\n<meta name=\"description\" content=\"Les programmes de d\u00e9veloppement et les coop\u00e9rants-volontaires de Cuso visent \u00e0 promouvoir l\u2019\u00e9galit\u00e9 entre les sexes et \u00e0 offrir de nouvelles perspectives \u00e9conomiques aux jeunes de quatre continents.\" \/>\n<meta name=\"robots\" content=\"index, follow, max-snippet:-1, max-image-preview:large, max-video-preview:-1\" \/>\n<link rel=\"canonical\" href=\"https:\/\/cusointernational.org\/fr\/recit\/vous-pouvez-le-faire-rappelle-une-cooperante-volontaire-philippino-canadienne-ses-concitoyens\/\" \/>\n<meta property=\"og:locale\" content=\"fr_FR\" \/>\n<meta property=\"og:type\" content=\"article\" \/>\n<meta property=\"og:title\" content=\"\u00ab Vous pouvez le faire! \u00bb, rappelle une coop\u00e9rante-volontaire philippino-canadienne \u00e0 ses concitoyens - Cuso International\" \/>\n<meta property=\"og:description\" content=\"Les programmes de d\u00e9veloppement et les coop\u00e9rants-volontaires de Cuso visent \u00e0 promouvoir l\u2019\u00e9galit\u00e9 entre les sexes et \u00e0 offrir de nouvelles perspectives \u00e9conomiques aux jeunes de quatre continents.\" \/>\n<meta property=\"og:url\" content=\"https:\/\/cusointernational.org\/fr\/recit\/vous-pouvez-le-faire-rappelle-une-cooperante-volontaire-philippino-canadienne-ses-concitoyens\/\" \/>\n<meta property=\"og:site_name\" content=\"Cuso International\" \/>\n<meta property=\"article:modified_time\" content=\"2017-10-16T04:18:12+00:00\" \/>\n<meta property=\"og:image\" content=\"https:\/\/cusointernational.org\/wp-content\/uploads\/20171011_143707.jpg\" \/>\n\t<meta property=\"og:image:width\" content=\"2560\" \/>\n\t<meta property=\"og:image:height\" content=\"1440\" \/>\n\t<meta property=\"og:image:type\" content=\"image\/jpeg\" \/>\n<meta name=\"twitter:card\" content=\"summary_large_image\" \/>\n<meta name=\"twitter:label1\" content=\"Dur\u00e9e de lecture estim\u00e9e\" \/>\n\t<meta name=\"twitter:data1\" content=\"2 minutes\" \/>\n<script type=\"application\/ld+json\" class=\"yoast-schema-graph\">{\"@context\":\"https:\\\/\\\/schema.org\",\"@graph\":[{\"@type\":\"WebPage\",\"@id\":\"https:\\\/\\\/cusointernational.org\\\/fr\\\/recit\\\/vous-pouvez-le-faire-rappelle-une-cooperante-volontaire-philippino-canadienne-ses-concitoyens\\\/\",\"url\":\"https:\\\/\\\/cusointernational.org\\\/fr\\\/recit\\\/vous-pouvez-le-faire-rappelle-une-cooperante-volontaire-philippino-canadienne-ses-concitoyens\\\/\",\"name\":\"\u00ab Vous pouvez le faire! \u00bb, rappelle une coop\u00e9rante-volontaire philippino-canadienne \u00e0 ses concitoyens - Cuso International\",\"isPartOf\":{\"@id\":\"https:\\\/\\\/cusointernational.org\\\/fr\\\/#website\"},\"primaryImageOfPage\":{\"@id\":\"https:\\\/\\\/cusointernational.org\\\/fr\\\/recit\\\/vous-pouvez-le-faire-rappelle-une-cooperante-volontaire-philippino-canadienne-ses-concitoyens\\\/#primaryimage\"},\"image\":{\"@id\":\"https:\\\/\\\/cusointernational.org\\\/fr\\\/recit\\\/vous-pouvez-le-faire-rappelle-une-cooperante-volontaire-philippino-canadienne-ses-concitoyens\\\/#primaryimage\"},\"thumbnailUrl\":\"https:\\\/\\\/cusointernational.org\\\/wp-content\\\/uploads\\\/20171011_143707.jpg\",\"datePublished\":\"2017-10-16T04:15:25+00:00\",\"dateModified\":\"2017-10-16T04:18:12+00:00\",\"description\":\"Les programmes de d\u00e9veloppement et les coop\u00e9rants-volontaires de Cuso visent \u00e0 promouvoir l\u2019\u00e9galit\u00e9 entre les sexes et \u00e0 offrir de nouvelles perspectives \u00e9conomiques aux jeunes de quatre continents.\",\"breadcrumb\":{\"@id\":\"https:\\\/\\\/cusointernational.org\\\/fr\\\/recit\\\/vous-pouvez-le-faire-rappelle-une-cooperante-volontaire-philippino-canadienne-ses-concitoyens\\\/#breadcrumb\"},\"inLanguage\":\"fr-FR\",\"potentialAction\":[{\"@type\":\"ReadAction\",\"target\":[\"https:\\\/\\\/cusointernational.org\\\/fr\\\/recit\\\/vous-pouvez-le-faire-rappelle-une-cooperante-volontaire-philippino-canadienne-ses-concitoyens\\\/\"]}]},{\"@type\":\"ImageObject\",\"inLanguage\":\"fr-FR\",\"@id\":\"https:\\\/\\\/cusointernational.org\\\/fr\\\/recit\\\/vous-pouvez-le-faire-rappelle-une-cooperante-volontaire-philippino-canadienne-ses-concitoyens\\\/#primaryimage\",\"url\":\"https:\\\/\\\/cusointernational.org\\\/wp-content\\\/uploads\\\/20171011_143707.jpg\",\"contentUrl\":\"https:\\\/\\\/cusointernational.org\\\/wp-content\\\/uploads\\\/20171011_143707.jpg\",\"width\":2560,\"height\":1440,\"caption\":\"Women at outdoor food market\"},{\"@type\":\"BreadcrumbList\",\"@id\":\"https:\\\/\\\/cusointernational.org\\\/fr\\\/recit\\\/vous-pouvez-le-faire-rappelle-une-cooperante-volontaire-philippino-canadienne-ses-concitoyens\\\/#breadcrumb\",\"itemListElement\":[{\"@type\":\"ListItem\",\"position\":1,\"name\":\"Home\",\"item\":\"https:\\\/\\\/cusointernational.org\\\/fr\\\/\"},{\"@type\":\"ListItem\",\"position\":2,\"name\":\"\u00ab Vous pouvez le faire! \u00bb, rappelle une coop\u00e9rante-volontaire philippino-canadienne \u00e0 ses concitoyens\"}]},{\"@type\":\"WebSite\",\"@id\":\"https:\\\/\\\/cusointernational.org\\\/fr\\\/#website\",\"url\":\"https:\\\/\\\/cusointernational.org\\\/fr\\\/\",\"name\":\"Cuso International\",\"description\":\"Connecting communities around the world with skilled Canadians to help end poverty\",\"potentialAction\":[{\"@type\":\"SearchAction\",\"target\":{\"@type\":\"EntryPoint\",\"urlTemplate\":\"https:\\\/\\\/cusointernational.org\\\/fr\\\/?s={search_term_string}\"},\"query-input\":{\"@type\":\"PropertyValueSpecification\",\"valueRequired\":true,\"valueName\":\"search_term_string\"}}],\"inLanguage\":\"fr-FR\"}]}<\/script>\n<!-- \/ Yoast SEO plugin. -->","yoast_head_json":{"title":"\u00ab Vous pouvez le faire! \u00bb, rappelle une coop\u00e9rante-volontaire philippino-canadienne \u00e0 ses concitoyens - Cuso International","description":"Les programmes de d\u00e9veloppement et les coop\u00e9rants-volontaires de Cuso visent \u00e0 promouvoir l\u2019\u00e9galit\u00e9 entre les sexes et \u00e0 offrir de nouvelles perspectives \u00e9conomiques aux jeunes de quatre continents.","robots":{"index":"index","follow":"follow","max-snippet":"max-snippet:-1","max-image-preview":"max-image-preview:large","max-video-preview":"max-video-preview:-1"},"canonical":"https:\/\/cusointernational.org\/fr\/recit\/vous-pouvez-le-faire-rappelle-une-cooperante-volontaire-philippino-canadienne-ses-concitoyens\/","og_locale":"fr_FR","og_type":"article","og_title":"\u00ab Vous pouvez le faire! \u00bb, rappelle une coop\u00e9rante-volontaire philippino-canadienne \u00e0 ses concitoyens - Cuso International","og_description":"Les programmes de d\u00e9veloppement et les coop\u00e9rants-volontaires de Cuso visent \u00e0 promouvoir l\u2019\u00e9galit\u00e9 entre les sexes et \u00e0 offrir de nouvelles perspectives \u00e9conomiques aux jeunes de quatre continents.","og_url":"https:\/\/cusointernational.org\/fr\/recit\/vous-pouvez-le-faire-rappelle-une-cooperante-volontaire-philippino-canadienne-ses-concitoyens\/","og_site_name":"Cuso International","article_modified_time":"2017-10-16T04:18:12+00:00","og_image":[{"width":2560,"height":1440,"url":"https:\/\/cusointernational.org\/wp-content\/uploads\/20171011_143707.jpg","type":"image\/jpeg"}],"twitter_card":"summary_large_image","twitter_misc":{"Dur\u00e9e de lecture estim\u00e9e":"2 minutes"},"schema":{"@context":"https:\/\/schema.org","@graph":[{"@type":"WebPage","@id":"https:\/\/cusointernational.org\/fr\/recit\/vous-pouvez-le-faire-rappelle-une-cooperante-volontaire-philippino-canadienne-ses-concitoyens\/","url":"https:\/\/cusointernational.org\/fr\/recit\/vous-pouvez-le-faire-rappelle-une-cooperante-volontaire-philippino-canadienne-ses-concitoyens\/","name":"\u00ab Vous pouvez le faire! \u00bb, rappelle une coop\u00e9rante-volontaire philippino-canadienne \u00e0 ses concitoyens - Cuso International","isPartOf":{"@id":"https:\/\/cusointernational.org\/fr\/#website"},"primaryImageOfPage":{"@id":"https:\/\/cusointernational.org\/fr\/recit\/vous-pouvez-le-faire-rappelle-une-cooperante-volontaire-philippino-canadienne-ses-concitoyens\/#primaryimage"},"image":{"@id":"https:\/\/cusointernational.org\/fr\/recit\/vous-pouvez-le-faire-rappelle-une-cooperante-volontaire-philippino-canadienne-ses-concitoyens\/#primaryimage"},"thumbnailUrl":"https:\/\/cusointernational.org\/wp-content\/uploads\/20171011_143707.jpg","datePublished":"2017-10-16T04:15:25+00:00","dateModified":"2017-10-16T04:18:12+00:00","description":"Les programmes de d\u00e9veloppement et les coop\u00e9rants-volontaires de Cuso visent \u00e0 promouvoir l\u2019\u00e9galit\u00e9 entre les sexes et \u00e0 offrir de nouvelles perspectives \u00e9conomiques aux jeunes de quatre continents.","breadcrumb":{"@id":"https:\/\/cusointernational.org\/fr\/recit\/vous-pouvez-le-faire-rappelle-une-cooperante-volontaire-philippino-canadienne-ses-concitoyens\/#breadcrumb"},"inLanguage":"fr-FR","potentialAction":[{"@type":"ReadAction","target":["https:\/\/cusointernational.org\/fr\/recit\/vous-pouvez-le-faire-rappelle-une-cooperante-volontaire-philippino-canadienne-ses-concitoyens\/"]}]},{"@type":"ImageObject","inLanguage":"fr-FR","@id":"https:\/\/cusointernational.org\/fr\/recit\/vous-pouvez-le-faire-rappelle-une-cooperante-volontaire-philippino-canadienne-ses-concitoyens\/#primaryimage","url":"https:\/\/cusointernational.org\/wp-content\/uploads\/20171011_143707.jpg","contentUrl":"https:\/\/cusointernational.org\/wp-content\/uploads\/20171011_143707.jpg","width":2560,"height":1440,"caption":"Women at outdoor food market"},{"@type":"BreadcrumbList","@id":"https:\/\/cusointernational.org\/fr\/recit\/vous-pouvez-le-faire-rappelle-une-cooperante-volontaire-philippino-canadienne-ses-concitoyens\/#breadcrumb","itemListElement":[{"@type":"ListItem","position":1,"name":"Home","item":"https:\/\/cusointernational.org\/fr\/"},{"@type":"ListItem","position":2,"name":"\u00ab Vous pouvez le faire! \u00bb, rappelle une coop\u00e9rante-volontaire philippino-canadienne \u00e0 ses concitoyens"}]},{"@type":"WebSite","@id":"https:\/\/cusointernational.org\/fr\/#website","url":"https:\/\/cusointernational.org\/fr\/","name":"Cuso International","description":"Connecting communities around the world with skilled Canadians to help end poverty","potentialAction":[{"@type":"SearchAction","target":{"@type":"EntryPoint","urlTemplate":"https:\/\/cusointernational.org\/fr\/?s={search_term_string}"},"query-input":{"@type":"PropertyValueSpecification","valueRequired":true,"valueName":"search_term_string"}}],"inLanguage":"fr-FR"}]}},"_links":{"self":[{"href":"https:\/\/cusointernational.org\/fr\/wp-json\/wp\/v2\/stories\/34798","targetHints":{"allow":["GET"]}}],"collection":[{"href":"https:\/\/cusointernational.org\/fr\/wp-json\/wp\/v2\/stories"}],"about":[{"href":"https:\/\/cusointernational.org\/fr\/wp-json\/wp\/v2\/types\/stories"}],"wp:featuredmedia":[{"embeddable":true,"href":"https:\/\/cusointernational.org\/fr\/wp-json\/wp\/v2\/media\/34017"}],"wp:attachment":[{"href":"https:\/\/cusointernational.org\/fr\/wp-json\/wp\/v2\/media?parent=34798"}],"wp:term":[{"taxonomy":"country","embeddable":true,"href":"https:\/\/cusointernational.org\/fr\/wp-json\/wp\/v2\/country?post=34798"},{"taxonomy":"post_theme","embeddable":true,"href":"https:\/\/cusointernational.org\/fr\/wp-json\/wp\/v2\/post_theme?post=34798"}],"curies":[{"name":"wp","href":"https:\/\/api.w.org\/{rel}","templated":true}]}}