{"id":34795,"date":"2017-08-26T22:32:04","date_gmt":"2017-08-27T02:32:04","guid":{"rendered":"https:\/\/cuso.wpengine.com\/stories\/mettre-fin-violence-contre-les-femmes-au-perou\/"},"modified":"2017-08-28T23:09:34","modified_gmt":"2017-08-29T03:09:34","slug":"mettre-fin-violence-contre-les-femmes-au-perou","status":"publish","type":"stories","link":"https:\/\/cusointernational.org\/fr\/recit\/mettre-fin-violence-contre-les-femmes-au-perou\/","title":{"rendered":"Mettre fin \u00e0 la violence contre les femmes au P\u00e9rou"},"content":{"rendered":"<p>Ce que Simon Morin a le plus aim\u00e9 de son affectation d\u2019un an et demi comme coop\u00e9rant-volontaire \u00e0 Lima, au P\u00e9rou, c\u2019est l\u2019opportunit\u00e9 de jumeler ses int\u00e9r\u00eats pour l\u2019Am\u00e9rique latine, l\u2019\u00e9galit\u00e9 des genres et les droits humains. Ayant \u00e9tudi\u00e9 les sciences politiques et la coop\u00e9ration internationale \u00e0 Montr\u00e9al et r\u00e9alis\u00e9 un stage au sein d\u2019ONU Femmes au Mexique, Simon connaissait bien les enjeux sociaux et \u00e9conomiques de cette r\u00e9gion.<\/p>\n<p>Le mandat de Simon, qui vient tout juste de terminer son affectation avec Cuso International, \u00e9tait celui de promouvoir l\u2019\u00e9galit\u00e9 des genres et les droits humains. Son partenaire local, le Bureau de l\u2019ombudsman (Defensor\u00eda del Pueblo), a comme r\u00f4le de promouvoir la protection des droits fondamentaux des individus et veiller \u00e0 ce que les services publics soient ad\u00e9quats. Simon a concentr\u00e9 ses efforts sur la pr\u00e9vention des discriminations et violences \u00e0 l\u2019\u00e9gard des femmes, notamment en mati\u00e8re de sant\u00e9.<\/p>\n<p>Au P\u00e9rou, la violence contre les femmes, commun\u00e9ment appel\u00e9e \u00ab violence machiste \u00bb, se manifeste sous diverses formes : violence conjugale, trafic humain, harc\u00e8lement sexuel et f\u00e9minicide, un terme utilis\u00e9 pour d\u00e9signer le meurtre d\u2019une femme en raison de sa condition de femme. Face \u00e0 cette situation et \u00e0 l\u2019impunit\u00e9 des agresseurs, des milliers de citoyennes et citoyens sont descendus dans les rues en ao\u00fbt pour r\u00e9clamer la fin des violences commises contre les femmes.<\/p>\n<p>\u00ab Selon l\u2019Organisation mondiale de la sant\u00e9, le P\u00e9rou est le troisi\u00e8me pays au monde, derri\u00e8re l\u2019\u00c9thiopie et le Bangladesh, en nombre de femmes de 15 \u00e0 49 ans victimes de violence sexuelle. \u00c0 tous les jours je travaille sur des cas concrets de violence. C\u2019est effrayant et triste. \u00bb<\/p>\n<p>Diana Portal, avocate et coll\u00e8gue de Simon \u00e0 la Defensor\u00eda, explique que m\u00eame s\u2019il y a eu des avanc\u00e9es par rapport aux droits des femmes, la violence reste un probl\u00e8me crucial au P\u00e9rou. Celle-ci affecte la vie des femmes et leur \u00e9panouissement, et emp\u00eache l\u2019expression de leurs droits. Pour Diana, il faut miser sur la pr\u00e9vention et l\u2019\u00e9ducation avant tout.<\/p>\n<p>\u00ab Nous vivons dans un contexte o\u00f9 les droits des femmes sont continuellement brim\u00e9s. O\u00f9 il y a beaucoup de discrimination envers celles-ci et o\u00f9 l\u2019on enregistre environ 10 f\u00e9minicides par mois. \u00bb<\/p>\n<p>Durant son affectation, Simon a pu contribuer \u00e0 de nombreux projets. Il a particip\u00e9 \u00e0 la cr\u00e9ation d\u2019un registre des victimes de st\u00e9rilisations forc\u00e9es r\u00e9alis\u00e9es \u00e0 l\u2019\u00e9poque du terrorisme, entre 1996 et 2000. Il a \u00e9galement travaill\u00e9 \u00e0 une campagne contre le harc\u00e8lement sexuel, r\u00e9dig\u00e9 des rapports, fait des recommandations sur des projets de lois et appuy\u00e9 un groupe de travail ayant pour objectif de promouvoir l\u2019\u00e9galit\u00e9 des genres et le respect des diff\u00e9rences culturelles au sein m\u00eame de la Defensor\u00eda.<\/p>\n<p>Avant de venir au P\u00e9rou, Simon a r\u00e9alis\u00e9 un stage au Mexique pour la campagne #HeForShe (\u00ab Lui pour elle \u00bb), dont l\u2019objectif est d\u2019encourager les hommes et les gar\u00e7ons \u00e0 prendre des mesures contre les in\u00e9galit\u00e9s auxquelles font face les femmes et les filles.<\/p>\n<p>Mettant \u00e0 profit ses comp\u00e9tences, Simon a \u00e9labor\u00e9 un guide sur la mani\u00e8re dont les hommes peuvent participer \u00e0 la lutte contre la violence envers les femmes. Pour lui, le fait d\u2019\u00eatre un homme lui permet de rejoindre certains hommes qui sont plus r\u00e9ticents ou peu inform\u00e9s par rapport \u00e0 l\u2019\u00e9galit\u00e9 des genres ou du f\u00e9minisme, et ainsi susciter une introspection.<\/p>\n<p>\u00ab J&#8217;ai l&#8217;impression que lorsqu\u2019on parle de f\u00e9minisme, ou que lorsque les femmes parlent de f\u00e9minisme et s&#8217;adressent aux hommes, que certains hommes se sentent sur la d\u00e9fensive. Donc si c&#8217;est d&#8217;homme \u00e0 homme, il y a une possibilit\u00e9 d&#8217;une plus grande \u00e9coute. \u00bb<\/p>\n<p>Nous esp\u00e9rons de tout c\u0153ur que vous <a href=\"https:\/\/cusointernational.org\/fr\/faire-un-don\/\" target=\"_blank\" rel=\"noopener noreferrer\">ferez un don<\/a> sans tarder pour nous aider \u00e0 envoyer notre prochaine cohorte de coop\u00e9rants-volontaires sur le terrain, o\u00f9 ils participeront \u00e0 des projets porteurs et novateurs.<\/p>\n","protected":false},"featured_media":34005,"template":"","country":[138],"post_theme":[220],"class_list":["post-34795","stories","type-stories","status-publish","has-post-thumbnail","hentry","country-peru-fr","post_theme-community-fr"],"acf":[],"yoast_head":"<!-- This site is optimized with the Yoast SEO plugin v27.5 - https:\/\/yoast.com\/product\/yoast-seo-wordpress\/ -->\n<title>Mettre fin \u00e0 la violence contre les femmes au P\u00e9rou - Cuso International<\/title>\n<meta name=\"description\" content=\"Les programmes de d\u00e9veloppement et les coop\u00e9rants-volontaires de Cuso visent \u00e0 promouvoir l\u2019\u00e9galit\u00e9 entre les sexes et \u00e0 offrir de nouvelles perspectives \u00e9conomiques aux jeunes de quatre continents.\" \/>\n<meta name=\"robots\" content=\"index, follow, max-snippet:-1, max-image-preview:large, max-video-preview:-1\" \/>\n<link rel=\"canonical\" href=\"https:\/\/cusointernational.org\/fr\/recit\/mettre-fin-violence-contre-les-femmes-au-perou\/\" \/>\n<meta property=\"og:locale\" content=\"fr_FR\" \/>\n<meta property=\"og:type\" content=\"article\" \/>\n<meta property=\"og:title\" content=\"Mettre fin \u00e0 la violence contre les femmes au P\u00e9rou - Cuso International\" \/>\n<meta property=\"og:description\" content=\"Les programmes de d\u00e9veloppement et les coop\u00e9rants-volontaires de Cuso visent \u00e0 promouvoir l\u2019\u00e9galit\u00e9 entre les sexes et \u00e0 offrir de nouvelles perspectives \u00e9conomiques aux jeunes de quatre continents.\" \/>\n<meta property=\"og:url\" content=\"https:\/\/cusointernational.org\/fr\/recit\/mettre-fin-violence-contre-les-femmes-au-perou\/\" \/>\n<meta property=\"og:site_name\" content=\"Cuso International\" \/>\n<meta property=\"article:modified_time\" content=\"2017-08-29T03:09:34+00:00\" \/>\n<meta property=\"og:image\" content=\"https:\/\/cusointernational.org\/wp-content\/uploads\/Simon4-1600x1027.jpg\" \/>\n\t<meta property=\"og:image:width\" content=\"1600\" \/>\n\t<meta property=\"og:image:height\" content=\"1027\" \/>\n\t<meta property=\"og:image:type\" content=\"image\/jpeg\" \/>\n<meta name=\"twitter:card\" content=\"summary_large_image\" \/>\n<meta name=\"twitter:label1\" content=\"Dur\u00e9e de lecture estim\u00e9e\" \/>\n\t<meta name=\"twitter:data1\" content=\"3 minutes\" \/>\n<script type=\"application\/ld+json\" class=\"yoast-schema-graph\">{\"@context\":\"https:\\\/\\\/schema.org\",\"@graph\":[{\"@type\":\"WebPage\",\"@id\":\"https:\\\/\\\/cusointernational.org\\\/fr\\\/recit\\\/mettre-fin-violence-contre-les-femmes-au-perou\\\/\",\"url\":\"https:\\\/\\\/cusointernational.org\\\/fr\\\/recit\\\/mettre-fin-violence-contre-les-femmes-au-perou\\\/\",\"name\":\"Mettre fin \u00e0 la violence contre les femmes au P\u00e9rou - Cuso International\",\"isPartOf\":{\"@id\":\"https:\\\/\\\/cusointernational.org\\\/fr\\\/#website\"},\"primaryImageOfPage\":{\"@id\":\"https:\\\/\\\/cusointernational.org\\\/fr\\\/recit\\\/mettre-fin-violence-contre-les-femmes-au-perou\\\/#primaryimage\"},\"image\":{\"@id\":\"https:\\\/\\\/cusointernational.org\\\/fr\\\/recit\\\/mettre-fin-violence-contre-les-femmes-au-perou\\\/#primaryimage\"},\"thumbnailUrl\":\"https:\\\/\\\/cusointernational.org\\\/wp-content\\\/uploads\\\/Simon4.jpg\",\"datePublished\":\"2017-08-27T02:32:04+00:00\",\"dateModified\":\"2017-08-29T03:09:34+00:00\",\"description\":\"Les programmes de d\u00e9veloppement et les coop\u00e9rants-volontaires de Cuso visent \u00e0 promouvoir l\u2019\u00e9galit\u00e9 entre les sexes et \u00e0 offrir de nouvelles perspectives \u00e9conomiques aux jeunes de quatre continents.\",\"breadcrumb\":{\"@id\":\"https:\\\/\\\/cusointernational.org\\\/fr\\\/recit\\\/mettre-fin-violence-contre-les-femmes-au-perou\\\/#breadcrumb\"},\"inLanguage\":\"fr-FR\",\"potentialAction\":[{\"@type\":\"ReadAction\",\"target\":[\"https:\\\/\\\/cusointernational.org\\\/fr\\\/recit\\\/mettre-fin-violence-contre-les-femmes-au-perou\\\/\"]}]},{\"@type\":\"ImageObject\",\"inLanguage\":\"fr-FR\",\"@id\":\"https:\\\/\\\/cusointernational.org\\\/fr\\\/recit\\\/mettre-fin-violence-contre-les-femmes-au-perou\\\/#primaryimage\",\"url\":\"https:\\\/\\\/cusointernational.org\\\/wp-content\\\/uploads\\\/Simon4.jpg\",\"contentUrl\":\"https:\\\/\\\/cusointernational.org\\\/wp-content\\\/uploads\\\/Simon4.jpg\",\"width\":2017,\"height\":1295,\"caption\":\"Three people in front of mural\"},{\"@type\":\"BreadcrumbList\",\"@id\":\"https:\\\/\\\/cusointernational.org\\\/fr\\\/recit\\\/mettre-fin-violence-contre-les-femmes-au-perou\\\/#breadcrumb\",\"itemListElement\":[{\"@type\":\"ListItem\",\"position\":1,\"name\":\"Home\",\"item\":\"https:\\\/\\\/cusointernational.org\\\/fr\\\/\"},{\"@type\":\"ListItem\",\"position\":2,\"name\":\"Mettre fin \u00e0 la violence contre les femmes au P\u00e9rou\"}]},{\"@type\":\"WebSite\",\"@id\":\"https:\\\/\\\/cusointernational.org\\\/fr\\\/#website\",\"url\":\"https:\\\/\\\/cusointernational.org\\\/fr\\\/\",\"name\":\"Cuso International\",\"description\":\"Connecting communities around the world with skilled Canadians to help end poverty\",\"potentialAction\":[{\"@type\":\"SearchAction\",\"target\":{\"@type\":\"EntryPoint\",\"urlTemplate\":\"https:\\\/\\\/cusointernational.org\\\/fr\\\/?s={search_term_string}\"},\"query-input\":{\"@type\":\"PropertyValueSpecification\",\"valueRequired\":true,\"valueName\":\"search_term_string\"}}],\"inLanguage\":\"fr-FR\"}]}<\/script>\n<!-- \/ Yoast SEO plugin. -->","yoast_head_json":{"title":"Mettre fin \u00e0 la violence contre les femmes au P\u00e9rou - Cuso International","description":"Les programmes de d\u00e9veloppement et les coop\u00e9rants-volontaires de Cuso visent \u00e0 promouvoir l\u2019\u00e9galit\u00e9 entre les sexes et \u00e0 offrir de nouvelles perspectives \u00e9conomiques aux jeunes de quatre continents.","robots":{"index":"index","follow":"follow","max-snippet":"max-snippet:-1","max-image-preview":"max-image-preview:large","max-video-preview":"max-video-preview:-1"},"canonical":"https:\/\/cusointernational.org\/fr\/recit\/mettre-fin-violence-contre-les-femmes-au-perou\/","og_locale":"fr_FR","og_type":"article","og_title":"Mettre fin \u00e0 la violence contre les femmes au P\u00e9rou - Cuso International","og_description":"Les programmes de d\u00e9veloppement et les coop\u00e9rants-volontaires de Cuso visent \u00e0 promouvoir l\u2019\u00e9galit\u00e9 entre les sexes et \u00e0 offrir de nouvelles perspectives \u00e9conomiques aux jeunes de quatre continents.","og_url":"https:\/\/cusointernational.org\/fr\/recit\/mettre-fin-violence-contre-les-femmes-au-perou\/","og_site_name":"Cuso International","article_modified_time":"2017-08-29T03:09:34+00:00","og_image":[{"width":1600,"height":1027,"url":"https:\/\/cusointernational.org\/wp-content\/uploads\/Simon4-1600x1027.jpg","type":"image\/jpeg"}],"twitter_card":"summary_large_image","twitter_misc":{"Dur\u00e9e de lecture estim\u00e9e":"3 minutes"},"schema":{"@context":"https:\/\/schema.org","@graph":[{"@type":"WebPage","@id":"https:\/\/cusointernational.org\/fr\/recit\/mettre-fin-violence-contre-les-femmes-au-perou\/","url":"https:\/\/cusointernational.org\/fr\/recit\/mettre-fin-violence-contre-les-femmes-au-perou\/","name":"Mettre fin \u00e0 la violence contre les femmes au P\u00e9rou - Cuso International","isPartOf":{"@id":"https:\/\/cusointernational.org\/fr\/#website"},"primaryImageOfPage":{"@id":"https:\/\/cusointernational.org\/fr\/recit\/mettre-fin-violence-contre-les-femmes-au-perou\/#primaryimage"},"image":{"@id":"https:\/\/cusointernational.org\/fr\/recit\/mettre-fin-violence-contre-les-femmes-au-perou\/#primaryimage"},"thumbnailUrl":"https:\/\/cusointernational.org\/wp-content\/uploads\/Simon4.jpg","datePublished":"2017-08-27T02:32:04+00:00","dateModified":"2017-08-29T03:09:34+00:00","description":"Les programmes de d\u00e9veloppement et les coop\u00e9rants-volontaires de Cuso visent \u00e0 promouvoir l\u2019\u00e9galit\u00e9 entre les sexes et \u00e0 offrir de nouvelles perspectives \u00e9conomiques aux jeunes de quatre continents.","breadcrumb":{"@id":"https:\/\/cusointernational.org\/fr\/recit\/mettre-fin-violence-contre-les-femmes-au-perou\/#breadcrumb"},"inLanguage":"fr-FR","potentialAction":[{"@type":"ReadAction","target":["https:\/\/cusointernational.org\/fr\/recit\/mettre-fin-violence-contre-les-femmes-au-perou\/"]}]},{"@type":"ImageObject","inLanguage":"fr-FR","@id":"https:\/\/cusointernational.org\/fr\/recit\/mettre-fin-violence-contre-les-femmes-au-perou\/#primaryimage","url":"https:\/\/cusointernational.org\/wp-content\/uploads\/Simon4.jpg","contentUrl":"https:\/\/cusointernational.org\/wp-content\/uploads\/Simon4.jpg","width":2017,"height":1295,"caption":"Three people in front of mural"},{"@type":"BreadcrumbList","@id":"https:\/\/cusointernational.org\/fr\/recit\/mettre-fin-violence-contre-les-femmes-au-perou\/#breadcrumb","itemListElement":[{"@type":"ListItem","position":1,"name":"Home","item":"https:\/\/cusointernational.org\/fr\/"},{"@type":"ListItem","position":2,"name":"Mettre fin \u00e0 la violence contre les femmes au P\u00e9rou"}]},{"@type":"WebSite","@id":"https:\/\/cusointernational.org\/fr\/#website","url":"https:\/\/cusointernational.org\/fr\/","name":"Cuso International","description":"Connecting communities around the world with skilled Canadians to help end poverty","potentialAction":[{"@type":"SearchAction","target":{"@type":"EntryPoint","urlTemplate":"https:\/\/cusointernational.org\/fr\/?s={search_term_string}"},"query-input":{"@type":"PropertyValueSpecification","valueRequired":true,"valueName":"search_term_string"}}],"inLanguage":"fr-FR"}]}},"_links":{"self":[{"href":"https:\/\/cusointernational.org\/fr\/wp-json\/wp\/v2\/stories\/34795","targetHints":{"allow":["GET"]}}],"collection":[{"href":"https:\/\/cusointernational.org\/fr\/wp-json\/wp\/v2\/stories"}],"about":[{"href":"https:\/\/cusointernational.org\/fr\/wp-json\/wp\/v2\/types\/stories"}],"wp:featuredmedia":[{"embeddable":true,"href":"https:\/\/cusointernational.org\/fr\/wp-json\/wp\/v2\/media\/34005"}],"wp:attachment":[{"href":"https:\/\/cusointernational.org\/fr\/wp-json\/wp\/v2\/media?parent=34795"}],"wp:term":[{"taxonomy":"country","embeddable":true,"href":"https:\/\/cusointernational.org\/fr\/wp-json\/wp\/v2\/country?post=34795"},{"taxonomy":"post_theme","embeddable":true,"href":"https:\/\/cusointernational.org\/fr\/wp-json\/wp\/v2\/post_theme?post=34795"}],"curies":[{"name":"wp","href":"https:\/\/api.w.org\/{rel}","templated":true}]}}