{"id":34786,"date":"2017-05-22T15:35:52","date_gmt":"2017-05-22T19:35:52","guid":{"rendered":"https:\/\/cuso.wpengine.com\/stories\/les-futurs-leaders-camerounais\/"},"modified":"2017-05-22T15:38:17","modified_gmt":"2017-05-22T19:38:17","slug":"les-futurs-leaders-camerounais","status":"publish","type":"stories","link":"https:\/\/cusointernational.org\/fr\/recit\/les-futurs-leaders-camerounais\/","title":{"rendered":"Les futurs leaders camerounais"},"content":{"rendered":"<p>Unblind se rappelle son arriv\u00e9e \u00e0 l\u2019\u00e9cole secondaire o\u00f9 il a fait son affectation. Situ\u00e9 un peu au nord de Yaound\u00e9, la capitale du Cameroun, le b\u00e2timent de trois \u00e9tages se dressait tel un arbre, au milieu de la for\u00eat. La premi\u00e8re chose qu&#8217;il a remarqu\u00e9e, c\u2019est un groupe de jeunes v\u00eatus d\u2019une chemise d\u2019un blanc \u00e9clatant, d\u2019une cravate rouge et d\u2019un uniforme bleu marine en train de jouer au basket-ball.<\/p>\n<p>Au Cameroun, les jeunes rencontrent beaucoup d\u2019obstacles personnels et professionnels. Le taux de ch\u00f4mage est trois fois plus \u00e9lev\u00e9 qu\u2019au Canada et le manque d\u2019\u00e9ducation et de comp\u00e9tences professionnelles met des b\u00e2tons dans les roues de bien des jeunes. Il est d\u2019autant plus urgent de retourner la situation que les jeunes constituent le plus grand groupe d\u00e9mographique dans ce pays. L\u2019avenir du Cameroun repose sur les \u00e9paules de ces jeunes. L\u2019\u00e9ducation est un moyen puissant de r\u00e9duire la pauvret\u00e9 et les in\u00e9galit\u00e9s, mais les jeunes doivent d\u2019abord avoir la motivation de poursuivre leurs \u00e9tudes. C\u2019est \u00e0 ce moment qu\u2019Unblind Tibbin, un coop\u00e9rant-volontaire de Cuso International, entre en sc\u00e8ne\u2026<\/p>\n<p>En tant qu\u2019Afro-Canadien d\u2019origine sierra-l\u00e9onienne, Unblind cherchait un moyen de jouer un r\u00f4le positif dans la vie de jeunes Africains. Il a donc saut\u00e9 sur l\u2019occasion de faire de la coop\u00e9ration volontaire avec Cuso International, car il aimait notre approche horizontale et notre mod\u00e8le de partenariat d\u2019\u00e9gal \u00e0 \u00e9gal avec des organismes locaux. Il aimait \u00e9galement notre strat\u00e9gie pour encourager les membres de la diaspora africaine au Canada, dont il fait partie, \u00e0 aller partager leurs comp\u00e9tences en Afrique.<\/p>\n<p>\u00c0 l\u2019\u00e9cole o\u00f9 il travaillait, les enseignants et les administrateurs avaient remarqu\u00e9 un niveau de stress \u00e9lev\u00e9 et un manque d\u2019engagement chez les \u00e9tudiants. On lui a alors confi\u00e9 la mission de proposer de nouvelles id\u00e9es pour \u00e9liminer les obstacles \u00e0 la r\u00e9ussite scolaire.<\/p>\n<p>Il a commenc\u00e9 par offrir des programmes alternatifs en compl\u00e9ment aux cours r\u00e9guliers. Il a notamment enseign\u00e9 l\u2019histoire de l\u2019Afrique pour que les jeunes soient fiers de leur h\u00e9ritage. Unblind a d\u2019ailleurs publi\u00e9 r\u00e9cemment ces enseignements dans son nouveau livre, intitul\u00e9 African Ancestral Manuscript.<\/p>\n<p><img loading=\"lazy\" decoding=\"async\" class=\"alignleft size-full wp-image-20227\" src=\"https:\/\/cusointernational.org\/wp-content\/uploads\/unblindtibbin013.jpg\" alt=\"\" width=\"325\" height=\"249\" \/>Unblind est fermement convaincu que la cl\u00e9 pour aider les jeunes Africains \u00e0 s\u2019\u00e9panouir est de lutter contre les st\u00e9r\u00e9otypes concernant l\u2019Afrique. Il \u00e9tait fermement convaincu que s\u2019il avait eu plus de mod\u00e8les positifs autour de lui quand il \u00e9tait jeune, il se serait senti plus interpell\u00e9 par l\u2019\u00e9cole. C\u2019est pourquoi il a d\u00e9cid\u00e9 d\u2019introduire des textes afrocentristes dans le curriculum scolaire de ces jeunes.<\/p>\n<p>Il a aussi collabor\u00e9 avec les enseignants pour les aider \u00e0 int\u00e9grer dans leurs mati\u00e8res des faits et des mod\u00e8les africains positifs. Et ce fut un succ\u00e8s!<\/p>\n<p>Christina Eboa, une \u00e9tudiante de 14 ans, lui a notamment confi\u00e9 \u00e0 quel point ces cours l\u2019avaient influenc\u00e9e et l\u2019avaient aid\u00e9e \u00e0 r\u00e9aliser que tout \u00e9tait possible.<\/p>\n<p>L\u2019\u00e9cole a rapidement commenc\u00e9 \u00e0 offrir des s\u00e9ances d\u2019orientation de carri\u00e8re. Par ailleurs, Unblind a remarqu\u00e9 \u00e0 quel point proposer des cours de langue suppl\u00e9mentaires ou des exercices de pr\u00e9paration des concours d\u2019orthographe pouvait transformer les jeunes.<\/p>\n<p><img loading=\"lazy\" decoding=\"async\" class=\"alignleft size-full wp-image-20228\" src=\"https:\/\/cusointernational.org\/wp-content\/uploads\/cuso_school_athen-edelasapience_webdscf3816.jpg\" alt=\"\" width=\"325\" height=\"487\" \/>Nk\u00e9 Olinga est l\u2019un des nombreux \u00e9tudiants inspirants \u00e0 qui Unblind a eu le privil\u00e8ge d\u2019enseigner. C\u2019\u00e9tait \u00e0 la fois l\u2019un des plus jeunes \u00e9tudiants de l\u2019\u00e9cole et l\u2019un des plus enthousiastes! Il avait soif d\u2019apprendre et venait \u00e0 tous les ateliers offerts par Unblind. C\u2019\u00e9tait un \u00e9tudiant tr\u00e8s intelligent, qui souhaitait r\u00e9ussir.<\/p>\n<p>Avec l\u2019aide d\u2019Unblind, Nk\u00e9 a pu \u00e9largir ses horizons et acqu\u00e9rir les outils n\u00e9cessaires pour r\u00e9ussir et devenir un leader dans sa communaut\u00e9. On ne doute pas un seul instant qu\u2019il r\u00e9alisera son r\u00eave de devenir journaliste. D\u2019ailleurs, Unblind se trouve extr\u00eamement fier d\u2019avoir jou\u00e9 un r\u00f4le dans sa d\u00e9marche et son apprentissage.<\/p>\n<p>Or tout cela aurait \u00e9t\u00e9 impossible sans nos g\u00e9n\u00e9reux donateurs. C\u2019est gr\u00e2ce \u00e0 eux si nous avons pu offrir des cours stimulants aux \u00e9tudiants, des cours qui les encouragent \u00e0 poursuivre et \u00e0 r\u00e9ussir leurs \u00e9tudes. C\u2019est aussi gr\u00e2ce \u00e0 eux que les jeunes Camerounais ont la chance d\u2019acqu\u00e9rir les comp\u00e9tences n\u00e9cessaires pour devenir des citoyens actifs, des leaders accomplis et des entrepreneurs ambitieux.<\/p>\n<p>Comme le dit si bien Serge Nkomo, un coll\u00e8gue d\u2019Unblind, \u00ab les futurs leaders du Cameroun feront partie de ce groupe de jeunes. Ils doivent avoir les bonnes connaissances pour diriger leur pays. \u00bb<\/p>\n<p>Notre investissement dans l\u2019avenir de ces \u00e9tudiants est un investissement dans l\u2019avenir du Cameroun et dans un monde exempt de pauvret\u00e9 et d\u2019in\u00e9galit\u00e9s.<\/p>\n<p>Aux yeux d\u2019Unblind, cette exp\u00e9rience est une r\u00e9ussite pour tout le monde et sur tous les plans.<\/p>\n<p>Sa vie en a \u00e9t\u00e9 compl\u00e8tement transform\u00e9e. Il est d\u2019ailleurs convaincu que cette exp\u00e9rience a fait de lui une meilleure personne. Il dit avoir beaucoup appris. Il souhaite maintenant mettre ses acquis \u00e0 profit dans son travail de programmation et de d\u00e9veloppement communautaire aupr\u00e8s des jeunes \u00e0 risques \u00e0 Toronto.<\/p>\n<p>Ses coll\u00e8gues camerounais, pour leur part, ont acquis de nouvelles comp\u00e9tences professionnelles et une vision plus vaste de l\u2019enseignement, ce qui les aidera \u00e0 b\u00e2tir des programmes scolaires solides qui permettront \u00e0 leurs \u00e9tudiants de s\u2019\u00e9panouir.<\/p>\n<p>Plus important encore, cette exp\u00e9rience a permis de semer l\u2019espoir et l\u2019inspiration dans le c\u0153ur des \u00e9tudiants de cette \u00e9cole camerounaise.<\/p>\n<p>Ensemble, nous avons construit une fondation solide qui permettra \u00e0 ces jeunes de devenir de grands leaders et de poss\u00e9der les strat\u00e9gies n\u00e9cessaires pour assurer leur autonomisation et celle de leur communaut\u00e9 et de leur Nation.<\/p>\n<p>Nous esp\u00e9rons de tout c\u0153ur que vous ferez un don sans tarder pour nous aider \u00e0 envoyer notre prochaine cohorte de coop\u00e9rants-volontaires sur le terrain, o\u00f9 ils participeront \u00e0 des projets porteurs et novateurs.<\/p>\n","protected":false},"featured_media":33987,"template":"","country":[133],"post_theme":[220,216],"class_list":["post-34786","stories","type-stories","status-publish","has-post-thumbnail","hentry","country-cameroon-fr","post_theme-community-fr","post_theme-community"],"acf":[],"yoast_head":"<!-- This site is optimized with the Yoast SEO plugin v27.5 - https:\/\/yoast.com\/product\/yoast-seo-wordpress\/ -->\n<title>Les futurs leaders camerounais - Cuso International<\/title>\n<meta name=\"description\" content=\"Les programmes de d\u00e9veloppement et les coop\u00e9rants-volontaires de Cuso visent \u00e0 promouvoir l\u2019\u00e9galit\u00e9 entre les sexes et \u00e0 offrir de nouvelles perspectives \u00e9conomiques aux jeunes de quatre continents.\" \/>\n<meta name=\"robots\" content=\"index, follow, max-snippet:-1, max-image-preview:large, max-video-preview:-1\" \/>\n<link rel=\"canonical\" href=\"https:\/\/cusointernational.org\/fr\/recit\/les-futurs-leaders-camerounais\/\" \/>\n<meta property=\"og:locale\" content=\"fr_FR\" \/>\n<meta property=\"og:type\" content=\"article\" \/>\n<meta property=\"og:title\" content=\"Les futurs leaders camerounais - Cuso International\" \/>\n<meta property=\"og:description\" content=\"Les programmes de d\u00e9veloppement et les coop\u00e9rants-volontaires de Cuso visent \u00e0 promouvoir l\u2019\u00e9galit\u00e9 entre les sexes et \u00e0 offrir de nouvelles perspectives \u00e9conomiques aux jeunes de quatre continents.\" \/>\n<meta property=\"og:url\" content=\"https:\/\/cusointernational.org\/fr\/recit\/les-futurs-leaders-camerounais\/\" \/>\n<meta property=\"og:site_name\" content=\"Cuso International\" \/>\n<meta property=\"article:modified_time\" content=\"2017-05-22T19:38:17+00:00\" \/>\n<meta property=\"og:image\" content=\"https:\/\/cusointernational.org\/wp-content\/uploads\/the-next-gen-of-leaders.jpeg\" \/>\n\t<meta property=\"og:image:width\" content=\"1000\" \/>\n\t<meta property=\"og:image:height\" content=\"585\" \/>\n\t<meta property=\"og:image:type\" content=\"image\/jpeg\" \/>\n<meta name=\"twitter:card\" content=\"summary_large_image\" \/>\n<meta name=\"twitter:label1\" content=\"Dur\u00e9e de lecture estim\u00e9e\" \/>\n\t<meta name=\"twitter:data1\" content=\"5 minutes\" \/>\n<script type=\"application\/ld+json\" class=\"yoast-schema-graph\">{\"@context\":\"https:\\\/\\\/schema.org\",\"@graph\":[{\"@type\":\"WebPage\",\"@id\":\"https:\\\/\\\/cusointernational.org\\\/fr\\\/recit\\\/les-futurs-leaders-camerounais\\\/\",\"url\":\"https:\\\/\\\/cusointernational.org\\\/fr\\\/recit\\\/les-futurs-leaders-camerounais\\\/\",\"name\":\"Les futurs leaders camerounais - Cuso International\",\"isPartOf\":{\"@id\":\"https:\\\/\\\/cusointernational.org\\\/fr\\\/#website\"},\"primaryImageOfPage\":{\"@id\":\"https:\\\/\\\/cusointernational.org\\\/fr\\\/recit\\\/les-futurs-leaders-camerounais\\\/#primaryimage\"},\"image\":{\"@id\":\"https:\\\/\\\/cusointernational.org\\\/fr\\\/recit\\\/les-futurs-leaders-camerounais\\\/#primaryimage\"},\"thumbnailUrl\":\"https:\\\/\\\/cusointernational.org\\\/wp-content\\\/uploads\\\/the-next-gen-of-leaders.jpeg\",\"datePublished\":\"2017-05-22T19:35:52+00:00\",\"dateModified\":\"2017-05-22T19:38:17+00:00\",\"description\":\"Les programmes de d\u00e9veloppement et les coop\u00e9rants-volontaires de Cuso visent \u00e0 promouvoir l\u2019\u00e9galit\u00e9 entre les sexes et \u00e0 offrir de nouvelles perspectives \u00e9conomiques aux jeunes de quatre continents.\",\"breadcrumb\":{\"@id\":\"https:\\\/\\\/cusointernational.org\\\/fr\\\/recit\\\/les-futurs-leaders-camerounais\\\/#breadcrumb\"},\"inLanguage\":\"fr-FR\",\"potentialAction\":[{\"@type\":\"ReadAction\",\"target\":[\"https:\\\/\\\/cusointernational.org\\\/fr\\\/recit\\\/les-futurs-leaders-camerounais\\\/\"]}]},{\"@type\":\"ImageObject\",\"inLanguage\":\"fr-FR\",\"@id\":\"https:\\\/\\\/cusointernational.org\\\/fr\\\/recit\\\/les-futurs-leaders-camerounais\\\/#primaryimage\",\"url\":\"https:\\\/\\\/cusointernational.org\\\/wp-content\\\/uploads\\\/the-next-gen-of-leaders.jpeg\",\"contentUrl\":\"https:\\\/\\\/cusointernational.org\\\/wp-content\\\/uploads\\\/the-next-gen-of-leaders.jpeg\",\"width\":1000,\"height\":585,\"caption\":\"Two boys in school uniforms\"},{\"@type\":\"BreadcrumbList\",\"@id\":\"https:\\\/\\\/cusointernational.org\\\/fr\\\/recit\\\/les-futurs-leaders-camerounais\\\/#breadcrumb\",\"itemListElement\":[{\"@type\":\"ListItem\",\"position\":1,\"name\":\"Home\",\"item\":\"https:\\\/\\\/cusointernational.org\\\/fr\\\/\"},{\"@type\":\"ListItem\",\"position\":2,\"name\":\"Les futurs leaders camerounais\"}]},{\"@type\":\"WebSite\",\"@id\":\"https:\\\/\\\/cusointernational.org\\\/fr\\\/#website\",\"url\":\"https:\\\/\\\/cusointernational.org\\\/fr\\\/\",\"name\":\"Cuso International\",\"description\":\"Connecting communities around the world with skilled Canadians to help end poverty\",\"potentialAction\":[{\"@type\":\"SearchAction\",\"target\":{\"@type\":\"EntryPoint\",\"urlTemplate\":\"https:\\\/\\\/cusointernational.org\\\/fr\\\/?s={search_term_string}\"},\"query-input\":{\"@type\":\"PropertyValueSpecification\",\"valueRequired\":true,\"valueName\":\"search_term_string\"}}],\"inLanguage\":\"fr-FR\"}]}<\/script>\n<!-- \/ Yoast SEO plugin. -->","yoast_head_json":{"title":"Les futurs leaders camerounais - Cuso International","description":"Les programmes de d\u00e9veloppement et les coop\u00e9rants-volontaires de Cuso visent \u00e0 promouvoir l\u2019\u00e9galit\u00e9 entre les sexes et \u00e0 offrir de nouvelles perspectives \u00e9conomiques aux jeunes de quatre continents.","robots":{"index":"index","follow":"follow","max-snippet":"max-snippet:-1","max-image-preview":"max-image-preview:large","max-video-preview":"max-video-preview:-1"},"canonical":"https:\/\/cusointernational.org\/fr\/recit\/les-futurs-leaders-camerounais\/","og_locale":"fr_FR","og_type":"article","og_title":"Les futurs leaders camerounais - Cuso International","og_description":"Les programmes de d\u00e9veloppement et les coop\u00e9rants-volontaires de Cuso visent \u00e0 promouvoir l\u2019\u00e9galit\u00e9 entre les sexes et \u00e0 offrir de nouvelles perspectives \u00e9conomiques aux jeunes de quatre continents.","og_url":"https:\/\/cusointernational.org\/fr\/recit\/les-futurs-leaders-camerounais\/","og_site_name":"Cuso International","article_modified_time":"2017-05-22T19:38:17+00:00","og_image":[{"width":1000,"height":585,"url":"https:\/\/cusointernational.org\/wp-content\/uploads\/the-next-gen-of-leaders.jpeg","type":"image\/jpeg"}],"twitter_card":"summary_large_image","twitter_misc":{"Dur\u00e9e de lecture estim\u00e9e":"5 minutes"},"schema":{"@context":"https:\/\/schema.org","@graph":[{"@type":"WebPage","@id":"https:\/\/cusointernational.org\/fr\/recit\/les-futurs-leaders-camerounais\/","url":"https:\/\/cusointernational.org\/fr\/recit\/les-futurs-leaders-camerounais\/","name":"Les futurs leaders camerounais - Cuso International","isPartOf":{"@id":"https:\/\/cusointernational.org\/fr\/#website"},"primaryImageOfPage":{"@id":"https:\/\/cusointernational.org\/fr\/recit\/les-futurs-leaders-camerounais\/#primaryimage"},"image":{"@id":"https:\/\/cusointernational.org\/fr\/recit\/les-futurs-leaders-camerounais\/#primaryimage"},"thumbnailUrl":"https:\/\/cusointernational.org\/wp-content\/uploads\/the-next-gen-of-leaders.jpeg","datePublished":"2017-05-22T19:35:52+00:00","dateModified":"2017-05-22T19:38:17+00:00","description":"Les programmes de d\u00e9veloppement et les coop\u00e9rants-volontaires de Cuso visent \u00e0 promouvoir l\u2019\u00e9galit\u00e9 entre les sexes et \u00e0 offrir de nouvelles perspectives \u00e9conomiques aux jeunes de quatre continents.","breadcrumb":{"@id":"https:\/\/cusointernational.org\/fr\/recit\/les-futurs-leaders-camerounais\/#breadcrumb"},"inLanguage":"fr-FR","potentialAction":[{"@type":"ReadAction","target":["https:\/\/cusointernational.org\/fr\/recit\/les-futurs-leaders-camerounais\/"]}]},{"@type":"ImageObject","inLanguage":"fr-FR","@id":"https:\/\/cusointernational.org\/fr\/recit\/les-futurs-leaders-camerounais\/#primaryimage","url":"https:\/\/cusointernational.org\/wp-content\/uploads\/the-next-gen-of-leaders.jpeg","contentUrl":"https:\/\/cusointernational.org\/wp-content\/uploads\/the-next-gen-of-leaders.jpeg","width":1000,"height":585,"caption":"Two boys in school uniforms"},{"@type":"BreadcrumbList","@id":"https:\/\/cusointernational.org\/fr\/recit\/les-futurs-leaders-camerounais\/#breadcrumb","itemListElement":[{"@type":"ListItem","position":1,"name":"Home","item":"https:\/\/cusointernational.org\/fr\/"},{"@type":"ListItem","position":2,"name":"Les futurs leaders camerounais"}]},{"@type":"WebSite","@id":"https:\/\/cusointernational.org\/fr\/#website","url":"https:\/\/cusointernational.org\/fr\/","name":"Cuso International","description":"Connecting communities around the world with skilled Canadians to help end poverty","potentialAction":[{"@type":"SearchAction","target":{"@type":"EntryPoint","urlTemplate":"https:\/\/cusointernational.org\/fr\/?s={search_term_string}"},"query-input":{"@type":"PropertyValueSpecification","valueRequired":true,"valueName":"search_term_string"}}],"inLanguage":"fr-FR"}]}},"_links":{"self":[{"href":"https:\/\/cusointernational.org\/fr\/wp-json\/wp\/v2\/stories\/34786","targetHints":{"allow":["GET"]}}],"collection":[{"href":"https:\/\/cusointernational.org\/fr\/wp-json\/wp\/v2\/stories"}],"about":[{"href":"https:\/\/cusointernational.org\/fr\/wp-json\/wp\/v2\/types\/stories"}],"wp:featuredmedia":[{"embeddable":true,"href":"https:\/\/cusointernational.org\/fr\/wp-json\/wp\/v2\/media\/33987"}],"wp:attachment":[{"href":"https:\/\/cusointernational.org\/fr\/wp-json\/wp\/v2\/media?parent=34786"}],"wp:term":[{"taxonomy":"country","embeddable":true,"href":"https:\/\/cusointernational.org\/fr\/wp-json\/wp\/v2\/country?post=34786"},{"taxonomy":"post_theme","embeddable":true,"href":"https:\/\/cusointernational.org\/fr\/wp-json\/wp\/v2\/post_theme?post=34786"}],"curies":[{"name":"wp","href":"https:\/\/api.w.org\/{rel}","templated":true}]}}