{"id":49045,"date":"2025-04-10T13:32:30","date_gmt":"2025-04-10T17:32:30","guid":{"rendered":"https:\/\/cusointernational.org\/?post_type=news&#038;p=49045"},"modified":"2025-04-10T13:32:48","modified_gmt":"2025-04-10T17:32:48","slug":"notre-mission-avant-tout-pourquoi-cuso-international-ne-prend-pas-part-aux-debats-polarisants","status":"publish","type":"news","link":"https:\/\/cusointernational.org\/fr\/nouvelle\/notre-mission-avant-tout-pourquoi-cuso-international-ne-prend-pas-part-aux-debats-polarisants\/","title":{"rendered":"Notre mission avant tout : pourquoi Cuso International ne prend pas part aux d\u00e9bats polarisants"},"content":{"rendered":"<p>Soyons clairs : Cuso International n\u2019est pas une organisation politique. Pourtant, dans le contexte actuel, les acteurs du d\u00e9veloppement international sont r\u00e9guli\u00e8rement entra\u00een\u00e9s dans des d\u00e9bats politiques qu\u2019ils n\u2019ont jamais recherch\u00e9s. La polarisation croissante\u2014au Canada, aux \u00c9tats-Unis et ailleurs o\u00f9 nous intervenons\u2014fait que m\u00eame les mots simples comme \u00ab inclusion \u00bb, \u00ab \u00e9quit\u00e9 \u00bb ou \u00ab aide \u00bb deviennent des sources de controverse id\u00e9ologique.<\/p>\n<p>Nous voyons des gouvernements changer, les discours nationalistes prendre de l\u2019ampleur, et les budgets d\u2019aide \u00eatre r\u00e9duits comme jamais auparavant. M\u00eame notre vocabulaire est sous surveillance. Prenez par exemple les directives r\u00e9centes du gouvernement am\u00e9ricain supprimant certains termes des politiques publiques et des programmes. Pour des organisations engag\u00e9es socialement comme la n\u00f4tre, cette situation cr\u00e9e un v\u00e9ritable dilemme : devons-nous modifier notre fa\u00e7on de parler pour \u00e9viter les tensions et encourager le dialogue? Devons-nous continuer \u00e0 utiliser des mots qui inspirent certains mais divisent d&#8217;autres?<\/p>\n<p>Pour Cuso, la r\u00e9ponse ne se trouve pas dans les mots mais dans la fid\u00e9lit\u00e9 \u00e0 notre mission : cr\u00e9er des opportunit\u00e9s socio-\u00e9conomiques pour les groupes vuln\u00e9rables. C\u2019est notre mani\u00e8re de contribuer \u00e0 un monde plus juste, \u00e9quitable et durable.<\/p>\n<p><strong>Nous ne sommes pas na\u00effs, mais nous restons apolitiques<\/strong><\/p>\n<p>Depuis plus de 60 ans, Cuso collabore avec des gouvernements de toutes les orientations politiques. Nous agissons ainsi parce que notre mission d\u00e9passe toute id\u00e9ologie.<\/p>\n<p>Chez Cuso, notre c\u0153ur de m\u00e9tier est simple : b\u00e2tir des partenariats, partager des comp\u00e9tences et cr\u00e9er des opportunit\u00e9s concr\u00e8tes pour am\u00e9liorer des vies. Peu importe que les gouvernements parlent de \u00ab r\u00e9duction de la pauvret\u00e9 \u00bb, \u00ab autonomisation \u00e9conomique \u00bb, \u00ab \u00e9galit\u00e9 femmes-hommes \u00bb ou \u00ab aide humanitaire \u00bb : notre travail reste le m\u00eame, toujours ax\u00e9 sur l&#8217;impact r\u00e9el et durable. La vie des gens ne s&#8217;am\u00e9liore pas gr\u00e2ce aux discours politiques, mais gr\u00e2ce \u00e0 des actions concr\u00e8tes et une collaboration solide.<\/p>\n<p><strong>Utilisons un langage qui rassemble plut\u00f4t que divise<\/strong><\/p>\n<p>Trop souvent, les mots deviennent des barri\u00e8res plut\u00f4t que des ponts. Des termes cens\u00e9s mobiliser deviennent sources de conflits id\u00e9ologiques. Chez Cuso, nous pr\u00e9f\u00e9rons utiliser un langage qui unit\u2014partenaires, communaut\u00e9s, donateurs et gouvernements\u2014afin de rester concentr\u00e9s sur ce qui compte vraiment : notre impact.<\/p>\n<p>C\u2019est pourquoi nous \u00e9vitons les pi\u00e8ges des d\u00e9bats polarisants. Au lieu de s\u2019attarder sur les querelles id\u00e9ologiques, nous privil\u00e9gions des r\u00e9sultats tangibles :<\/p>\n<ul>\n<li>Si une communaut\u00e9 a besoin d\u2019opportunit\u00e9s \u00e9conomiques, nous intervenons.<\/li>\n<li>Si les femmes rencontrent des barri\u00e8res syst\u00e9miques, nous soutenons les initiatives pour les \u00e9liminer.<\/li>\n<li>Si la durabilit\u00e9 environnementale est essentielle \u00e0 la prosp\u00e9rit\u00e9 \u00e0 long terme, elle est int\u00e9gr\u00e9e dans chacun de nos projets.<\/li>\n<\/ul>\n<p><strong>S\u2019adapter sans renoncer \u00e0 nos valeurs<\/strong><\/p>\n<p>Cela signifie-t-il que nous ignorons les changements politiques? Bien s\u00fbr que non. Nous nous adaptons\u2014avec strat\u00e9gie, prudence, et toujours avec notre mission \u00e0 l\u2019esprit. Nous reconnaissons que chaque gouvernement a ses priorit\u00e9s en mati\u00e8re de coop\u00e9ration internationale. Ainsi, nous ajustons notre approche sans jamais compromettre nos valeurs fondamentales. Notre adaptation est pragmatique et responsable, toujours orient\u00e9e vers l\u2019impact pour les communaut\u00e9s que nous servons.<\/p>\n<p><strong>Avancer avec confiance<\/strong><\/p>\n<p>Le monde est en perp\u00e9tuel changement. Les gouvernements \u00e9volueront, et les tendances politiques varieront. Mais le r\u00f4le de Cuso International reste inchang\u00e9 : cr\u00e9er un impact tangible et mesurable dans la vie des gens. Notre mission d\u00e9passe largement les d\u00e9bats politiques : c\u2019est tout simplement ce que nous faisons, jour apr\u00e8s jour. Et nous continuerons \u00e0 le faire\u2014sans perdre de vue l\u2019essentiel.<\/p>\n","protected":false},"featured_media":49043,"template":"","categories":[199],"post_theme":[],"class_list":["post-49045","news","type-news","status-publish","has-post-thumbnail","hentry","category-news-fr"],"acf":[],"yoast_head":"<!-- This site is optimized with the Yoast SEO plugin v27.5 - https:\/\/yoast.com\/product\/yoast-seo-wordpress\/ -->\n<title>Notre mission avant tout : pourquoi Cuso International ne prend pas part aux d\u00e9bats polarisants - Cuso International<\/title>\n<meta name=\"description\" content=\"Cuso se concentre sur l&#039;impact - et non sur la politique - en restant fid\u00e8le \u00e0 sa mission dans un monde en mutation rapide et polaris\u00e9.\" \/>\n<meta name=\"robots\" content=\"index, follow, max-snippet:-1, max-image-preview:large, max-video-preview:-1\" \/>\n<link rel=\"canonical\" href=\"https:\/\/cusointernational.org\/fr\/nouvelle\/notre-mission-avant-tout-pourquoi-cuso-international-ne-prend-pas-part-aux-debats-polarisants\/\" \/>\n<meta property=\"og:locale\" content=\"fr_FR\" \/>\n<meta property=\"og:type\" content=\"article\" \/>\n<meta property=\"og:title\" content=\"Notre mission avant tout : pourquoi Cuso International ne prend pas part aux d\u00e9bats polarisants - Cuso International\" \/>\n<meta property=\"og:description\" content=\"Cuso se concentre sur l&#039;impact - et non sur la politique - en restant fid\u00e8le \u00e0 sa mission dans un monde en mutation rapide et polaris\u00e9.\" \/>\n<meta property=\"og:url\" content=\"https:\/\/cusointernational.org\/fr\/nouvelle\/notre-mission-avant-tout-pourquoi-cuso-international-ne-prend-pas-part-aux-debats-polarisants\/\" \/>\n<meta property=\"og:site_name\" content=\"Cuso International\" \/>\n<meta property=\"article:modified_time\" content=\"2025-04-10T17:32:48+00:00\" \/>\n<meta property=\"og:image\" content=\"https:\/\/cusointernational.org\/wp-content\/uploads\/Mission-Over-Politics-Why-Cuso-International-Wont-Play-the-Language-Wars--1600x900.png\" \/>\n\t<meta property=\"og:image:width\" content=\"1600\" \/>\n\t<meta property=\"og:image:height\" content=\"900\" \/>\n\t<meta property=\"og:image:type\" content=\"image\/png\" \/>\n<meta name=\"twitter:card\" content=\"summary_large_image\" \/>\n<meta name=\"twitter:label1\" content=\"Dur\u00e9e de lecture estim\u00e9e\" \/>\n\t<meta name=\"twitter:data1\" content=\"3 minutes\" \/>\n<script type=\"application\/ld+json\" class=\"yoast-schema-graph\">{\"@context\":\"https:\\\/\\\/schema.org\",\"@graph\":[{\"@type\":\"WebPage\",\"@id\":\"https:\\\/\\\/cusointernational.org\\\/fr\\\/nouvelle\\\/notre-mission-avant-tout-pourquoi-cuso-international-ne-prend-pas-part-aux-debats-polarisants\\\/\",\"url\":\"https:\\\/\\\/cusointernational.org\\\/fr\\\/nouvelle\\\/notre-mission-avant-tout-pourquoi-cuso-international-ne-prend-pas-part-aux-debats-polarisants\\\/\",\"name\":\"Notre mission avant tout : pourquoi Cuso International ne prend pas part aux d\u00e9bats polarisants - Cuso International\",\"isPartOf\":{\"@id\":\"https:\\\/\\\/cusointernational.org\\\/fr\\\/#website\"},\"primaryImageOfPage\":{\"@id\":\"https:\\\/\\\/cusointernational.org\\\/fr\\\/nouvelle\\\/notre-mission-avant-tout-pourquoi-cuso-international-ne-prend-pas-part-aux-debats-polarisants\\\/#primaryimage\"},\"image\":{\"@id\":\"https:\\\/\\\/cusointernational.org\\\/fr\\\/nouvelle\\\/notre-mission-avant-tout-pourquoi-cuso-international-ne-prend-pas-part-aux-debats-polarisants\\\/#primaryimage\"},\"thumbnailUrl\":\"https:\\\/\\\/cusointernational.org\\\/wp-content\\\/uploads\\\/Mission-Over-Politics-Why-Cuso-International-Wont-Play-the-Language-Wars-.png\",\"datePublished\":\"2025-04-10T17:32:30+00:00\",\"dateModified\":\"2025-04-10T17:32:48+00:00\",\"description\":\"Cuso se concentre sur l'impact - et non sur la politique - en restant fid\u00e8le \u00e0 sa mission dans un monde en mutation rapide et polaris\u00e9.\",\"breadcrumb\":{\"@id\":\"https:\\\/\\\/cusointernational.org\\\/fr\\\/nouvelle\\\/notre-mission-avant-tout-pourquoi-cuso-international-ne-prend-pas-part-aux-debats-polarisants\\\/#breadcrumb\"},\"inLanguage\":\"fr-FR\",\"potentialAction\":[{\"@type\":\"ReadAction\",\"target\":[\"https:\\\/\\\/cusointernational.org\\\/fr\\\/nouvelle\\\/notre-mission-avant-tout-pourquoi-cuso-international-ne-prend-pas-part-aux-debats-polarisants\\\/\"]}]},{\"@type\":\"ImageObject\",\"inLanguage\":\"fr-FR\",\"@id\":\"https:\\\/\\\/cusointernational.org\\\/fr\\\/nouvelle\\\/notre-mission-avant-tout-pourquoi-cuso-international-ne-prend-pas-part-aux-debats-polarisants\\\/#primaryimage\",\"url\":\"https:\\\/\\\/cusointernational.org\\\/wp-content\\\/uploads\\\/Mission-Over-Politics-Why-Cuso-International-Wont-Play-the-Language-Wars-.png\",\"contentUrl\":\"https:\\\/\\\/cusointernational.org\\\/wp-content\\\/uploads\\\/Mission-Over-Politics-Why-Cuso-International-Wont-Play-the-Language-Wars-.png\",\"width\":2240,\"height\":1260,\"caption\":\"on Over Politics Why Cuso International Won\u2019t Play the Language Wars\"},{\"@type\":\"BreadcrumbList\",\"@id\":\"https:\\\/\\\/cusointernational.org\\\/fr\\\/nouvelle\\\/notre-mission-avant-tout-pourquoi-cuso-international-ne-prend-pas-part-aux-debats-polarisants\\\/#breadcrumb\",\"itemListElement\":[{\"@type\":\"ListItem\",\"position\":1,\"name\":\"Home\",\"item\":\"https:\\\/\\\/cusointernational.org\\\/fr\\\/\"},{\"@type\":\"ListItem\",\"position\":2,\"name\":\"Notre mission avant tout : pourquoi Cuso International ne prend pas part aux d\u00e9bats polarisants\"}]},{\"@type\":\"WebSite\",\"@id\":\"https:\\\/\\\/cusointernational.org\\\/fr\\\/#website\",\"url\":\"https:\\\/\\\/cusointernational.org\\\/fr\\\/\",\"name\":\"Cuso International\",\"description\":\"Connecting communities around the world with skilled Canadians to help end poverty\",\"potentialAction\":[{\"@type\":\"SearchAction\",\"target\":{\"@type\":\"EntryPoint\",\"urlTemplate\":\"https:\\\/\\\/cusointernational.org\\\/fr\\\/?s={search_term_string}\"},\"query-input\":{\"@type\":\"PropertyValueSpecification\",\"valueRequired\":true,\"valueName\":\"search_term_string\"}}],\"inLanguage\":\"fr-FR\"}]}<\/script>\n<!-- \/ Yoast SEO plugin. -->","yoast_head_json":{"title":"Notre mission avant tout : pourquoi Cuso International ne prend pas part aux d\u00e9bats polarisants - Cuso International","description":"Cuso se concentre sur l'impact - et non sur la politique - en restant fid\u00e8le \u00e0 sa mission dans un monde en mutation rapide et polaris\u00e9.","robots":{"index":"index","follow":"follow","max-snippet":"max-snippet:-1","max-image-preview":"max-image-preview:large","max-video-preview":"max-video-preview:-1"},"canonical":"https:\/\/cusointernational.org\/fr\/nouvelle\/notre-mission-avant-tout-pourquoi-cuso-international-ne-prend-pas-part-aux-debats-polarisants\/","og_locale":"fr_FR","og_type":"article","og_title":"Notre mission avant tout : pourquoi Cuso International ne prend pas part aux d\u00e9bats polarisants - Cuso International","og_description":"Cuso se concentre sur l'impact - et non sur la politique - en restant fid\u00e8le \u00e0 sa mission dans un monde en mutation rapide et polaris\u00e9.","og_url":"https:\/\/cusointernational.org\/fr\/nouvelle\/notre-mission-avant-tout-pourquoi-cuso-international-ne-prend-pas-part-aux-debats-polarisants\/","og_site_name":"Cuso International","article_modified_time":"2025-04-10T17:32:48+00:00","og_image":[{"width":1600,"height":900,"url":"https:\/\/cusointernational.org\/wp-content\/uploads\/Mission-Over-Politics-Why-Cuso-International-Wont-Play-the-Language-Wars--1600x900.png","type":"image\/png"}],"twitter_card":"summary_large_image","twitter_misc":{"Dur\u00e9e de lecture estim\u00e9e":"3 minutes"},"schema":{"@context":"https:\/\/schema.org","@graph":[{"@type":"WebPage","@id":"https:\/\/cusointernational.org\/fr\/nouvelle\/notre-mission-avant-tout-pourquoi-cuso-international-ne-prend-pas-part-aux-debats-polarisants\/","url":"https:\/\/cusointernational.org\/fr\/nouvelle\/notre-mission-avant-tout-pourquoi-cuso-international-ne-prend-pas-part-aux-debats-polarisants\/","name":"Notre mission avant tout : pourquoi Cuso International ne prend pas part aux d\u00e9bats polarisants - Cuso International","isPartOf":{"@id":"https:\/\/cusointernational.org\/fr\/#website"},"primaryImageOfPage":{"@id":"https:\/\/cusointernational.org\/fr\/nouvelle\/notre-mission-avant-tout-pourquoi-cuso-international-ne-prend-pas-part-aux-debats-polarisants\/#primaryimage"},"image":{"@id":"https:\/\/cusointernational.org\/fr\/nouvelle\/notre-mission-avant-tout-pourquoi-cuso-international-ne-prend-pas-part-aux-debats-polarisants\/#primaryimage"},"thumbnailUrl":"https:\/\/cusointernational.org\/wp-content\/uploads\/Mission-Over-Politics-Why-Cuso-International-Wont-Play-the-Language-Wars-.png","datePublished":"2025-04-10T17:32:30+00:00","dateModified":"2025-04-10T17:32:48+00:00","description":"Cuso se concentre sur l'impact - et non sur la politique - en restant fid\u00e8le \u00e0 sa mission dans un monde en mutation rapide et polaris\u00e9.","breadcrumb":{"@id":"https:\/\/cusointernational.org\/fr\/nouvelle\/notre-mission-avant-tout-pourquoi-cuso-international-ne-prend-pas-part-aux-debats-polarisants\/#breadcrumb"},"inLanguage":"fr-FR","potentialAction":[{"@type":"ReadAction","target":["https:\/\/cusointernational.org\/fr\/nouvelle\/notre-mission-avant-tout-pourquoi-cuso-international-ne-prend-pas-part-aux-debats-polarisants\/"]}]},{"@type":"ImageObject","inLanguage":"fr-FR","@id":"https:\/\/cusointernational.org\/fr\/nouvelle\/notre-mission-avant-tout-pourquoi-cuso-international-ne-prend-pas-part-aux-debats-polarisants\/#primaryimage","url":"https:\/\/cusointernational.org\/wp-content\/uploads\/Mission-Over-Politics-Why-Cuso-International-Wont-Play-the-Language-Wars-.png","contentUrl":"https:\/\/cusointernational.org\/wp-content\/uploads\/Mission-Over-Politics-Why-Cuso-International-Wont-Play-the-Language-Wars-.png","width":2240,"height":1260,"caption":"on Over Politics Why Cuso International Won\u2019t Play the Language Wars"},{"@type":"BreadcrumbList","@id":"https:\/\/cusointernational.org\/fr\/nouvelle\/notre-mission-avant-tout-pourquoi-cuso-international-ne-prend-pas-part-aux-debats-polarisants\/#breadcrumb","itemListElement":[{"@type":"ListItem","position":1,"name":"Home","item":"https:\/\/cusointernational.org\/fr\/"},{"@type":"ListItem","position":2,"name":"Notre mission avant tout : pourquoi Cuso International ne prend pas part aux d\u00e9bats polarisants"}]},{"@type":"WebSite","@id":"https:\/\/cusointernational.org\/fr\/#website","url":"https:\/\/cusointernational.org\/fr\/","name":"Cuso International","description":"Connecting communities around the world with skilled Canadians to help end poverty","potentialAction":[{"@type":"SearchAction","target":{"@type":"EntryPoint","urlTemplate":"https:\/\/cusointernational.org\/fr\/?s={search_term_string}"},"query-input":{"@type":"PropertyValueSpecification","valueRequired":true,"valueName":"search_term_string"}}],"inLanguage":"fr-FR"}]}},"_links":{"self":[{"href":"https:\/\/cusointernational.org\/fr\/wp-json\/wp\/v2\/news\/49045","targetHints":{"allow":["GET"]}}],"collection":[{"href":"https:\/\/cusointernational.org\/fr\/wp-json\/wp\/v2\/news"}],"about":[{"href":"https:\/\/cusointernational.org\/fr\/wp-json\/wp\/v2\/types\/news"}],"wp:featuredmedia":[{"embeddable":true,"href":"https:\/\/cusointernational.org\/fr\/wp-json\/wp\/v2\/media\/49043"}],"wp:attachment":[{"href":"https:\/\/cusointernational.org\/fr\/wp-json\/wp\/v2\/media?parent=49045"}],"wp:term":[{"taxonomy":"category","embeddable":true,"href":"https:\/\/cusointernational.org\/fr\/wp-json\/wp\/v2\/categories?post=49045"},{"taxonomy":"post_theme","embeddable":true,"href":"https:\/\/cusointernational.org\/fr\/wp-json\/wp\/v2\/post_theme?post=49045"}],"curies":[{"name":"wp","href":"https:\/\/api.w.org\/{rel}","templated":true}]}}