{"id":43594,"date":"2023-03-27T17:30:21","date_gmt":"2023-03-27T21:30:21","guid":{"rendered":"https:\/\/cusointernational.org\/news\/employabilite-et-integration-repondre-aux-besoins-des-personnes-migrantes-et-refugiees-dorigine-venezuelienne-dans-leur-nouveau-pays-daccueil\/"},"modified":"2023-10-05T08:43:22","modified_gmt":"2023-10-05T12:43:22","slug":"employabilite-et-integration-repondre-aux-besoins-des-personnes-migrantes-et-refugiees-dorigine-venezuelienne-dans-leur-nouveau-pays-daccueil","status":"publish","type":"news","link":"https:\/\/cusointernational.org\/fr\/nouvelle\/employabilite-et-integration-repondre-aux-besoins-des-personnes-migrantes-et-refugiees-dorigine-venezuelienne-dans-leur-nouveau-pays-daccueil\/","title":{"rendered":"Employabilit\u00e9 et int\u00e9gration : r\u00e9pondre aux besoins des personnes migrantes et r\u00e9fugi\u00e9es d\u2019origine v\u00e9n\u00e9zu\u00e9lienne dans leur nouveau pays d\u2019accueil"},"content":{"rendered":"<p>Bogot\u00e1, Colombie, le 17 mars 2023. \u2013 En janvier 2023, l\u2019Organisation internationale pour les migrations annon\u00e7ait que 250 000 personnes migrantes avaient travers\u00e9 la jungle du Dari\u00e9n (situ\u00e9e \u00e0 la fronti\u00e8re du Panama et de la Colombie et reliant l\u2019Am\u00e9rique du Sud et du Nord) en 2022, soit le double du flux migratoire de 2021.<\/p>\n<p>Ann\u00e9e apr\u00e8s ann\u00e9e, les personnes migrantes d\u2019origine v\u00e9n\u00e9zu\u00e9lienne \u00e0 la mobilit\u00e9 et au statut juridique divers repr\u00e9sentent un grand pourcentage des flux migratoires en Am\u00e9rique latine. Pour des pays comme la Colombie, le P\u00e9rou et l\u2019\u00c9quateur, r\u00e9pondre efficacement \u00e0 ce ph\u00e9nom\u00e8ne constitue un d\u00e9fi de taille.<\/p>\n<p>Du 15 au 17 mars 2023, des repr\u00e9sentants d\u2019agences de coop\u00e9ration internationale, d\u2019organismes de la soci\u00e9t\u00e9 civile et de gouvernements se sont r\u00e9unis \u00e0 Bruxelles lors d\u2019un \u00e9v\u00e9nement organis\u00e9 par le gouvernement du Canada et l\u2019Union europ\u00e9enne. La Conf\u00e9rence internationale en solidarit\u00e9 avec les r\u00e9fugi\u00e9s et migrants v\u00e9n\u00e9zu\u00e9liens et avec leurs pays et communaut\u00e9s d\u2019accueil a tenu \u00e0 souligner l\u2019urgence d\u2019accro\u00eetre les investissements et de redoubler d\u2019efforts pour assurer l\u2019int\u00e9gration socio\u00e9conomique \u00e0 long terme des personnes migrantes et r\u00e9fugi\u00e9es d\u2019origine v\u00e9n\u00e9zu\u00e9lienne.<\/p>\n<p>\u00ab L\u2019int\u00e9gration socio\u00e9conomique est n\u00e9cessaire pour assurer l\u2019efficacit\u00e9 et la p\u00e9rennit\u00e9 des solutions, quelles qu\u2019elles soient \u00bb, explique M. Aymeric Astre, un pan\u00e9liste de la Conf\u00e9rence et repr\u00e9sentant de pays de Cuso International, une ONG canadienne pr\u00e9sente en Colombie. \u00ab La premi\u00e8re \u00e9tape pour y parvenir est de promouvoir l\u2019emploi inclusif, et nous devons travailler tous ensemble pour y arriver, poursuit M. Astre. Le gouvernement peut instaurer des conditions favorables pour que plus de gens trouvent un emploi d\u00e9cent, que les entreprises adoptent des politiques d\u2019embauche plus inclusives et que la soci\u00e9t\u00e9 civile ait l\u2019exp\u00e9rience n\u00e9cessaire pour orienter et faciliter ces d\u00e9marches. \u00bb<\/p>\n<p>Pendant ses 8 ann\u00e9es d\u2019existence, le programme colombien de possibilit\u00e9s de consolidation de la paix et d\u2019emplois durables (programme SCOPE) de Cuso International a aid\u00e9 plus de 11 279 personnes \u00e0 trouver un emploi d\u00e9cent dans 8 villes colombiennes, le tout gr\u00e2ce au financement du gouvernement canadien. Parmi elles, 3 557 \u00e9taient des personnes migrantes, 6 774 \u00e9taient des femmes et 9 022 \u00e9taient des jeunes. Devant le succ\u00e8s connu en Colombie, Cuso International a d\u00e9cid\u00e9 d\u2019adapter son programme afin de l\u2019\u00e9tendre \u00e0 l\u2019\u00c9quateur et au P\u00e9rou, toujours gr\u00e2ce \u00e0 du financement vers\u00e9 par le gouvernement canadien.<\/p>\n<p>La fonction publique, des administrations locales, des syndicats, des organismes de la soci\u00e9t\u00e9 civile et une centaine d\u2019entreprises priv\u00e9es ont collabor\u00e9 avec Cuso International dans le cadre de son programme SCOPE. Ces alliances ont permis d\u2019amoindrir les obstacles \u00e0 l\u2019acc\u00e8s au march\u00e9 du travail et \u00e0 des emplois stables rencontr\u00e9s par les personnes migrantes d\u2019origine v\u00e9n\u00e9zu\u00e9lienne et les autres groupes marginalis\u00e9s. Pour s\u2019attaquer aux principaux obstacles, Cuso International et ses partenaires d\u00e9ploient des solutions novatrices, efficaces et peu co\u00fbteuses : orienter les personnes migrantes vers de la formation en employabilit\u00e9 et leur verser une allocation pour couvrir leurs frais de transport et d\u2019alimentation en attendant leur premier ch\u00e8que de paie, par exemple.<\/p>\n<p>Cuso International poursuit son plaidoyer pour un engagement et un appui renouvel\u00e9s \u00e0 l\u2019\u00e9chelle internationale, accompagn\u00e9s de solutions novatrices et de partenariats public-priv\u00e9 capables de r\u00e9pondre aux besoins particuliers d\u00e9coulant de ce ph\u00e9nom\u00e8ne migratoire majeur.<\/p>\n<p>\u00c0 propos de Cuso International<br \/>\nCuso International est un organisme de coop\u00e9ration volontaire et de d\u00e9veloppement international dont la mission est d\u2019offrir de nouvelles perspectives socio\u00e9conomiques aux groupes marginalis\u00e9s. Avec ses partenaires, Cuso International mise sur la promotion de l\u2019\u00e9galit\u00e9 des genres et l\u2019inclusion sociale, de la r\u00e9silience \u00e9conomique et de l\u2019action climatique. De plus, Cuso International est convaincu que le partage de savoirs et de savoir-faire est la meilleure fa\u00e7on d\u2019am\u00e9liorer durablement les conditions de vie des gens. Fond\u00e9 en 1961, Cuso International est pr\u00e9sent en Afrique, en Am\u00e9rique latine, dans les Cara\u00efbes et au Canada.<\/p>\n","protected":false},"featured_media":44489,"template":"","categories":[],"post_theme":[218],"class_list":["post-43594","news","type-news","status-publish","has-post-thumbnail","hentry","post_theme-general-fr"],"acf":[],"yoast_head":"<!-- This site is optimized with the Yoast SEO plugin v27.4 - https:\/\/yoast.com\/product\/yoast-seo-wordpress\/ -->\n<title>Employabilit\u00e9 et int\u00e9gration : r\u00e9pondre aux besoins des personnes migrantes et r\u00e9fugi\u00e9es d\u2019origine v\u00e9n\u00e9zu\u00e9lienne dans leur nouveau pays d\u2019accueil - Cuso International<\/title>\n<meta name=\"robots\" content=\"index, follow, max-snippet:-1, max-image-preview:large, max-video-preview:-1\" \/>\n<link rel=\"canonical\" href=\"https:\/\/cusointernational.org\/fr\/nouvelle\/employabilite-et-integration-repondre-aux-besoins-des-personnes-migrantes-et-refugiees-dorigine-venezuelienne-dans-leur-nouveau-pays-daccueil\/\" \/>\n<meta property=\"og:locale\" content=\"fr_FR\" \/>\n<meta property=\"og:type\" content=\"article\" \/>\n<meta property=\"og:title\" content=\"Employabilit\u00e9 et int\u00e9gration : r\u00e9pondre aux besoins des personnes migrantes et r\u00e9fugi\u00e9es d\u2019origine v\u00e9n\u00e9zu\u00e9lienne dans leur nouveau pays d\u2019accueil - Cuso International\" \/>\n<meta property=\"og:description\" content=\"Bogot\u00e1, Colombie, le 17 mars 2023. \u2013 En janvier 2023, l\u2019Organisation internationale pour les migrations annon\u00e7ait que 250 000 personnes migrantes avaient travers\u00e9 la jungle du Dari\u00e9n (situ\u00e9e \u00e0 la fronti\u00e8re du Panama et de la Colombie et reliant l\u2019Am\u00e9rique du Sud et du Nord) en 2022, soit le double du flux migratoire de 2021.&hellip;\" \/>\n<meta property=\"og:url\" content=\"https:\/\/cusointernational.org\/fr\/nouvelle\/employabilite-et-integration-repondre-aux-besoins-des-personnes-migrantes-et-refugiees-dorigine-venezuelienne-dans-leur-nouveau-pays-daccueil\/\" \/>\n<meta property=\"og:site_name\" content=\"Cuso International\" \/>\n<meta property=\"article:modified_time\" content=\"2023-10-05T12:43:22+00:00\" \/>\n<meta property=\"og:image\" content=\"https:\/\/cusointernational.org\/wp-content\/uploads\/Cuso-Logo-Banner.png\" \/>\n\t<meta property=\"og:image:width\" content=\"1120\" \/>\n\t<meta property=\"og:image:height\" content=\"630\" \/>\n\t<meta property=\"og:image:type\" content=\"image\/png\" \/>\n<meta name=\"twitter:card\" content=\"summary_large_image\" \/>\n<meta name=\"twitter:label1\" content=\"Dur\u00e9e de lecture estim\u00e9e\" \/>\n\t<meta name=\"twitter:data1\" content=\"4 minutes\" \/>\n<script type=\"application\/ld+json\" class=\"yoast-schema-graph\">{\"@context\":\"https:\\\/\\\/schema.org\",\"@graph\":[{\"@type\":\"WebPage\",\"@id\":\"https:\\\/\\\/cusointernational.org\\\/fr\\\/nouvelle\\\/employabilite-et-integration-repondre-aux-besoins-des-personnes-migrantes-et-refugiees-dorigine-venezuelienne-dans-leur-nouveau-pays-daccueil\\\/\",\"url\":\"https:\\\/\\\/cusointernational.org\\\/fr\\\/nouvelle\\\/employabilite-et-integration-repondre-aux-besoins-des-personnes-migrantes-et-refugiees-dorigine-venezuelienne-dans-leur-nouveau-pays-daccueil\\\/\",\"name\":\"Employabilit\u00e9 et int\u00e9gration : r\u00e9pondre aux besoins des personnes migrantes et r\u00e9fugi\u00e9es d\u2019origine v\u00e9n\u00e9zu\u00e9lienne dans leur nouveau pays d\u2019accueil - Cuso International\",\"isPartOf\":{\"@id\":\"https:\\\/\\\/cusointernational.org\\\/fr\\\/#website\"},\"primaryImageOfPage\":{\"@id\":\"https:\\\/\\\/cusointernational.org\\\/fr\\\/nouvelle\\\/employabilite-et-integration-repondre-aux-besoins-des-personnes-migrantes-et-refugiees-dorigine-venezuelienne-dans-leur-nouveau-pays-daccueil\\\/#primaryimage\"},\"image\":{\"@id\":\"https:\\\/\\\/cusointernational.org\\\/fr\\\/nouvelle\\\/employabilite-et-integration-repondre-aux-besoins-des-personnes-migrantes-et-refugiees-dorigine-venezuelienne-dans-leur-nouveau-pays-daccueil\\\/#primaryimage\"},\"thumbnailUrl\":\"https:\\\/\\\/cusointernational.org\\\/wp-content\\\/uploads\\\/Cuso-Logo-Banner.png\",\"datePublished\":\"2023-03-27T21:30:21+00:00\",\"dateModified\":\"2023-10-05T12:43:22+00:00\",\"breadcrumb\":{\"@id\":\"https:\\\/\\\/cusointernational.org\\\/fr\\\/nouvelle\\\/employabilite-et-integration-repondre-aux-besoins-des-personnes-migrantes-et-refugiees-dorigine-venezuelienne-dans-leur-nouveau-pays-daccueil\\\/#breadcrumb\"},\"inLanguage\":\"fr-FR\",\"potentialAction\":[{\"@type\":\"ReadAction\",\"target\":[\"https:\\\/\\\/cusointernational.org\\\/fr\\\/nouvelle\\\/employabilite-et-integration-repondre-aux-besoins-des-personnes-migrantes-et-refugiees-dorigine-venezuelienne-dans-leur-nouveau-pays-daccueil\\\/\"]}]},{\"@type\":\"ImageObject\",\"inLanguage\":\"fr-FR\",\"@id\":\"https:\\\/\\\/cusointernational.org\\\/fr\\\/nouvelle\\\/employabilite-et-integration-repondre-aux-besoins-des-personnes-migrantes-et-refugiees-dorigine-venezuelienne-dans-leur-nouveau-pays-daccueil\\\/#primaryimage\",\"url\":\"https:\\\/\\\/cusointernational.org\\\/wp-content\\\/uploads\\\/Cuso-Logo-Banner.png\",\"contentUrl\":\"https:\\\/\\\/cusointernational.org\\\/wp-content\\\/uploads\\\/Cuso-Logo-Banner.png\",\"width\":1120,\"height\":630,\"caption\":\"Cuso Logo - Banner\"},{\"@type\":\"BreadcrumbList\",\"@id\":\"https:\\\/\\\/cusointernational.org\\\/fr\\\/nouvelle\\\/employabilite-et-integration-repondre-aux-besoins-des-personnes-migrantes-et-refugiees-dorigine-venezuelienne-dans-leur-nouveau-pays-daccueil\\\/#breadcrumb\",\"itemListElement\":[{\"@type\":\"ListItem\",\"position\":1,\"name\":\"Home\",\"item\":\"https:\\\/\\\/cusointernational.org\\\/fr\\\/\"},{\"@type\":\"ListItem\",\"position\":2,\"name\":\"Employabilit\u00e9 et int\u00e9gration : r\u00e9pondre aux besoins des personnes migrantes et r\u00e9fugi\u00e9es d\u2019origine v\u00e9n\u00e9zu\u00e9lienne dans leur nouveau pays d\u2019accueil\"}]},{\"@type\":\"WebSite\",\"@id\":\"https:\\\/\\\/cusointernational.org\\\/fr\\\/#website\",\"url\":\"https:\\\/\\\/cusointernational.org\\\/fr\\\/\",\"name\":\"Cuso International\",\"description\":\"Connecting communities around the world with skilled Canadians to help end poverty\",\"potentialAction\":[{\"@type\":\"SearchAction\",\"target\":{\"@type\":\"EntryPoint\",\"urlTemplate\":\"https:\\\/\\\/cusointernational.org\\\/fr\\\/?s={search_term_string}\"},\"query-input\":{\"@type\":\"PropertyValueSpecification\",\"valueRequired\":true,\"valueName\":\"search_term_string\"}}],\"inLanguage\":\"fr-FR\"}]}<\/script>\n<!-- \/ Yoast SEO plugin. -->","yoast_head_json":{"title":"Employabilit\u00e9 et int\u00e9gration : r\u00e9pondre aux besoins des personnes migrantes et r\u00e9fugi\u00e9es d\u2019origine v\u00e9n\u00e9zu\u00e9lienne dans leur nouveau pays d\u2019accueil - Cuso International","robots":{"index":"index","follow":"follow","max-snippet":"max-snippet:-1","max-image-preview":"max-image-preview:large","max-video-preview":"max-video-preview:-1"},"canonical":"https:\/\/cusointernational.org\/fr\/nouvelle\/employabilite-et-integration-repondre-aux-besoins-des-personnes-migrantes-et-refugiees-dorigine-venezuelienne-dans-leur-nouveau-pays-daccueil\/","og_locale":"fr_FR","og_type":"article","og_title":"Employabilit\u00e9 et int\u00e9gration : r\u00e9pondre aux besoins des personnes migrantes et r\u00e9fugi\u00e9es d\u2019origine v\u00e9n\u00e9zu\u00e9lienne dans leur nouveau pays d\u2019accueil - Cuso International","og_description":"Bogot\u00e1, Colombie, le 17 mars 2023. \u2013 En janvier 2023, l\u2019Organisation internationale pour les migrations annon\u00e7ait que 250 000 personnes migrantes avaient travers\u00e9 la jungle du Dari\u00e9n (situ\u00e9e \u00e0 la fronti\u00e8re du Panama et de la Colombie et reliant l\u2019Am\u00e9rique du Sud et du Nord) en 2022, soit le double du flux migratoire de 2021.&hellip;","og_url":"https:\/\/cusointernational.org\/fr\/nouvelle\/employabilite-et-integration-repondre-aux-besoins-des-personnes-migrantes-et-refugiees-dorigine-venezuelienne-dans-leur-nouveau-pays-daccueil\/","og_site_name":"Cuso International","article_modified_time":"2023-10-05T12:43:22+00:00","og_image":[{"width":1120,"height":630,"url":"https:\/\/cusointernational.org\/wp-content\/uploads\/Cuso-Logo-Banner.png","type":"image\/png"}],"twitter_card":"summary_large_image","twitter_misc":{"Dur\u00e9e de lecture estim\u00e9e":"4 minutes"},"schema":{"@context":"https:\/\/schema.org","@graph":[{"@type":"WebPage","@id":"https:\/\/cusointernational.org\/fr\/nouvelle\/employabilite-et-integration-repondre-aux-besoins-des-personnes-migrantes-et-refugiees-dorigine-venezuelienne-dans-leur-nouveau-pays-daccueil\/","url":"https:\/\/cusointernational.org\/fr\/nouvelle\/employabilite-et-integration-repondre-aux-besoins-des-personnes-migrantes-et-refugiees-dorigine-venezuelienne-dans-leur-nouveau-pays-daccueil\/","name":"Employabilit\u00e9 et int\u00e9gration : r\u00e9pondre aux besoins des personnes migrantes et r\u00e9fugi\u00e9es d\u2019origine v\u00e9n\u00e9zu\u00e9lienne dans leur nouveau pays d\u2019accueil - Cuso International","isPartOf":{"@id":"https:\/\/cusointernational.org\/fr\/#website"},"primaryImageOfPage":{"@id":"https:\/\/cusointernational.org\/fr\/nouvelle\/employabilite-et-integration-repondre-aux-besoins-des-personnes-migrantes-et-refugiees-dorigine-venezuelienne-dans-leur-nouveau-pays-daccueil\/#primaryimage"},"image":{"@id":"https:\/\/cusointernational.org\/fr\/nouvelle\/employabilite-et-integration-repondre-aux-besoins-des-personnes-migrantes-et-refugiees-dorigine-venezuelienne-dans-leur-nouveau-pays-daccueil\/#primaryimage"},"thumbnailUrl":"https:\/\/cusointernational.org\/wp-content\/uploads\/Cuso-Logo-Banner.png","datePublished":"2023-03-27T21:30:21+00:00","dateModified":"2023-10-05T12:43:22+00:00","breadcrumb":{"@id":"https:\/\/cusointernational.org\/fr\/nouvelle\/employabilite-et-integration-repondre-aux-besoins-des-personnes-migrantes-et-refugiees-dorigine-venezuelienne-dans-leur-nouveau-pays-daccueil\/#breadcrumb"},"inLanguage":"fr-FR","potentialAction":[{"@type":"ReadAction","target":["https:\/\/cusointernational.org\/fr\/nouvelle\/employabilite-et-integration-repondre-aux-besoins-des-personnes-migrantes-et-refugiees-dorigine-venezuelienne-dans-leur-nouveau-pays-daccueil\/"]}]},{"@type":"ImageObject","inLanguage":"fr-FR","@id":"https:\/\/cusointernational.org\/fr\/nouvelle\/employabilite-et-integration-repondre-aux-besoins-des-personnes-migrantes-et-refugiees-dorigine-venezuelienne-dans-leur-nouveau-pays-daccueil\/#primaryimage","url":"https:\/\/cusointernational.org\/wp-content\/uploads\/Cuso-Logo-Banner.png","contentUrl":"https:\/\/cusointernational.org\/wp-content\/uploads\/Cuso-Logo-Banner.png","width":1120,"height":630,"caption":"Cuso Logo - Banner"},{"@type":"BreadcrumbList","@id":"https:\/\/cusointernational.org\/fr\/nouvelle\/employabilite-et-integration-repondre-aux-besoins-des-personnes-migrantes-et-refugiees-dorigine-venezuelienne-dans-leur-nouveau-pays-daccueil\/#breadcrumb","itemListElement":[{"@type":"ListItem","position":1,"name":"Home","item":"https:\/\/cusointernational.org\/fr\/"},{"@type":"ListItem","position":2,"name":"Employabilit\u00e9 et int\u00e9gration : r\u00e9pondre aux besoins des personnes migrantes et r\u00e9fugi\u00e9es d\u2019origine v\u00e9n\u00e9zu\u00e9lienne dans leur nouveau pays d\u2019accueil"}]},{"@type":"WebSite","@id":"https:\/\/cusointernational.org\/fr\/#website","url":"https:\/\/cusointernational.org\/fr\/","name":"Cuso International","description":"Connecting communities around the world with skilled Canadians to help end poverty","potentialAction":[{"@type":"SearchAction","target":{"@type":"EntryPoint","urlTemplate":"https:\/\/cusointernational.org\/fr\/?s={search_term_string}"},"query-input":{"@type":"PropertyValueSpecification","valueRequired":true,"valueName":"search_term_string"}}],"inLanguage":"fr-FR"}]}},"_links":{"self":[{"href":"https:\/\/cusointernational.org\/fr\/wp-json\/wp\/v2\/news\/43594","targetHints":{"allow":["GET"]}}],"collection":[{"href":"https:\/\/cusointernational.org\/fr\/wp-json\/wp\/v2\/news"}],"about":[{"href":"https:\/\/cusointernational.org\/fr\/wp-json\/wp\/v2\/types\/news"}],"wp:featuredmedia":[{"embeddable":true,"href":"https:\/\/cusointernational.org\/fr\/wp-json\/wp\/v2\/media\/44489"}],"wp:attachment":[{"href":"https:\/\/cusointernational.org\/fr\/wp-json\/wp\/v2\/media?parent=43594"}],"wp:term":[{"taxonomy":"category","embeddable":true,"href":"https:\/\/cusointernational.org\/fr\/wp-json\/wp\/v2\/categories?post=43594"},{"taxonomy":"post_theme","embeddable":true,"href":"https:\/\/cusointernational.org\/fr\/wp-json\/wp\/v2\/post_theme?post=43594"}],"curies":[{"name":"wp","href":"https:\/\/api.w.org\/{rel}","templated":true}]}}