{"id":40134,"date":"2021-11-11T09:50:33","date_gmt":"2021-11-11T14:50:33","guid":{"rendered":"https:\/\/cusointernational.org\/?post_type=news&#038;p=40134"},"modified":"2021-11-11T14:26:52","modified_gmt":"2021-11-11T19:26:52","slug":"cuso-international-accueille-trois-nouveaux-membres-au-sein-de-son-conseil-dadministration","status":"publish","type":"news","link":"https:\/\/cusointernational.org\/fr\/nouvelle\/cuso-international-accueille-trois-nouveaux-membres-au-sein-de-son-conseil-dadministration\/","title":{"rendered":"Cuso International accueille trois nouveaux membres au sein de son conseil d\u2019administration"},"content":{"rendered":"<p><strong>Ottawa, Ontario\u00a0\u2014\u00a0<\/strong>Cuso International est heureux d\u2019annoncer la nomination de trois nouveaux administrateurs. Rob\u00a0Turpin, Sharon\u00a0Ffolkes-Abrahams et Germaine\u00a0Dechant ont \u00e9t\u00e9 \u00e9lus au conseil d\u2019administration lors de l\u2019assembl\u00e9e g\u00e9n\u00e9rale annuelle du 24\u00a0septembre dernier.<\/p>\n<p>\u00ab\u00a0Nous sommes heureux d\u2019accueillir Rob, Sharon et Germaine au sein du conseil d\u2019administration, souligne Patricia\u00a0Perez-Coutts, pr\u00e9sidente du conseil d\u2019administration. Ils mettront \u00e0 profit leur vaste exp\u00e9rience dans un large \u00e9ventail de secteurs nationaux et internationaux, et je suis convaincue que leur expertise enrichira nos \u00e9changes et nos d\u00e9cisions.\u00a0\u00bb<\/p>\n<p>Le conseil d\u2019administration se compose d\u00e9sormais des personnes suivantes\u00a0: Patricia\u00a0Perez-Coutts (pr\u00e9sidente), Lynn\u00a0Graham (vice-pr\u00e9sidente), Justin\u00a0Winchiu (tr\u00e9sorier), Jeff\u00a0Cates, Wayne\u00a0Robertson, Lucie\u00a0Edwards, Lori\u00a0Spadorcia, Rosemary\u00a0McCarney, Grant\u00a0Curtis, Darrell\u00a0Gregersen, Sharon\u00a0Ffolkes-Abrahams, Germaine\u00a0Dechant et Rob\u00a0Turpin.<\/p>\n<p>\u00ab Je joins ma voix \u00e0 celle de Patricia pour souhaiter la bienvenue aux nouveaux administrateurs. Je me r\u00e9jouis d\u2019avoir l\u2019occasion de travailler avec eux. Je souhaite \u00e9galement remercier les administrateurs sortants, Nora Murdock et Bruce McKean, pour leurs loyaux services \u00bb, ajoute Nicolas Moyer, chef de la direction de Cuso International.<\/p>\n<p>Portrait des nouveaux \u00e9lus du conseil d\u2019administration<\/p>\n<p><strong><u>Sharon\u00a0Ffolkes-Abrahams<\/u><\/strong><\/p>\n<p>Avocate chevronn\u00e9e, Sharon\u00a0Ffolkes-Abrahams enseigne actuellement le droit \u00e0 l\u2019University of the West Indies, en Jama\u00efque. Apr\u00e8s ses \u00e9tudes de droit en Jama\u00efque, Sharon s\u2019est \u00e9ventuellement install\u00e9e au Canada, o\u00f9 elle a \u00e9t\u00e9 admise au Barreau de l\u2019Ontario en 1985. Conseill\u00e8re juridique pour de nombreux organismes, elle a \u00e9galement obtenu une ma\u00eetrise en droit administratif de l\u2019\u00c9cole de droit Osgoode Hall. Sharon, qui est sp\u00e9cialis\u00e9e en droit en mati\u00e8re de droits de la personne, fut conseill\u00e8re juridique pour la Commission ontarienne des droits de la personne pendant 18\u00a0ans. De 2012 \u00e0 2016, elle a si\u00e9g\u00e9 au Parlement jama\u00efcain et occup\u00e9 le poste de ministre d\u2019\u00c9tat \u00e0 l\u2019Industrie, aux Investissements et au Commerce.<\/p>\n<p><strong><u>Germaine\u00a0Dechant<\/u><\/strong><\/p>\n<p>Germaine\u00a0Dechant cumule pas moins de 50\u00a0ans de carri\u00e8re dans le milieu de la sant\u00e9, ce qui l\u2019a men\u00e9e \u00e0 acqu\u00e9rir une solide exp\u00e9rience en soins infirmiers, en enseignement, en recherche, en expertise-conseil, en gestion, en administration, en accompagnement professionnel et en gouvernance. De 1996 \u00e0 2013, Germaine a occup\u00e9 le poste de directrice g\u00e9n\u00e9rale de Child, Adolescent and Family Mental Health \u00e0 Edmonton, en Alberta, en plus d\u2019enseigner au programme de gestion des soins de sant\u00e9 de l\u2019Universit\u00e9 Grant MacEwan, de 1994 \u00e0 2000. Germaine, qui d\u00e9tient une attestation de l\u2019Institut des administrateurs de soci\u00e9t\u00e9s, poss\u00e8de plus de 25\u00a0ans d\u2019exp\u00e9rience en gouvernance \u00e0 divers postes de direction et au sein de conseils d\u2019administration de plusieurs organismes. Aujourd\u2019hui, elle accompagne de nombreux professionnels dans leur cheminement. Cette auteure de deux ouvrages a \u00e9galement si\u00e9g\u00e9 au conseil d\u2019administration de Cuso International de 2010 \u00e0 2017.<\/p>\n<p><strong>\u00a0<\/strong><strong><u>Rob\u00a0Turpin<\/u><\/strong><\/p>\n<p>Chef d\u2019entreprise chevronn\u00e9, Rob\u00a0Turpin poss\u00e8de une riche exp\u00e9rience en tant que cadre sup\u00e9rieur et gestionnaire financier dans divers secteurs tels que la technologie, l\u2019h\u00f4tellerie, la gestion des a\u00e9roports et le d\u00e9veloppement international. Actuellement vice-pr\u00e9sident des finances et directeur financier de l\u2019Administration de l\u2019a\u00e9roport international d\u2019Ottawa, ce dirigeant hautement qualifi\u00e9 d\u00e9tient une expertise ind\u00e9niable dans un vaste \u00e9ventail de domaines, dont les fusions et acquisitions, le financement, le leadership transformationnel, les strat\u00e9gies, les initiatives de croissance, la gestion juridique, la gestion des risques et les ressources humaines. Pendant plusieurs ann\u00e9es, Rob a occup\u00e9 la fonction de vice-pr\u00e9sident des finances et des op\u00e9rations de l\u2019organisme Plan International Canada inc. Il a \u00e9galement cumul\u00e9 plus de 10\u00a0ans de carri\u00e8re chez IBM dans diff\u00e9rents postes de cadre.<\/p>\n<p>Pour consulter la liste compl\u00e8te des membres du conseil d\u2019administration de Cuso International, rendez-vous \u00e0 <a href=\"https:\/\/cusointernational.org\/fr\/a-propos\/biographies-des-membres-du-conseil-dadministration\/\">cusointernational.org<\/a>.<\/p>\n<p>-30-<\/p>\n<p><strong>\u00c0 propos de Cuso International<\/strong><\/p>\n<p>Cuso International est un organisme de bienfaisance qui s\u2019est donn\u00e9 pour mission de mettre fin \u00e0 la pauvret\u00e9 et aux in\u00e9galit\u00e9s. Cuso International travaille avec ses partenaires locaux aux quatre coins du monde pour offrir l\u2019\u00e9galit\u00e9 des chances, am\u00e9liorer les perspectives \u00e9conomiques, favoriser l\u2019autonomisation des femmes et des filles et promouvoir l\u2019\u00e9galit\u00e9 entre les sexes. Son objectif\u00a0: miser sur le partage de connaissances pour b\u00e2tir un avenir meilleur. Chaque ann\u00e9e, Cuso International multiplie son impact en mobilisant des centaines de professionnels qui donnent de leur temps et transmettent leurs comp\u00e9tences. Pour en savoir plus, visitez le www.cusointernational.org.<\/p>\n","protected":false},"featured_media":44489,"template":"","categories":[],"post_theme":[],"class_list":["post-40134","news","type-news","status-publish","has-post-thumbnail","hentry"],"acf":[],"yoast_head":"<!-- This site is optimized with the Yoast SEO plugin v27.5 - https:\/\/yoast.com\/product\/yoast-seo-wordpress\/ -->\n<title>Cuso International accueille trois nouveaux membres au sein de son conseil d\u2019administration - Cuso International<\/title>\n<meta name=\"robots\" content=\"index, follow, max-snippet:-1, max-image-preview:large, max-video-preview:-1\" \/>\n<link rel=\"canonical\" href=\"https:\/\/cusointernational.org\/fr\/nouvelle\/cuso-international-accueille-trois-nouveaux-membres-au-sein-de-son-conseil-dadministration\/\" \/>\n<meta property=\"og:locale\" content=\"fr_FR\" \/>\n<meta property=\"og:type\" content=\"article\" \/>\n<meta property=\"og:title\" content=\"Cuso International accueille trois nouveaux membres au sein de son conseil d\u2019administration - Cuso International\" \/>\n<meta property=\"og:description\" content=\"Ottawa, Ontario\u00a0\u2014\u00a0Cuso International est heureux d\u2019annoncer la nomination de trois nouveaux administrateurs. Rob\u00a0Turpin, Sharon\u00a0Ffolkes-Abrahams et Germaine\u00a0Dechant ont \u00e9t\u00e9 \u00e9lus au conseil d\u2019administration lors de l\u2019assembl\u00e9e g\u00e9n\u00e9rale annuelle du 24\u00a0septembre dernier. \u00ab\u00a0Nous sommes heureux d\u2019accueillir Rob, Sharon et Germaine au sein du conseil d\u2019administration, souligne Patricia\u00a0Perez-Coutts, pr\u00e9sidente du conseil d\u2019administration. Ils mettront \u00e0 profit leur vaste&hellip;\" \/>\n<meta property=\"og:url\" content=\"https:\/\/cusointernational.org\/fr\/nouvelle\/cuso-international-accueille-trois-nouveaux-membres-au-sein-de-son-conseil-dadministration\/\" \/>\n<meta property=\"og:site_name\" content=\"Cuso International\" \/>\n<meta property=\"article:modified_time\" content=\"2021-11-11T19:26:52+00:00\" \/>\n<meta property=\"og:image\" content=\"https:\/\/cusointernational.org\/wp-content\/uploads\/Cuso-Logo-Banner.png\" \/>\n\t<meta property=\"og:image:width\" content=\"1120\" \/>\n\t<meta property=\"og:image:height\" content=\"630\" \/>\n\t<meta property=\"og:image:type\" content=\"image\/png\" \/>\n<meta name=\"twitter:card\" content=\"summary_large_image\" \/>\n<meta name=\"twitter:label1\" content=\"Dur\u00e9e de lecture estim\u00e9e\" \/>\n\t<meta name=\"twitter:data1\" content=\"4 minutes\" \/>\n<script type=\"application\/ld+json\" class=\"yoast-schema-graph\">{\"@context\":\"https:\\\/\\\/schema.org\",\"@graph\":[{\"@type\":\"WebPage\",\"@id\":\"https:\\\/\\\/cusointernational.org\\\/fr\\\/nouvelle\\\/cuso-international-accueille-trois-nouveaux-membres-au-sein-de-son-conseil-dadministration\\\/\",\"url\":\"https:\\\/\\\/cusointernational.org\\\/fr\\\/nouvelle\\\/cuso-international-accueille-trois-nouveaux-membres-au-sein-de-son-conseil-dadministration\\\/\",\"name\":\"Cuso International accueille trois nouveaux membres au sein de son conseil d\u2019administration - Cuso International\",\"isPartOf\":{\"@id\":\"https:\\\/\\\/cusointernational.org\\\/fr\\\/#website\"},\"primaryImageOfPage\":{\"@id\":\"https:\\\/\\\/cusointernational.org\\\/fr\\\/nouvelle\\\/cuso-international-accueille-trois-nouveaux-membres-au-sein-de-son-conseil-dadministration\\\/#primaryimage\"},\"image\":{\"@id\":\"https:\\\/\\\/cusointernational.org\\\/fr\\\/nouvelle\\\/cuso-international-accueille-trois-nouveaux-membres-au-sein-de-son-conseil-dadministration\\\/#primaryimage\"},\"thumbnailUrl\":\"https:\\\/\\\/cusointernational.org\\\/wp-content\\\/uploads\\\/Cuso-Logo-Banner.png\",\"datePublished\":\"2021-11-11T14:50:33+00:00\",\"dateModified\":\"2021-11-11T19:26:52+00:00\",\"breadcrumb\":{\"@id\":\"https:\\\/\\\/cusointernational.org\\\/fr\\\/nouvelle\\\/cuso-international-accueille-trois-nouveaux-membres-au-sein-de-son-conseil-dadministration\\\/#breadcrumb\"},\"inLanguage\":\"fr-FR\",\"potentialAction\":[{\"@type\":\"ReadAction\",\"target\":[\"https:\\\/\\\/cusointernational.org\\\/fr\\\/nouvelle\\\/cuso-international-accueille-trois-nouveaux-membres-au-sein-de-son-conseil-dadministration\\\/\"]}]},{\"@type\":\"ImageObject\",\"inLanguage\":\"fr-FR\",\"@id\":\"https:\\\/\\\/cusointernational.org\\\/fr\\\/nouvelle\\\/cuso-international-accueille-trois-nouveaux-membres-au-sein-de-son-conseil-dadministration\\\/#primaryimage\",\"url\":\"https:\\\/\\\/cusointernational.org\\\/wp-content\\\/uploads\\\/Cuso-Logo-Banner.png\",\"contentUrl\":\"https:\\\/\\\/cusointernational.org\\\/wp-content\\\/uploads\\\/Cuso-Logo-Banner.png\",\"width\":1120,\"height\":630,\"caption\":\"Cuso Logo - Banner\"},{\"@type\":\"BreadcrumbList\",\"@id\":\"https:\\\/\\\/cusointernational.org\\\/fr\\\/nouvelle\\\/cuso-international-accueille-trois-nouveaux-membres-au-sein-de-son-conseil-dadministration\\\/#breadcrumb\",\"itemListElement\":[{\"@type\":\"ListItem\",\"position\":1,\"name\":\"Home\",\"item\":\"https:\\\/\\\/cusointernational.org\\\/fr\\\/\"},{\"@type\":\"ListItem\",\"position\":2,\"name\":\"Cuso International accueille trois nouveaux membres au sein de son conseil d\u2019administration\"}]},{\"@type\":\"WebSite\",\"@id\":\"https:\\\/\\\/cusointernational.org\\\/fr\\\/#website\",\"url\":\"https:\\\/\\\/cusointernational.org\\\/fr\\\/\",\"name\":\"Cuso International\",\"description\":\"Connecting communities around the world with skilled Canadians to help end poverty\",\"potentialAction\":[{\"@type\":\"SearchAction\",\"target\":{\"@type\":\"EntryPoint\",\"urlTemplate\":\"https:\\\/\\\/cusointernational.org\\\/fr\\\/?s={search_term_string}\"},\"query-input\":{\"@type\":\"PropertyValueSpecification\",\"valueRequired\":true,\"valueName\":\"search_term_string\"}}],\"inLanguage\":\"fr-FR\"}]}<\/script>\n<!-- \/ Yoast SEO plugin. -->","yoast_head_json":{"title":"Cuso International accueille trois nouveaux membres au sein de son conseil d\u2019administration - Cuso International","robots":{"index":"index","follow":"follow","max-snippet":"max-snippet:-1","max-image-preview":"max-image-preview:large","max-video-preview":"max-video-preview:-1"},"canonical":"https:\/\/cusointernational.org\/fr\/nouvelle\/cuso-international-accueille-trois-nouveaux-membres-au-sein-de-son-conseil-dadministration\/","og_locale":"fr_FR","og_type":"article","og_title":"Cuso International accueille trois nouveaux membres au sein de son conseil d\u2019administration - Cuso International","og_description":"Ottawa, Ontario\u00a0\u2014\u00a0Cuso International est heureux d\u2019annoncer la nomination de trois nouveaux administrateurs. Rob\u00a0Turpin, Sharon\u00a0Ffolkes-Abrahams et Germaine\u00a0Dechant ont \u00e9t\u00e9 \u00e9lus au conseil d\u2019administration lors de l\u2019assembl\u00e9e g\u00e9n\u00e9rale annuelle du 24\u00a0septembre dernier. \u00ab\u00a0Nous sommes heureux d\u2019accueillir Rob, Sharon et Germaine au sein du conseil d\u2019administration, souligne Patricia\u00a0Perez-Coutts, pr\u00e9sidente du conseil d\u2019administration. Ils mettront \u00e0 profit leur vaste&hellip;","og_url":"https:\/\/cusointernational.org\/fr\/nouvelle\/cuso-international-accueille-trois-nouveaux-membres-au-sein-de-son-conseil-dadministration\/","og_site_name":"Cuso International","article_modified_time":"2021-11-11T19:26:52+00:00","og_image":[{"width":1120,"height":630,"url":"https:\/\/cusointernational.org\/wp-content\/uploads\/Cuso-Logo-Banner.png","type":"image\/png"}],"twitter_card":"summary_large_image","twitter_misc":{"Dur\u00e9e de lecture estim\u00e9e":"4 minutes"},"schema":{"@context":"https:\/\/schema.org","@graph":[{"@type":"WebPage","@id":"https:\/\/cusointernational.org\/fr\/nouvelle\/cuso-international-accueille-trois-nouveaux-membres-au-sein-de-son-conseil-dadministration\/","url":"https:\/\/cusointernational.org\/fr\/nouvelle\/cuso-international-accueille-trois-nouveaux-membres-au-sein-de-son-conseil-dadministration\/","name":"Cuso International accueille trois nouveaux membres au sein de son conseil d\u2019administration - Cuso International","isPartOf":{"@id":"https:\/\/cusointernational.org\/fr\/#website"},"primaryImageOfPage":{"@id":"https:\/\/cusointernational.org\/fr\/nouvelle\/cuso-international-accueille-trois-nouveaux-membres-au-sein-de-son-conseil-dadministration\/#primaryimage"},"image":{"@id":"https:\/\/cusointernational.org\/fr\/nouvelle\/cuso-international-accueille-trois-nouveaux-membres-au-sein-de-son-conseil-dadministration\/#primaryimage"},"thumbnailUrl":"https:\/\/cusointernational.org\/wp-content\/uploads\/Cuso-Logo-Banner.png","datePublished":"2021-11-11T14:50:33+00:00","dateModified":"2021-11-11T19:26:52+00:00","breadcrumb":{"@id":"https:\/\/cusointernational.org\/fr\/nouvelle\/cuso-international-accueille-trois-nouveaux-membres-au-sein-de-son-conseil-dadministration\/#breadcrumb"},"inLanguage":"fr-FR","potentialAction":[{"@type":"ReadAction","target":["https:\/\/cusointernational.org\/fr\/nouvelle\/cuso-international-accueille-trois-nouveaux-membres-au-sein-de-son-conseil-dadministration\/"]}]},{"@type":"ImageObject","inLanguage":"fr-FR","@id":"https:\/\/cusointernational.org\/fr\/nouvelle\/cuso-international-accueille-trois-nouveaux-membres-au-sein-de-son-conseil-dadministration\/#primaryimage","url":"https:\/\/cusointernational.org\/wp-content\/uploads\/Cuso-Logo-Banner.png","contentUrl":"https:\/\/cusointernational.org\/wp-content\/uploads\/Cuso-Logo-Banner.png","width":1120,"height":630,"caption":"Cuso Logo - Banner"},{"@type":"BreadcrumbList","@id":"https:\/\/cusointernational.org\/fr\/nouvelle\/cuso-international-accueille-trois-nouveaux-membres-au-sein-de-son-conseil-dadministration\/#breadcrumb","itemListElement":[{"@type":"ListItem","position":1,"name":"Home","item":"https:\/\/cusointernational.org\/fr\/"},{"@type":"ListItem","position":2,"name":"Cuso International accueille trois nouveaux membres au sein de son conseil d\u2019administration"}]},{"@type":"WebSite","@id":"https:\/\/cusointernational.org\/fr\/#website","url":"https:\/\/cusointernational.org\/fr\/","name":"Cuso International","description":"Connecting communities around the world with skilled Canadians to help end poverty","potentialAction":[{"@type":"SearchAction","target":{"@type":"EntryPoint","urlTemplate":"https:\/\/cusointernational.org\/fr\/?s={search_term_string}"},"query-input":{"@type":"PropertyValueSpecification","valueRequired":true,"valueName":"search_term_string"}}],"inLanguage":"fr-FR"}]}},"_links":{"self":[{"href":"https:\/\/cusointernational.org\/fr\/wp-json\/wp\/v2\/news\/40134","targetHints":{"allow":["GET"]}}],"collection":[{"href":"https:\/\/cusointernational.org\/fr\/wp-json\/wp\/v2\/news"}],"about":[{"href":"https:\/\/cusointernational.org\/fr\/wp-json\/wp\/v2\/types\/news"}],"wp:featuredmedia":[{"embeddable":true,"href":"https:\/\/cusointernational.org\/fr\/wp-json\/wp\/v2\/media\/44489"}],"wp:attachment":[{"href":"https:\/\/cusointernational.org\/fr\/wp-json\/wp\/v2\/media?parent=40134"}],"wp:term":[{"taxonomy":"category","embeddable":true,"href":"https:\/\/cusointernational.org\/fr\/wp-json\/wp\/v2\/categories?post=40134"},{"taxonomy":"post_theme","embeddable":true,"href":"https:\/\/cusointernational.org\/fr\/wp-json\/wp\/v2\/post_theme?post=40134"}],"curies":[{"name":"wp","href":"https:\/\/api.w.org\/{rel}","templated":true}]}}