{"id":39705,"date":"2021-07-26T10:24:51","date_gmt":"2021-07-26T14:24:51","guid":{"rendered":"https:\/\/cusointernational.org\/?post_type=news&#038;p=39705"},"modified":"2021-07-26T10:38:29","modified_gmt":"2021-07-26T14:38:29","slug":"cuso-international-accueille-anna-squier-a-titre-de-directrice-des-programmes-pour-lafrique","status":"publish","type":"news","link":"https:\/\/cusointernational.org\/fr\/nouvelle\/cuso-international-accueille-anna-squier-a-titre-de-directrice-des-programmes-pour-lafrique\/","title":{"rendered":"Cuso International accueille Anna Squier \u00e0 titre de directrice des programmes pour l\u2019Afrique"},"content":{"rendered":"<p><strong>Le 26\u00a0juillet\u00a02021, Ottawa, Ontario.\u00a0<\/strong><strong>\u2014<\/strong> Cuso International est heureux d\u2019annoncer l\u2019arriv\u00e9e d\u2019Anna\u00a0Squier \u00e0 titre de directrice des programmes pour l\u2019Afrique. Anna ajoutera \u00e0 l\u2019\u00e9quipe de Cuso International plus de 14\u00a0ans d\u2019exp\u00e9rience en pr\u00e9vention de conflits et en consolidation de la paix, de m\u00eame que 11\u00a0ans d\u2019exp\u00e9rience de terrain en d\u00e9veloppement international en Afrique et dans les Cara\u00efbes.<\/p>\n<p>En tant que directrice des programmes pour l\u2019Afrique, Anna dirigera la cr\u00e9ation et la mise en \u0153uvre de programmes majeurs dans six pays africains o\u00f9 Cuso International envoie des coop\u00e9rants-volontaires. Elle aura aussi la responsabilit\u00e9 d\u2019assurer la pr\u00e9sence et la visibilit\u00e9 de Cuso International dans le secteur du d\u00e9veloppement international et d\u2019entretenir des liens avec les gouvernements, le secteur priv\u00e9, les bailleurs de fonds et les donateurs. Anna se joint \u00e0 l\u2019\u00e9quipe de Cuso International apr\u00e8s trois ann\u00e9es au sein d\u2019Interpeace en qualit\u00e9 de repr\u00e9sentante du Burundi, o\u00f9 elle assurait la gestion et la mise en \u0153uvre de la programmation nationale. Elle a aussi travaill\u00e9 pour plusieurs ONG internationales, dont la Zoological Society of London et la Radio La Benevolencija Humanitarian Tools Foundation. De 2012 \u00e0 2013, Anna a fait de la coop\u00e9ration volontaire avec Cuso International en Jama\u00efque comme conseill\u00e8re en politiques et en d\u00e9veloppement.<\/p>\n<p>\u00ab\u00a0Nous sommes heureux d\u2019accueillir Anna dans notre \u00e9quipe. Sa vaste exp\u00e9rience de travail en Afrique et son excellente compr\u00e9hension de notre travail seront tr\u00e8s utiles \u00e0 Cuso International. Anna arrive dans son nouveau poste de directrice des programmes pour l\u2019Afrique avec un grand bagage de connaissances sur l\u2019\u00e9tablissement de partenariats strat\u00e9giques, la gestion organisationnelle, la gestion de programmes, la collecte de fonds et les cadres de suivi et d\u2019\u00e9valuation\u00a0\u00bb, souligne Brian\u00a0Harrigan, directeur principal de la programmation de Cuso International.<\/p>\n<p>Anna d\u00e9tient une ma\u00eetrise en s\u00e9curit\u00e9 humaine et en consolidation de la paix de l\u2019Universit\u00e9 Royal Roads de Victoria, en Colombie-Britannique, ainsi qu\u2019un certificat en r\u00e9solution de conflits du Justice Institute of British Columbia.<\/p>\n<p>Anna, qui vit \u00e0 Nairobi, au Kenya, travaillera en \u00e9troite collaboration avec ses coll\u00e8gues des bureaux de Cuso International en Afrique. Elle entrera officiellement en poste le 26\u00a0juillet\u00a02021.<\/p>\n<p>Personne-ressource\u00a0:<\/p>\n<p>Linda\u00a0Hartwell<\/p>\n<p>linda.hartwell@cusointernational.org<\/p>\n<p>#<\/p>\n<p><strong>Cuso International <\/strong><\/p>\n<p>Cuso International est un organisme de bienfaisance qui s\u2019est donn\u00e9 pour mission de mettre fin \u00e0 la pauvret\u00e9 et aux in\u00e9galit\u00e9s. Cuso travaille avec ses partenaires locaux aux quatre coins du monde pour offrir l\u2019\u00e9galit\u00e9 des chances, am\u00e9liorer les perspectives \u00e9conomiques, favoriser l\u2019autonomisation des femmes et des filles et promouvoir l\u2019\u00e9galit\u00e9 entre les sexes. Son objectif : miser sur le partage de connaissances pour b\u00e2tir un avenir meilleur. Chaque ann\u00e9e, Cuso multiplie son impact en mobilisant des centaines de professionnels qui donnent de leur temps et transmettent leurs comp\u00e9tences.<\/p>\n","protected":false},"featured_media":38612,"template":"","categories":[],"post_theme":[218],"class_list":["post-39705","news","type-news","status-publish","has-post-thumbnail","hentry","post_theme-general-fr"],"acf":[],"yoast_head":"<!-- This site is optimized with the Yoast SEO plugin v27.5 - https:\/\/yoast.com\/product\/yoast-seo-wordpress\/ -->\n<title>Cuso International accueille Anna Squier \u00e0 titre de directrice des programmes pour l\u2019Afrique - Cuso International<\/title>\n<meta name=\"description\" content=\"Cuso International est heureux d\u2019annoncer l\u2019arriv\u00e9e d\u2019Anna\u00a0Squier \u00e0 titre de directrice des programmes pour l\u2019Afrique. Anna ajoutera \u00e0 l\u2019\u00e9quipe de Cuso International plus de 14\u00a0ans d\u2019exp\u00e9rience en pr\u00e9vention de conflits et en consolidation de la paix, de m\u00eame que 11\u00a0ans d\u2019exp\u00e9rience de terrain en d\u00e9veloppement international en Afrique et dans les Cara\u00efbes.\" \/>\n<meta name=\"robots\" content=\"index, follow, max-snippet:-1, max-image-preview:large, max-video-preview:-1\" \/>\n<link rel=\"canonical\" href=\"https:\/\/cusointernational.org\/fr\/nouvelle\/cuso-international-accueille-anna-squier-a-titre-de-directrice-des-programmes-pour-lafrique\/\" \/>\n<meta property=\"og:locale\" content=\"fr_FR\" \/>\n<meta property=\"og:type\" content=\"article\" \/>\n<meta property=\"og:title\" content=\"Cuso International accueille Anna Squier \u00e0 titre de directrice des programmes pour l\u2019Afrique - Cuso International\" \/>\n<meta property=\"og:description\" content=\"Cuso International est heureux d\u2019annoncer l\u2019arriv\u00e9e d\u2019Anna\u00a0Squier \u00e0 titre de directrice des programmes pour l\u2019Afrique. Anna ajoutera \u00e0 l\u2019\u00e9quipe de Cuso International plus de 14\u00a0ans d\u2019exp\u00e9rience en pr\u00e9vention de conflits et en consolidation de la paix, de m\u00eame que 11\u00a0ans d\u2019exp\u00e9rience de terrain en d\u00e9veloppement international en Afrique et dans les Cara\u00efbes.\" \/>\n<meta property=\"og:url\" content=\"https:\/\/cusointernational.org\/fr\/nouvelle\/cuso-international-accueille-anna-squier-a-titre-de-directrice-des-programmes-pour-lafrique\/\" \/>\n<meta property=\"og:site_name\" content=\"Cuso International\" \/>\n<meta property=\"article:modified_time\" content=\"2021-07-26T14:38:29+00:00\" \/>\n<meta property=\"og:image\" content=\"https:\/\/cusointernational.org\/wp-content\/uploads\/Day6_Benin_167-renewal1-1.jpg\" \/>\n\t<meta property=\"og:image:width\" content=\"1200\" \/>\n\t<meta property=\"og:image:height\" content=\"1000\" \/>\n\t<meta property=\"og:image:type\" content=\"image\/jpeg\" \/>\n<meta name=\"twitter:card\" content=\"summary_large_image\" \/>\n<meta name=\"twitter:label1\" content=\"Dur\u00e9e de lecture estim\u00e9e\" \/>\n\t<meta name=\"twitter:data1\" content=\"2 minutes\" \/>\n<script type=\"application\/ld+json\" class=\"yoast-schema-graph\">{\"@context\":\"https:\\\/\\\/schema.org\",\"@graph\":[{\"@type\":\"WebPage\",\"@id\":\"https:\\\/\\\/cusointernational.org\\\/fr\\\/nouvelle\\\/cuso-international-accueille-anna-squier-a-titre-de-directrice-des-programmes-pour-lafrique\\\/\",\"url\":\"https:\\\/\\\/cusointernational.org\\\/fr\\\/nouvelle\\\/cuso-international-accueille-anna-squier-a-titre-de-directrice-des-programmes-pour-lafrique\\\/\",\"name\":\"Cuso International accueille Anna Squier \u00e0 titre de directrice des programmes pour l\u2019Afrique - Cuso International\",\"isPartOf\":{\"@id\":\"https:\\\/\\\/cusointernational.org\\\/fr\\\/#website\"},\"primaryImageOfPage\":{\"@id\":\"https:\\\/\\\/cusointernational.org\\\/fr\\\/nouvelle\\\/cuso-international-accueille-anna-squier-a-titre-de-directrice-des-programmes-pour-lafrique\\\/#primaryimage\"},\"image\":{\"@id\":\"https:\\\/\\\/cusointernational.org\\\/fr\\\/nouvelle\\\/cuso-international-accueille-anna-squier-a-titre-de-directrice-des-programmes-pour-lafrique\\\/#primaryimage\"},\"thumbnailUrl\":\"https:\\\/\\\/cusointernational.org\\\/wp-content\\\/uploads\\\/Day6_Benin_167-renewal1-1.jpg\",\"datePublished\":\"2021-07-26T14:24:51+00:00\",\"dateModified\":\"2021-07-26T14:38:29+00:00\",\"description\":\"Cuso International est heureux d\u2019annoncer l\u2019arriv\u00e9e d\u2019Anna\u00a0Squier \u00e0 titre de directrice des programmes pour l\u2019Afrique. Anna ajoutera \u00e0 l\u2019\u00e9quipe de Cuso International plus de 14\u00a0ans d\u2019exp\u00e9rience en pr\u00e9vention de conflits et en consolidation de la paix, de m\u00eame que 11\u00a0ans d\u2019exp\u00e9rience de terrain en d\u00e9veloppement international en Afrique et dans les Cara\u00efbes.\",\"breadcrumb\":{\"@id\":\"https:\\\/\\\/cusointernational.org\\\/fr\\\/nouvelle\\\/cuso-international-accueille-anna-squier-a-titre-de-directrice-des-programmes-pour-lafrique\\\/#breadcrumb\"},\"inLanguage\":\"fr-FR\",\"potentialAction\":[{\"@type\":\"ReadAction\",\"target\":[\"https:\\\/\\\/cusointernational.org\\\/fr\\\/nouvelle\\\/cuso-international-accueille-anna-squier-a-titre-de-directrice-des-programmes-pour-lafrique\\\/\"]}]},{\"@type\":\"ImageObject\",\"inLanguage\":\"fr-FR\",\"@id\":\"https:\\\/\\\/cusointernational.org\\\/fr\\\/nouvelle\\\/cuso-international-accueille-anna-squier-a-titre-de-directrice-des-programmes-pour-lafrique\\\/#primaryimage\",\"url\":\"https:\\\/\\\/cusointernational.org\\\/wp-content\\\/uploads\\\/Day6_Benin_167-renewal1-1.jpg\",\"contentUrl\":\"https:\\\/\\\/cusointernational.org\\\/wp-content\\\/uploads\\\/Day6_Benin_167-renewal1-1.jpg\",\"width\":1200,\"height\":1000,\"caption\":\"Benin Cuso International\"},{\"@type\":\"BreadcrumbList\",\"@id\":\"https:\\\/\\\/cusointernational.org\\\/fr\\\/nouvelle\\\/cuso-international-accueille-anna-squier-a-titre-de-directrice-des-programmes-pour-lafrique\\\/#breadcrumb\",\"itemListElement\":[{\"@type\":\"ListItem\",\"position\":1,\"name\":\"Home\",\"item\":\"https:\\\/\\\/cusointernational.org\\\/fr\\\/\"},{\"@type\":\"ListItem\",\"position\":2,\"name\":\"Cuso International accueille Anna Squier \u00e0 titre de directrice des programmes pour l\u2019Afrique\"}]},{\"@type\":\"WebSite\",\"@id\":\"https:\\\/\\\/cusointernational.org\\\/fr\\\/#website\",\"url\":\"https:\\\/\\\/cusointernational.org\\\/fr\\\/\",\"name\":\"Cuso International\",\"description\":\"Connecting communities around the world with skilled Canadians to help end poverty\",\"potentialAction\":[{\"@type\":\"SearchAction\",\"target\":{\"@type\":\"EntryPoint\",\"urlTemplate\":\"https:\\\/\\\/cusointernational.org\\\/fr\\\/?s={search_term_string}\"},\"query-input\":{\"@type\":\"PropertyValueSpecification\",\"valueRequired\":true,\"valueName\":\"search_term_string\"}}],\"inLanguage\":\"fr-FR\"}]}<\/script>\n<!-- \/ Yoast SEO plugin. -->","yoast_head_json":{"title":"Cuso International accueille Anna Squier \u00e0 titre de directrice des programmes pour l\u2019Afrique - Cuso International","description":"Cuso International est heureux d\u2019annoncer l\u2019arriv\u00e9e d\u2019Anna\u00a0Squier \u00e0 titre de directrice des programmes pour l\u2019Afrique. Anna ajoutera \u00e0 l\u2019\u00e9quipe de Cuso International plus de 14\u00a0ans d\u2019exp\u00e9rience en pr\u00e9vention de conflits et en consolidation de la paix, de m\u00eame que 11\u00a0ans d\u2019exp\u00e9rience de terrain en d\u00e9veloppement international en Afrique et dans les Cara\u00efbes.","robots":{"index":"index","follow":"follow","max-snippet":"max-snippet:-1","max-image-preview":"max-image-preview:large","max-video-preview":"max-video-preview:-1"},"canonical":"https:\/\/cusointernational.org\/fr\/nouvelle\/cuso-international-accueille-anna-squier-a-titre-de-directrice-des-programmes-pour-lafrique\/","og_locale":"fr_FR","og_type":"article","og_title":"Cuso International accueille Anna Squier \u00e0 titre de directrice des programmes pour l\u2019Afrique - Cuso International","og_description":"Cuso International est heureux d\u2019annoncer l\u2019arriv\u00e9e d\u2019Anna\u00a0Squier \u00e0 titre de directrice des programmes pour l\u2019Afrique. Anna ajoutera \u00e0 l\u2019\u00e9quipe de Cuso International plus de 14\u00a0ans d\u2019exp\u00e9rience en pr\u00e9vention de conflits et en consolidation de la paix, de m\u00eame que 11\u00a0ans d\u2019exp\u00e9rience de terrain en d\u00e9veloppement international en Afrique et dans les Cara\u00efbes.","og_url":"https:\/\/cusointernational.org\/fr\/nouvelle\/cuso-international-accueille-anna-squier-a-titre-de-directrice-des-programmes-pour-lafrique\/","og_site_name":"Cuso International","article_modified_time":"2021-07-26T14:38:29+00:00","og_image":[{"width":1200,"height":1000,"url":"https:\/\/cusointernational.org\/wp-content\/uploads\/Day6_Benin_167-renewal1-1.jpg","type":"image\/jpeg"}],"twitter_card":"summary_large_image","twitter_misc":{"Dur\u00e9e de lecture estim\u00e9e":"2 minutes"},"schema":{"@context":"https:\/\/schema.org","@graph":[{"@type":"WebPage","@id":"https:\/\/cusointernational.org\/fr\/nouvelle\/cuso-international-accueille-anna-squier-a-titre-de-directrice-des-programmes-pour-lafrique\/","url":"https:\/\/cusointernational.org\/fr\/nouvelle\/cuso-international-accueille-anna-squier-a-titre-de-directrice-des-programmes-pour-lafrique\/","name":"Cuso International accueille Anna Squier \u00e0 titre de directrice des programmes pour l\u2019Afrique - Cuso International","isPartOf":{"@id":"https:\/\/cusointernational.org\/fr\/#website"},"primaryImageOfPage":{"@id":"https:\/\/cusointernational.org\/fr\/nouvelle\/cuso-international-accueille-anna-squier-a-titre-de-directrice-des-programmes-pour-lafrique\/#primaryimage"},"image":{"@id":"https:\/\/cusointernational.org\/fr\/nouvelle\/cuso-international-accueille-anna-squier-a-titre-de-directrice-des-programmes-pour-lafrique\/#primaryimage"},"thumbnailUrl":"https:\/\/cusointernational.org\/wp-content\/uploads\/Day6_Benin_167-renewal1-1.jpg","datePublished":"2021-07-26T14:24:51+00:00","dateModified":"2021-07-26T14:38:29+00:00","description":"Cuso International est heureux d\u2019annoncer l\u2019arriv\u00e9e d\u2019Anna\u00a0Squier \u00e0 titre de directrice des programmes pour l\u2019Afrique. Anna ajoutera \u00e0 l\u2019\u00e9quipe de Cuso International plus de 14\u00a0ans d\u2019exp\u00e9rience en pr\u00e9vention de conflits et en consolidation de la paix, de m\u00eame que 11\u00a0ans d\u2019exp\u00e9rience de terrain en d\u00e9veloppement international en Afrique et dans les Cara\u00efbes.","breadcrumb":{"@id":"https:\/\/cusointernational.org\/fr\/nouvelle\/cuso-international-accueille-anna-squier-a-titre-de-directrice-des-programmes-pour-lafrique\/#breadcrumb"},"inLanguage":"fr-FR","potentialAction":[{"@type":"ReadAction","target":["https:\/\/cusointernational.org\/fr\/nouvelle\/cuso-international-accueille-anna-squier-a-titre-de-directrice-des-programmes-pour-lafrique\/"]}]},{"@type":"ImageObject","inLanguage":"fr-FR","@id":"https:\/\/cusointernational.org\/fr\/nouvelle\/cuso-international-accueille-anna-squier-a-titre-de-directrice-des-programmes-pour-lafrique\/#primaryimage","url":"https:\/\/cusointernational.org\/wp-content\/uploads\/Day6_Benin_167-renewal1-1.jpg","contentUrl":"https:\/\/cusointernational.org\/wp-content\/uploads\/Day6_Benin_167-renewal1-1.jpg","width":1200,"height":1000,"caption":"Benin Cuso International"},{"@type":"BreadcrumbList","@id":"https:\/\/cusointernational.org\/fr\/nouvelle\/cuso-international-accueille-anna-squier-a-titre-de-directrice-des-programmes-pour-lafrique\/#breadcrumb","itemListElement":[{"@type":"ListItem","position":1,"name":"Home","item":"https:\/\/cusointernational.org\/fr\/"},{"@type":"ListItem","position":2,"name":"Cuso International accueille Anna Squier \u00e0 titre de directrice des programmes pour l\u2019Afrique"}]},{"@type":"WebSite","@id":"https:\/\/cusointernational.org\/fr\/#website","url":"https:\/\/cusointernational.org\/fr\/","name":"Cuso International","description":"Connecting communities around the world with skilled Canadians to help end poverty","potentialAction":[{"@type":"SearchAction","target":{"@type":"EntryPoint","urlTemplate":"https:\/\/cusointernational.org\/fr\/?s={search_term_string}"},"query-input":{"@type":"PropertyValueSpecification","valueRequired":true,"valueName":"search_term_string"}}],"inLanguage":"fr-FR"}]}},"_links":{"self":[{"href":"https:\/\/cusointernational.org\/fr\/wp-json\/wp\/v2\/news\/39705","targetHints":{"allow":["GET"]}}],"collection":[{"href":"https:\/\/cusointernational.org\/fr\/wp-json\/wp\/v2\/news"}],"about":[{"href":"https:\/\/cusointernational.org\/fr\/wp-json\/wp\/v2\/types\/news"}],"wp:featuredmedia":[{"embeddable":true,"href":"https:\/\/cusointernational.org\/fr\/wp-json\/wp\/v2\/media\/38612"}],"wp:attachment":[{"href":"https:\/\/cusointernational.org\/fr\/wp-json\/wp\/v2\/media?parent=39705"}],"wp:term":[{"taxonomy":"category","embeddable":true,"href":"https:\/\/cusointernational.org\/fr\/wp-json\/wp\/v2\/categories?post=39705"},{"taxonomy":"post_theme","embeddable":true,"href":"https:\/\/cusointernational.org\/fr\/wp-json\/wp\/v2\/post_theme?post=39705"}],"curies":[{"name":"wp","href":"https:\/\/api.w.org\/{rel}","templated":true}]}}