{"id":35754,"date":"2018-05-03T14:36:16","date_gmt":"2018-05-03T18:36:16","guid":{"rendered":"https:\/\/cuso.wpengine.com\/news\/les-deputes-soulignent-la-journee-internationale-des-sages-femmes-a-la-colline-parlementaire\/"},"modified":"2020-10-15T14:40:47","modified_gmt":"2020-10-15T18:40:47","slug":"les-deputes-soulignent-la-journee-internationale-des-sages-femmes-a-la-colline-parlementaire","status":"publish","type":"news","link":"https:\/\/cusointernational.org\/fr\/nouvelle\/les-deputes-soulignent-la-journee-internationale-des-sages-femmes-a-la-colline-parlementaire\/","title":{"rendered":"Les d\u00e9put\u00e9s soulignent la Journ\u00e9e internationale des sages-femmes \u00e0 la Colline parlementaire"},"content":{"rendered":"<p>OTTAWA, 3 mai 2018 \u2013 Cuso International, l\u2019Association canadienne des sages-femmes (ACSF) et la d\u00e9put\u00e9e d\u2019Ottawa\u2013Vanier, Mona Fortier, profitent de la Journ\u00e9e internationale des sages-femmes pour tenir une r\u00e9ception parlementaire en ce 3 mai 2018, lors de laquelle ils souligneront les r\u00e9alisations du projet Les sages-femmes sauvent des vies (MSL).<\/p>\n<p>L\u2019objectif du projet MSL est d\u2019assurer des naissances s\u00e9curitaires et de r\u00e9duire les taux de mortalit\u00e9 et de morbidit\u00e9 chez les femmes et leurs nouveau-n\u00e9s. Pour y parvenir, le projet MSL cherche \u00e0 am\u00e9liorer l\u2019offre, l\u2019acc\u00e8s et la qualit\u00e9 des soins de sant\u00e9 reproductive, maternelle, n\u00e9onatale et infantile offerts par les sages-femmes du B\u00e9nin, de la R\u00e9publique d\u00e9mocratique du Congo, d\u2019\u00c9thiopie et de Tanzanie.<\/p>\n<p>\u00ab Ayant \u00e9t\u00e9 accompagn\u00e9e par une sage-femme pendant la naissance de mes trois enfants, je comprends toute leur importance pour une m\u00e8re, explique Mona Fortier, d\u00e9put\u00e9e d\u2019Ottawa\u2013Vanier. Je suis fi\u00e8re de tenir cette r\u00e9ception pour aider mes coll\u00e8gues parlementaires \u00e0 saisir l\u2019importance de ce projet et partager ma fiert\u00e9 de savoir qu\u2019il est financ\u00e9 par le gouvernement du Canada. \u00bb<\/p>\n<p>Le projet MSL, qui re\u00e7oit du financement du Gouvernement du Canada par le biais d\u2019Affaires mondiales Canada, est un partenariat entre Cuso International, l\u2019ACSF et des partenaires locaux, soit les associations de sages-femmes du B\u00e9nin, de l&#8217;\u00c9thiopie,\u00a0 de la R\u00e9publique d\u00e9mocratique du Congo et de la Tanzanie. Dans le cadre de ce projet de quatre ans (2016 2020), plus de 50 coop\u00e9rant(e)s-volontaires partiront vers ces quatre pays pour soutenir des activit\u00e9s de formation offrir du mentorat, fournir de l\u2019\u00e9quipement appropri\u00e9 aux formateurs locaux et outiller nos partenaires sur le terrain afin qu\u2019ils fassent la promotion de la profession de sage-femme dans leur pays.<\/p>\n<p>\u00ab Cuso International et l\u2019Association canadienne des sages-femmes obtiennent des r\u00e9sultats concrets au chapitre de la sant\u00e9 maternelle et n\u00e9onatale, souligne Glenn Mifflin, chef de la direction de Cuso International. \u00c0 la fin du projet, nous aurons form\u00e9 plus de 1 200 sages-femmes et pr\u00e8s de 150 formateurs. Des milliers de m\u00e8res et d\u2019enfants b\u00e9n\u00e9ficient d\u00e9j\u00e0 de ces r\u00e9sultats, qui continueront \u00e0 se faire sentir pendant des g\u00e9n\u00e9rations. \u00bb<\/p>\n<p>\u00ab Plus de 340 000 femmes meurent chaque ann\u00e9e pendant leur grossesse ou leur accouchement. Or, des sages-femmes form\u00e9es et bien soutenues peuvent pr\u00e9venir la majorit\u00e9 de ces d\u00e9c\u00e8s, souligne Katrina Kilroy, pr\u00e9sidente de l\u2019Association canadienne des sages-femmes. Et sauver la vie d\u2019une m\u00e8re, c\u2019est aussi contribuer \u00e0 la sant\u00e9 de sa famille et de sa communaut\u00e9. L\u2019objectif premier de ce projet est de s\u2019assurer que les sages-femmes ont acc\u00e8s aux ressources n\u00e9cessaires pour offrir des soins de qualit\u00e9 et sauver des vies. \u00bb<\/p>\n<p>-30-<\/p>\n<p>Pour plus de d\u00e9tails sur la r\u00e9ception parlementaire ou sur le projet MSL, communiquez avec :<\/p>\n<p>Trevor Eggleton<br \/>\nGestionnaire, Engagement et partenariats<br \/>\nCuso International<br \/>\n<a href=\"mailto:trevor.eggleton@cusointernational.org\">trevor.eggleton@cusointernational.org<\/a><br \/>\n613-829-7445, poste 242<\/p>\n<p>ou<\/p>\n<p>Eby Heller<br \/>\nDirectrice des politiques et des communications<br \/>\nAssociation canadienne des sages-femmes<br \/>\n<a href=\"mailto:eheller@canadianmidwives.org\">eheller@canadianmidwives.org<\/a><br \/>\n514-807-3668<\/p>\n","protected":false},"featured_media":0,"template":"","categories":[200],"post_theme":[],"class_list":["post-35754","news","type-news","status-publish","hentry","category-press-release-fr"],"acf":[],"yoast_head":"<!-- This site is optimized with the Yoast SEO plugin v27.5 - https:\/\/yoast.com\/product\/yoast-seo-wordpress\/ -->\n<title>Les d\u00e9put\u00e9s soulignent la Journ\u00e9e internationale des sages-femmes \u00e0 la Colline parlementaire - Cuso International<\/title>\n<meta name=\"description\" content=\"Les programmes de d\u00e9veloppement et les coop\u00e9rants-volontaires de Cuso visent \u00e0 promouvoir l\u2019\u00e9galit\u00e9 entre les sexes et \u00e0 offrir de nouvelles perspectives \u00e9conomiques aux jeunes de quatre continents.\" \/>\n<meta name=\"robots\" content=\"index, follow, max-snippet:-1, max-image-preview:large, max-video-preview:-1\" \/>\n<link rel=\"canonical\" href=\"https:\/\/cusointernational.org\/fr\/nouvelle\/les-deputes-soulignent-la-journee-internationale-des-sages-femmes-a-la-colline-parlementaire\/\" \/>\n<meta property=\"og:locale\" content=\"fr_FR\" \/>\n<meta property=\"og:type\" content=\"article\" \/>\n<meta property=\"og:title\" content=\"Les d\u00e9put\u00e9s soulignent la Journ\u00e9e internationale des sages-femmes \u00e0 la Colline parlementaire - Cuso International\" \/>\n<meta property=\"og:description\" content=\"Les programmes de d\u00e9veloppement et les coop\u00e9rants-volontaires de Cuso visent \u00e0 promouvoir l\u2019\u00e9galit\u00e9 entre les sexes et \u00e0 offrir de nouvelles perspectives \u00e9conomiques aux jeunes de quatre continents.\" \/>\n<meta property=\"og:url\" content=\"https:\/\/cusointernational.org\/fr\/nouvelle\/les-deputes-soulignent-la-journee-internationale-des-sages-femmes-a-la-colline-parlementaire\/\" \/>\n<meta property=\"og:site_name\" content=\"Cuso International\" \/>\n<meta property=\"article:modified_time\" content=\"2020-10-15T18:40:47+00:00\" \/>\n<meta name=\"twitter:card\" content=\"summary_large_image\" \/>\n<meta name=\"twitter:label1\" content=\"Dur\u00e9e de lecture estim\u00e9e\" \/>\n\t<meta name=\"twitter:data1\" content=\"3 minutes\" \/>\n<script type=\"application\/ld+json\" class=\"yoast-schema-graph\">{\"@context\":\"https:\\\/\\\/schema.org\",\"@graph\":[{\"@type\":\"WebPage\",\"@id\":\"https:\\\/\\\/cusointernational.org\\\/fr\\\/nouvelle\\\/les-deputes-soulignent-la-journee-internationale-des-sages-femmes-a-la-colline-parlementaire\\\/\",\"url\":\"https:\\\/\\\/cusointernational.org\\\/fr\\\/nouvelle\\\/les-deputes-soulignent-la-journee-internationale-des-sages-femmes-a-la-colline-parlementaire\\\/\",\"name\":\"Les d\u00e9put\u00e9s soulignent la Journ\u00e9e internationale des sages-femmes \u00e0 la Colline parlementaire - Cuso International\",\"isPartOf\":{\"@id\":\"https:\\\/\\\/cusointernational.org\\\/fr\\\/#website\"},\"datePublished\":\"2018-05-03T18:36:16+00:00\",\"dateModified\":\"2020-10-15T18:40:47+00:00\",\"description\":\"Les programmes de d\u00e9veloppement et les coop\u00e9rants-volontaires de Cuso visent \u00e0 promouvoir l\u2019\u00e9galit\u00e9 entre les sexes et \u00e0 offrir de nouvelles perspectives \u00e9conomiques aux jeunes de quatre continents.\",\"breadcrumb\":{\"@id\":\"https:\\\/\\\/cusointernational.org\\\/fr\\\/nouvelle\\\/les-deputes-soulignent-la-journee-internationale-des-sages-femmes-a-la-colline-parlementaire\\\/#breadcrumb\"},\"inLanguage\":\"fr-FR\",\"potentialAction\":[{\"@type\":\"ReadAction\",\"target\":[\"https:\\\/\\\/cusointernational.org\\\/fr\\\/nouvelle\\\/les-deputes-soulignent-la-journee-internationale-des-sages-femmes-a-la-colline-parlementaire\\\/\"]}]},{\"@type\":\"BreadcrumbList\",\"@id\":\"https:\\\/\\\/cusointernational.org\\\/fr\\\/nouvelle\\\/les-deputes-soulignent-la-journee-internationale-des-sages-femmes-a-la-colline-parlementaire\\\/#breadcrumb\",\"itemListElement\":[{\"@type\":\"ListItem\",\"position\":1,\"name\":\"Home\",\"item\":\"https:\\\/\\\/cusointernational.org\\\/fr\\\/\"},{\"@type\":\"ListItem\",\"position\":2,\"name\":\"Les d\u00e9put\u00e9s soulignent la Journ\u00e9e internationale des sages-femmes \u00e0 la Colline parlementaire\"}]},{\"@type\":\"WebSite\",\"@id\":\"https:\\\/\\\/cusointernational.org\\\/fr\\\/#website\",\"url\":\"https:\\\/\\\/cusointernational.org\\\/fr\\\/\",\"name\":\"Cuso International\",\"description\":\"Connecting communities around the world with skilled Canadians to help end poverty\",\"potentialAction\":[{\"@type\":\"SearchAction\",\"target\":{\"@type\":\"EntryPoint\",\"urlTemplate\":\"https:\\\/\\\/cusointernational.org\\\/fr\\\/?s={search_term_string}\"},\"query-input\":{\"@type\":\"PropertyValueSpecification\",\"valueRequired\":true,\"valueName\":\"search_term_string\"}}],\"inLanguage\":\"fr-FR\"}]}<\/script>\n<!-- \/ Yoast SEO plugin. -->","yoast_head_json":{"title":"Les d\u00e9put\u00e9s soulignent la Journ\u00e9e internationale des sages-femmes \u00e0 la Colline parlementaire - Cuso International","description":"Les programmes de d\u00e9veloppement et les coop\u00e9rants-volontaires de Cuso visent \u00e0 promouvoir l\u2019\u00e9galit\u00e9 entre les sexes et \u00e0 offrir de nouvelles perspectives \u00e9conomiques aux jeunes de quatre continents.","robots":{"index":"index","follow":"follow","max-snippet":"max-snippet:-1","max-image-preview":"max-image-preview:large","max-video-preview":"max-video-preview:-1"},"canonical":"https:\/\/cusointernational.org\/fr\/nouvelle\/les-deputes-soulignent-la-journee-internationale-des-sages-femmes-a-la-colline-parlementaire\/","og_locale":"fr_FR","og_type":"article","og_title":"Les d\u00e9put\u00e9s soulignent la Journ\u00e9e internationale des sages-femmes \u00e0 la Colline parlementaire - Cuso International","og_description":"Les programmes de d\u00e9veloppement et les coop\u00e9rants-volontaires de Cuso visent \u00e0 promouvoir l\u2019\u00e9galit\u00e9 entre les sexes et \u00e0 offrir de nouvelles perspectives \u00e9conomiques aux jeunes de quatre continents.","og_url":"https:\/\/cusointernational.org\/fr\/nouvelle\/les-deputes-soulignent-la-journee-internationale-des-sages-femmes-a-la-colline-parlementaire\/","og_site_name":"Cuso International","article_modified_time":"2020-10-15T18:40:47+00:00","twitter_card":"summary_large_image","twitter_misc":{"Dur\u00e9e de lecture estim\u00e9e":"3 minutes"},"schema":{"@context":"https:\/\/schema.org","@graph":[{"@type":"WebPage","@id":"https:\/\/cusointernational.org\/fr\/nouvelle\/les-deputes-soulignent-la-journee-internationale-des-sages-femmes-a-la-colline-parlementaire\/","url":"https:\/\/cusointernational.org\/fr\/nouvelle\/les-deputes-soulignent-la-journee-internationale-des-sages-femmes-a-la-colline-parlementaire\/","name":"Les d\u00e9put\u00e9s soulignent la Journ\u00e9e internationale des sages-femmes \u00e0 la Colline parlementaire - Cuso International","isPartOf":{"@id":"https:\/\/cusointernational.org\/fr\/#website"},"datePublished":"2018-05-03T18:36:16+00:00","dateModified":"2020-10-15T18:40:47+00:00","description":"Les programmes de d\u00e9veloppement et les coop\u00e9rants-volontaires de Cuso visent \u00e0 promouvoir l\u2019\u00e9galit\u00e9 entre les sexes et \u00e0 offrir de nouvelles perspectives \u00e9conomiques aux jeunes de quatre continents.","breadcrumb":{"@id":"https:\/\/cusointernational.org\/fr\/nouvelle\/les-deputes-soulignent-la-journee-internationale-des-sages-femmes-a-la-colline-parlementaire\/#breadcrumb"},"inLanguage":"fr-FR","potentialAction":[{"@type":"ReadAction","target":["https:\/\/cusointernational.org\/fr\/nouvelle\/les-deputes-soulignent-la-journee-internationale-des-sages-femmes-a-la-colline-parlementaire\/"]}]},{"@type":"BreadcrumbList","@id":"https:\/\/cusointernational.org\/fr\/nouvelle\/les-deputes-soulignent-la-journee-internationale-des-sages-femmes-a-la-colline-parlementaire\/#breadcrumb","itemListElement":[{"@type":"ListItem","position":1,"name":"Home","item":"https:\/\/cusointernational.org\/fr\/"},{"@type":"ListItem","position":2,"name":"Les d\u00e9put\u00e9s soulignent la Journ\u00e9e internationale des sages-femmes \u00e0 la Colline parlementaire"}]},{"@type":"WebSite","@id":"https:\/\/cusointernational.org\/fr\/#website","url":"https:\/\/cusointernational.org\/fr\/","name":"Cuso International","description":"Connecting communities around the world with skilled Canadians to help end poverty","potentialAction":[{"@type":"SearchAction","target":{"@type":"EntryPoint","urlTemplate":"https:\/\/cusointernational.org\/fr\/?s={search_term_string}"},"query-input":{"@type":"PropertyValueSpecification","valueRequired":true,"valueName":"search_term_string"}}],"inLanguage":"fr-FR"}]}},"_links":{"self":[{"href":"https:\/\/cusointernational.org\/fr\/wp-json\/wp\/v2\/news\/35754","targetHints":{"allow":["GET"]}}],"collection":[{"href":"https:\/\/cusointernational.org\/fr\/wp-json\/wp\/v2\/news"}],"about":[{"href":"https:\/\/cusointernational.org\/fr\/wp-json\/wp\/v2\/types\/news"}],"wp:attachment":[{"href":"https:\/\/cusointernational.org\/fr\/wp-json\/wp\/v2\/media?parent=35754"}],"wp:term":[{"taxonomy":"category","embeddable":true,"href":"https:\/\/cusointernational.org\/fr\/wp-json\/wp\/v2\/categories?post=35754"},{"taxonomy":"post_theme","embeddable":true,"href":"https:\/\/cusointernational.org\/fr\/wp-json\/wp\/v2\/post_theme?post=35754"}],"curies":[{"name":"wp","href":"https:\/\/api.w.org\/{rel}","templated":true}]}}