{"id":35742,"date":"2017-08-23T14:33:22","date_gmt":"2017-08-23T18:33:22","guid":{"rendered":"https:\/\/cuso.wpengine.com\/news\/hommage-aux-cooperants-volontaires-de-cuso-international-dans-le-cadre-de-canada-150-et-au-dela\/"},"modified":"2020-10-15T14:47:38","modified_gmt":"2020-10-15T18:47:38","slug":"hommage-aux-cooperants-volontaires-de-cuso-international-dans-le-cadre-de-canada-150-et-au-dela","status":"publish","type":"news","link":"https:\/\/cusointernational.org\/fr\/nouvelle\/hommage-aux-cooperants-volontaires-de-cuso-international-dans-le-cadre-de-canada-150-et-au-dela\/","title":{"rendered":"HOMMAGE AUX COOP\u00c9RANTS-VOLONTAIRES DE CUSO INTERNATIONAL DANS LE CADRE DE CANADA 150 ET AU-DEL\u00c0"},"content":{"rendered":"<p><img loading=\"lazy\" decoding=\"async\" class=\"alignnone size-medium wp-image-21041\" src=\"https:\/\/cusointernational.org\/wp-content\/uploads\/2017\/08\/HomepageSlider_C-300x145.png\" alt=\"Cuso International Alumni 150 Volontaire\" width=\"300\" height=\"145\" \/><\/p>\n<p><em>Lumi\u00e8re sur l\u2019apport des coop\u00e9rants-volontaires au Canada<\/em><\/p>\n<p>\u00c0 l\u2019occasion de Canada 150 Cuso International lance <a href=\"http:\/\/150anciens.cusointernational.org\/\" target=\"_blank\" rel=\"noopener noreferrer\">Canada 150+ et les Anciens<\/a>, un projet destin\u00e9 \u00e0 rendre hommage aux coop\u00e9rants-volontaires dont le travail a fait une diff\u00e9rence dans le monde et ici, au Canada. D\u00e8s la f\u00eate nationale du Canada et jusqu\u2019\u00e0 la fin de l\u2019ann\u00e9e, Canada 150 et les Anciens publiera r\u00e9guli\u00e8rement de nouvelles histoires de coop\u00e9rants-volontaires.<\/p>\n<p>Selon Glenn Miffin, chef de la direction de Cuso International : \u00ab Beaucoup de coop\u00e9rants-volontaires nous ont racont\u00e9 comment leur travail \u00e0 Cuso International les avait influenc\u00e9s et avait chang\u00e9 leur vie, m\u00eame longtemps apr\u00e8s leur retour; et c\u2019est ainsi qu\u2019ils ont fait de leur coop\u00e9ration outremer un apport significatif pour leur propre pays. Que ce soit en parrainant des r\u00e9fugi\u00e9s, en \u00e9laborant un nouveau programme pour un conseil scolaire autochtone ou en travaillant comme \u00e9lu, nos anciens coop\u00e9rants-volontaires ne cessent jamais d\u2019apporter leur contribution \u00e0 ce pays et au monde. \u00bb<\/p>\n<p>Au fil des ans, les coop\u00e9rants-volontaires de Cuso International ont fini par personifier les valeurs du b\u00e9n\u00e9volat. Depuis 1961, Cuso International a d\u00e9ploy\u00e9 pr\u00e8s de 13 000 coop\u00e9rants-volontaires \u00e0 travers le monde au cours d\u2019affectations r\u00e9p\u00e9t\u00e9es. Ces b\u00e9n\u00e9voles de tout le Canada ont voyag\u00e9 en Asie, en Afrique, en Am\u00e9rique du Sud et dans les Cara\u00efbes pour vivre et partager leurs comp\u00e9tences professionnelles avec diverses communaut\u00e9s pendant des mois, voire des ann\u00e9es.<\/p>\n<p>Les coop\u00e9rants-volontaires ont \u00e9t\u00e9 tr\u00e8s touch\u00e9s par les communaut\u00e9s qui les ont accueillis et \u00e0 leur tour ces communaut\u00e9s ont \u00e9t\u00e9 influenc\u00e9es par leur travail de coop\u00e9ration. Que ce soit en tant qu&#8217;enseignants, conseillers en d\u00e9veloppement d\u2019entreprise ou champions de l&#8217;\u00e9galit\u00e9 des sexes et de la gestion de projets, les coop\u00e9rants-volontaires ont aid\u00e9 les collectivit\u00e9s \u00e0 se d\u00e9velopper.<\/p>\n<p>Les coop\u00e9rants volontaires reviennent au Canada enrichis par des exp\u00e9riences et des comp\u00e9tences acquises outremer; ils les partagent alors avec leur entourage et leurs communaut\u00e9s pour le b\u00e9n\u00e9fice de tous. Au fil des ans, on a constat\u00e9 que les affectations de Cuso International avaient d\u00e9clench\u00e9 chez plusieurs militants, chefs d&#8217;entreprise et fonctionnaires canadiens le d\u00e9sir d\u2019inspirer leurs concitoyens et de les amener \u00e0 faire du b\u00e9n\u00e9volat, \u00e0 donner et \u00e0 changer le monde.<\/p>\n<p>Canada 150 et les Anciens tient \u00e0 vous faire d\u00e9couvrir toute la richesse de la contribution des anciens de Cuso International au Canada. Informez-vous sur le projet de Cuso International, Canada 150 et les Anciens, en poursuivant votre lecture.<\/p>\n<p><strong>Des Canadiens d\u2019influence<\/strong><\/p>\n<p><a href=\"http:\/\/150anciens.cusointernational.org\/les-anciens\/1960-1969\/\" target=\"_blank\" rel=\"noopener noreferrer\">Les ann\u00e9es 60<\/a> : Figure marquante de l&#8217;histoire de notre pays, notamment sur les questions de m\u00e9dias et d&#8217;unit\u00e9, <a href=\"http:\/\/150anciens.cusointernational.org\/keith-spicer\/\" target=\"_blank\" rel=\"noopener noreferrer\">Keith Spicer<\/a> \u00e9tait un \u00e9tudiant de 25 ans lorsqu\u2019il a eu l&#8217;id\u00e9e de Cuso International. Inspir\u00e9 alors par les \u00e9v\u00e9nements mondiaux, il a soutenu avec passion l\u2019id\u00e9e de la coop\u00e9ration volontaire outremer par de jeunes Canadiens.<\/p>\n<p><a href=\"http:\/\/150anciens.cusointernational.org\/les-anciens\/1980-1989\/\" target=\"_blank\" rel=\"noopener noreferrer\">Les ann\u00e9es 80<\/a> : Coop\u00e9rante-volontaire au Nigeria, <a href=\"http:\/\/150anciens.cusointernational.org\/nora-w-murdock\/\" target=\"_blank\" rel=\"noopener noreferrer\">Nora Murdock<\/a> affirme que cette exp\u00e9rience a chang\u00e9 sa vie; \u00e0 son retour, elle a consacr\u00e9 sa carri\u00e8re \u00e0 mettre sur pied un programme d\u2019\u00e9ducation pour les communaut\u00e9s des Premi\u00e8res Nations au Canada.<\/p>\n<p><a href=\"http:\/\/150anciens.cusointernational.org\/les-anciens\/2000-2009\/\" target=\"_blank\" rel=\"noopener noreferrer\">Les ann\u00e9es 2000<\/a> : Apr\u00e8s son affectation au Kenya, <a href=\"http:\/\/150anciens.cusointernational.org\/richelle-matthews\/\" target=\"_blank\" rel=\"noopener noreferrer\">Richelle Matthews<\/a> a continu\u00e9 \u00e0 travailler aupr\u00e8s de communaut\u00e9s en d\u00e9veloppement du Bangladesh et de l\u2019Afrique subsaharienne. Tout r\u00e9cemment, elle s\u2019est qualifi\u00e9e parmi les six \u00e9quipes candidates au prix d&#8217;un million de dollars destin\u00e9 \u00e0 aider les r\u00e9fugi\u00e9s en Afrique de l&#8217;Ouest.<\/p>\n<p><strong>Pr\u00e9sentez la candidature d\u2019un coop\u00e9rant-volontaire<\/strong><\/p>\n<p>Connaissez-vous un ancien coop\u00e9rant-volontaire de Cuso International qui a apport\u00e9 au Canada une contribution remarquable? <a href=\"http:\/\/150anciens.cusointernational.org\/designer\/\" target=\"_blank\" rel=\"noopener noreferrer\">Dites-le nous!<\/a><\/p>\n<p><strong>Faites un don<\/strong><\/p>\n<p>Cuso International compte sur le s<a href=\"https:\/\/secure.e2rm.com\/registrant\/DonationPage.aspx?EventID=225022&amp;LangPref=fr-CA\" target=\"_blank\" rel=\"noopener noreferrer\">outien financier<\/a> de personnes comme vous pour envoyer des coop\u00e9rants-volontaires aupr\u00e8s de communaut\u00e9s dans le besoin.<\/p>\n","protected":false},"featured_media":0,"template":"","categories":[202],"post_theme":[],"class_list":["post-35742","news","type-news","status-publish","hentry","category-media-fr"],"acf":[],"yoast_head":"<!-- This site is optimized with the Yoast SEO plugin v27.4 - https:\/\/yoast.com\/product\/yoast-seo-wordpress\/ -->\n<title>HOMMAGE AUX COOP\u00c9RANTS-VOLONTAIRES DE CUSO INTERNATIONAL DANS LE CADRE DE CANADA 150 ET AU-DEL\u00c0 - Cuso International<\/title>\n<meta name=\"description\" content=\"Les programmes de d\u00e9veloppement et les coop\u00e9rants-volontaires de Cuso visent \u00e0 promouvoir l\u2019\u00e9galit\u00e9 entre les sexes et \u00e0 offrir de nouvelles perspectives \u00e9conomiques aux jeunes de quatre continents.\" \/>\n<meta name=\"robots\" content=\"index, follow, max-snippet:-1, max-image-preview:large, max-video-preview:-1\" \/>\n<link rel=\"canonical\" href=\"https:\/\/cusointernational.org\/fr\/nouvelle\/hommage-aux-cooperants-volontaires-de-cuso-international-dans-le-cadre-de-canada-150-et-au-dela\/\" \/>\n<meta property=\"og:locale\" content=\"fr_FR\" \/>\n<meta property=\"og:type\" content=\"article\" \/>\n<meta property=\"og:title\" content=\"HOMMAGE AUX COOP\u00c9RANTS-VOLONTAIRES DE CUSO INTERNATIONAL DANS LE CADRE DE CANADA 150 ET AU-DEL\u00c0 - Cuso International\" \/>\n<meta property=\"og:description\" content=\"Les programmes de d\u00e9veloppement et les coop\u00e9rants-volontaires de Cuso visent \u00e0 promouvoir l\u2019\u00e9galit\u00e9 entre les sexes et \u00e0 offrir de nouvelles perspectives \u00e9conomiques aux jeunes de quatre continents.\" \/>\n<meta property=\"og:url\" content=\"https:\/\/cusointernational.org\/fr\/nouvelle\/hommage-aux-cooperants-volontaires-de-cuso-international-dans-le-cadre-de-canada-150-et-au-dela\/\" \/>\n<meta property=\"og:site_name\" content=\"Cuso International\" \/>\n<meta property=\"article:modified_time\" content=\"2020-10-15T18:47:38+00:00\" \/>\n<meta property=\"og:image\" content=\"https:\/\/cusointernational.org\/wp-content\/uploads\/2017\/08\/HomepageSlider_C-300x145.png\" \/>\n<meta name=\"twitter:card\" content=\"summary_large_image\" \/>\n<meta name=\"twitter:label1\" content=\"Dur\u00e9e de lecture estim\u00e9e\" \/>\n\t<meta name=\"twitter:data1\" content=\"3 minutes\" \/>\n<script type=\"application\/ld+json\" class=\"yoast-schema-graph\">{\"@context\":\"https:\\\/\\\/schema.org\",\"@graph\":[{\"@type\":\"WebPage\",\"@id\":\"https:\\\/\\\/cusointernational.org\\\/fr\\\/nouvelle\\\/hommage-aux-cooperants-volontaires-de-cuso-international-dans-le-cadre-de-canada-150-et-au-dela\\\/\",\"url\":\"https:\\\/\\\/cusointernational.org\\\/fr\\\/nouvelle\\\/hommage-aux-cooperants-volontaires-de-cuso-international-dans-le-cadre-de-canada-150-et-au-dela\\\/\",\"name\":\"HOMMAGE AUX COOP\u00c9RANTS-VOLONTAIRES DE CUSO INTERNATIONAL DANS LE CADRE DE CANADA 150 ET AU-DEL\u00c0 - Cuso International\",\"isPartOf\":{\"@id\":\"https:\\\/\\\/cusointernational.org\\\/fr\\\/#website\"},\"primaryImageOfPage\":{\"@id\":\"https:\\\/\\\/cusointernational.org\\\/fr\\\/nouvelle\\\/hommage-aux-cooperants-volontaires-de-cuso-international-dans-le-cadre-de-canada-150-et-au-dela\\\/#primaryimage\"},\"image\":{\"@id\":\"https:\\\/\\\/cusointernational.org\\\/fr\\\/nouvelle\\\/hommage-aux-cooperants-volontaires-de-cuso-international-dans-le-cadre-de-canada-150-et-au-dela\\\/#primaryimage\"},\"thumbnailUrl\":\"https:\\\/\\\/cusointernational.org\\\/wp-content\\\/uploads\\\/2017\\\/08\\\/HomepageSlider_C-300x145.png\",\"datePublished\":\"2017-08-23T18:33:22+00:00\",\"dateModified\":\"2020-10-15T18:47:38+00:00\",\"description\":\"Les programmes de d\u00e9veloppement et les coop\u00e9rants-volontaires de Cuso visent \u00e0 promouvoir l\u2019\u00e9galit\u00e9 entre les sexes et \u00e0 offrir de nouvelles perspectives \u00e9conomiques aux jeunes de quatre continents.\",\"breadcrumb\":{\"@id\":\"https:\\\/\\\/cusointernational.org\\\/fr\\\/nouvelle\\\/hommage-aux-cooperants-volontaires-de-cuso-international-dans-le-cadre-de-canada-150-et-au-dela\\\/#breadcrumb\"},\"inLanguage\":\"fr-FR\",\"potentialAction\":[{\"@type\":\"ReadAction\",\"target\":[\"https:\\\/\\\/cusointernational.org\\\/fr\\\/nouvelle\\\/hommage-aux-cooperants-volontaires-de-cuso-international-dans-le-cadre-de-canada-150-et-au-dela\\\/\"]}]},{\"@type\":\"ImageObject\",\"inLanguage\":\"fr-FR\",\"@id\":\"https:\\\/\\\/cusointernational.org\\\/fr\\\/nouvelle\\\/hommage-aux-cooperants-volontaires-de-cuso-international-dans-le-cadre-de-canada-150-et-au-dela\\\/#primaryimage\",\"url\":\"https:\\\/\\\/cusointernational.org\\\/wp-content\\\/uploads\\\/2017\\\/08\\\/HomepageSlider_C-300x145.png\",\"contentUrl\":\"https:\\\/\\\/cusointernational.org\\\/wp-content\\\/uploads\\\/2017\\\/08\\\/HomepageSlider_C-300x145.png\"},{\"@type\":\"BreadcrumbList\",\"@id\":\"https:\\\/\\\/cusointernational.org\\\/fr\\\/nouvelle\\\/hommage-aux-cooperants-volontaires-de-cuso-international-dans-le-cadre-de-canada-150-et-au-dela\\\/#breadcrumb\",\"itemListElement\":[{\"@type\":\"ListItem\",\"position\":1,\"name\":\"Home\",\"item\":\"https:\\\/\\\/cusointernational.org\\\/fr\\\/\"},{\"@type\":\"ListItem\",\"position\":2,\"name\":\"HOMMAGE AUX COOP\u00c9RANTS-VOLONTAIRES DE CUSO INTERNATIONAL DANS LE CADRE DE CANADA 150 ET AU-DEL\u00c0\"}]},{\"@type\":\"WebSite\",\"@id\":\"https:\\\/\\\/cusointernational.org\\\/fr\\\/#website\",\"url\":\"https:\\\/\\\/cusointernational.org\\\/fr\\\/\",\"name\":\"Cuso International\",\"description\":\"Connecting communities around the world with skilled Canadians to help end poverty\",\"potentialAction\":[{\"@type\":\"SearchAction\",\"target\":{\"@type\":\"EntryPoint\",\"urlTemplate\":\"https:\\\/\\\/cusointernational.org\\\/fr\\\/?s={search_term_string}\"},\"query-input\":{\"@type\":\"PropertyValueSpecification\",\"valueRequired\":true,\"valueName\":\"search_term_string\"}}],\"inLanguage\":\"fr-FR\"}]}<\/script>\n<!-- \/ Yoast SEO plugin. -->","yoast_head_json":{"title":"HOMMAGE AUX COOP\u00c9RANTS-VOLONTAIRES DE CUSO INTERNATIONAL DANS LE CADRE DE CANADA 150 ET AU-DEL\u00c0 - Cuso International","description":"Les programmes de d\u00e9veloppement et les coop\u00e9rants-volontaires de Cuso visent \u00e0 promouvoir l\u2019\u00e9galit\u00e9 entre les sexes et \u00e0 offrir de nouvelles perspectives \u00e9conomiques aux jeunes de quatre continents.","robots":{"index":"index","follow":"follow","max-snippet":"max-snippet:-1","max-image-preview":"max-image-preview:large","max-video-preview":"max-video-preview:-1"},"canonical":"https:\/\/cusointernational.org\/fr\/nouvelle\/hommage-aux-cooperants-volontaires-de-cuso-international-dans-le-cadre-de-canada-150-et-au-dela\/","og_locale":"fr_FR","og_type":"article","og_title":"HOMMAGE AUX COOP\u00c9RANTS-VOLONTAIRES DE CUSO INTERNATIONAL DANS LE CADRE DE CANADA 150 ET AU-DEL\u00c0 - Cuso International","og_description":"Les programmes de d\u00e9veloppement et les coop\u00e9rants-volontaires de Cuso visent \u00e0 promouvoir l\u2019\u00e9galit\u00e9 entre les sexes et \u00e0 offrir de nouvelles perspectives \u00e9conomiques aux jeunes de quatre continents.","og_url":"https:\/\/cusointernational.org\/fr\/nouvelle\/hommage-aux-cooperants-volontaires-de-cuso-international-dans-le-cadre-de-canada-150-et-au-dela\/","og_site_name":"Cuso International","article_modified_time":"2020-10-15T18:47:38+00:00","og_image":[{"url":"https:\/\/cusointernational.org\/wp-content\/uploads\/2017\/08\/HomepageSlider_C-300x145.png","type":"","width":"","height":""}],"twitter_card":"summary_large_image","twitter_misc":{"Dur\u00e9e de lecture estim\u00e9e":"3 minutes"},"schema":{"@context":"https:\/\/schema.org","@graph":[{"@type":"WebPage","@id":"https:\/\/cusointernational.org\/fr\/nouvelle\/hommage-aux-cooperants-volontaires-de-cuso-international-dans-le-cadre-de-canada-150-et-au-dela\/","url":"https:\/\/cusointernational.org\/fr\/nouvelle\/hommage-aux-cooperants-volontaires-de-cuso-international-dans-le-cadre-de-canada-150-et-au-dela\/","name":"HOMMAGE AUX COOP\u00c9RANTS-VOLONTAIRES DE CUSO INTERNATIONAL DANS LE CADRE DE CANADA 150 ET AU-DEL\u00c0 - Cuso International","isPartOf":{"@id":"https:\/\/cusointernational.org\/fr\/#website"},"primaryImageOfPage":{"@id":"https:\/\/cusointernational.org\/fr\/nouvelle\/hommage-aux-cooperants-volontaires-de-cuso-international-dans-le-cadre-de-canada-150-et-au-dela\/#primaryimage"},"image":{"@id":"https:\/\/cusointernational.org\/fr\/nouvelle\/hommage-aux-cooperants-volontaires-de-cuso-international-dans-le-cadre-de-canada-150-et-au-dela\/#primaryimage"},"thumbnailUrl":"https:\/\/cusointernational.org\/wp-content\/uploads\/2017\/08\/HomepageSlider_C-300x145.png","datePublished":"2017-08-23T18:33:22+00:00","dateModified":"2020-10-15T18:47:38+00:00","description":"Les programmes de d\u00e9veloppement et les coop\u00e9rants-volontaires de Cuso visent \u00e0 promouvoir l\u2019\u00e9galit\u00e9 entre les sexes et \u00e0 offrir de nouvelles perspectives \u00e9conomiques aux jeunes de quatre continents.","breadcrumb":{"@id":"https:\/\/cusointernational.org\/fr\/nouvelle\/hommage-aux-cooperants-volontaires-de-cuso-international-dans-le-cadre-de-canada-150-et-au-dela\/#breadcrumb"},"inLanguage":"fr-FR","potentialAction":[{"@type":"ReadAction","target":["https:\/\/cusointernational.org\/fr\/nouvelle\/hommage-aux-cooperants-volontaires-de-cuso-international-dans-le-cadre-de-canada-150-et-au-dela\/"]}]},{"@type":"ImageObject","inLanguage":"fr-FR","@id":"https:\/\/cusointernational.org\/fr\/nouvelle\/hommage-aux-cooperants-volontaires-de-cuso-international-dans-le-cadre-de-canada-150-et-au-dela\/#primaryimage","url":"https:\/\/cusointernational.org\/wp-content\/uploads\/2017\/08\/HomepageSlider_C-300x145.png","contentUrl":"https:\/\/cusointernational.org\/wp-content\/uploads\/2017\/08\/HomepageSlider_C-300x145.png"},{"@type":"BreadcrumbList","@id":"https:\/\/cusointernational.org\/fr\/nouvelle\/hommage-aux-cooperants-volontaires-de-cuso-international-dans-le-cadre-de-canada-150-et-au-dela\/#breadcrumb","itemListElement":[{"@type":"ListItem","position":1,"name":"Home","item":"https:\/\/cusointernational.org\/fr\/"},{"@type":"ListItem","position":2,"name":"HOMMAGE AUX COOP\u00c9RANTS-VOLONTAIRES DE CUSO INTERNATIONAL DANS LE CADRE DE CANADA 150 ET AU-DEL\u00c0"}]},{"@type":"WebSite","@id":"https:\/\/cusointernational.org\/fr\/#website","url":"https:\/\/cusointernational.org\/fr\/","name":"Cuso International","description":"Connecting communities around the world with skilled Canadians to help end poverty","potentialAction":[{"@type":"SearchAction","target":{"@type":"EntryPoint","urlTemplate":"https:\/\/cusointernational.org\/fr\/?s={search_term_string}"},"query-input":{"@type":"PropertyValueSpecification","valueRequired":true,"valueName":"search_term_string"}}],"inLanguage":"fr-FR"}]}},"_links":{"self":[{"href":"https:\/\/cusointernational.org\/fr\/wp-json\/wp\/v2\/news\/35742","targetHints":{"allow":["GET"]}}],"collection":[{"href":"https:\/\/cusointernational.org\/fr\/wp-json\/wp\/v2\/news"}],"about":[{"href":"https:\/\/cusointernational.org\/fr\/wp-json\/wp\/v2\/types\/news"}],"wp:attachment":[{"href":"https:\/\/cusointernational.org\/fr\/wp-json\/wp\/v2\/media?parent=35742"}],"wp:term":[{"taxonomy":"category","embeddable":true,"href":"https:\/\/cusointernational.org\/fr\/wp-json\/wp\/v2\/categories?post=35742"},{"taxonomy":"post_theme","embeddable":true,"href":"https:\/\/cusointernational.org\/fr\/wp-json\/wp\/v2\/post_theme?post=35742"}],"curies":[{"name":"wp","href":"https:\/\/api.w.org\/{rel}","templated":true}]}}