{"id":35739,"date":"2017-03-22T00:00:00","date_gmt":"2017-03-22T04:00:00","guid":{"rendered":"https:\/\/cuso.wpengine.com\/news\/glenn-mifflin-prend-les-commandes-de-cuso-international\/"},"modified":"2020-10-15T14:47:39","modified_gmt":"2020-10-15T18:47:39","slug":"glenn-mifflin-prend-les-commandes-de-cuso-international","status":"publish","type":"news","link":"https:\/\/cusointernational.org\/fr\/nouvelle\/glenn-mifflin-prend-les-commandes-de-cuso-international\/","title":{"rendered":"GLENN MIFFLIN PREND LES COMMANDES DE CUSO INTERNATIONAL"},"content":{"rendered":"<p><img loading=\"lazy\" decoding=\"async\" class=\"alignright size-medium wp-image-19334\" src=\"https:\/\/cusointernational.org\/wp-content\/uploads\/glennmifflin051-200x300-1.jpg\" alt=\"\" width=\"200\" height=\"300\" \/><strong>Ottawa, le 22 mars 2017<\/strong> \u2013 Lloyd Axworthy, le pr\u00e9sident du conseil d\u2019administration de Cuso International, vient d\u2019annoncer que Glenn Mifflin deviendra le nouveau chef de la direction de Cuso International. M. Mifflin, qui s\u2019est joint au conseil d\u2019administration de Cuso International en d\u00e9cembre 2015, a assur\u00e9 l\u2019int\u00e9rim depuis le d\u00e9part de l\u2019ancienne chef de la direction, \u00c9velyne Guindon, en janvier dernier. Alors qu\u2019il \u00e9tait tr\u00e9sorier et chef de la direction par int\u00e9rim, M. Mifflin a eu la chance de se familiariser avec les activit\u00e9s de Cuso International et de saisir la complexit\u00e9 inh\u00e9rente \u00e0 la r\u00e9alisation de changements durables dans une vingtaine de pays.<\/p>\n<p>\u00ab En cette p\u00e9riode de croissance remplie de possibilit\u00e9s pour Cuso International, Glenn sera un atout de taille avec son exp\u00e9rience en gestion organisationnelle, en finances et en gouvernance, souligne Lloyd Axworthy. Nous sommes tr\u00e8s chanceux de le compter parmi nous pour guider notre organisme dans une p\u00e9riode de transition cruciale. Nous sommes tr\u00e8s heureux qu\u2019il ait accept\u00e9 de jouer ce r\u00f4le \u00e0 temps plein. \u00bb<br \/>\nM. Mifflin, un comptable professionnel agr\u00e9\u00e9, occupait r\u00e9cemment le poste de premier vice-pr\u00e9sident, de dirigeant principal des finances et de membre du conseil d\u2019administration d\u2019une entreprise \u00e9nerg\u00e9tique du secteur interm\u00e9diaire, dont le chiffre d\u2019affaires s\u2019\u00e9l\u00e8ve \u00e0 4 milliards de dollars. Depuis sa retraite, M. Mifflin s\u2019est investi aupr\u00e8s de nombreux organismes sans but lucratif provinciaux et nationaux. En plus de son poste de tr\u00e9sorier au conseil d\u2019administration de Cuso International, il cumulait celui de secr\u00e9taire-tr\u00e9sorier \u00e0 la Rooms Foundation et d\u2019administrateur de la section terre-neuvienne de l\u2019Institut des administrateurs de soci\u00e9t\u00e9s. Il a \u00e9galement pr\u00e9sid\u00e9 le Newfoundland and Labrador Advisory Board de la Garde c\u00f4ti\u00e8re canadienne. Il restera d\u2019ailleurs membre du conseil d\u2019administration et du comit\u00e9 de v\u00e9rification de Newfoundland Power Inc.<\/p>\n<p>\u00ab D\u00e8s mon arriv\u00e9e au sein du conseil d\u2019administration de Cuso International, j\u2019ai \u00e9t\u00e9 impressionn\u00e9 par le d\u00e9vouement de ses employ\u00e9s, de ses coop\u00e9rants-volontaires, de ses b\u00e9n\u00e9voles, de ses donateurs et de ses partenaires, de m\u00eame que par leur volont\u00e9 de tendre la main aux plus vuln\u00e9rables, souligne M. Mifflin. Je suis tr\u00e8s emball\u00e9 \u00e0 l\u2019id\u00e9e de collaborer avec le conseil d\u2019administration et les autres intervenants de Cuso International dans le cadre de cette nouvelle fonction et de contribuer \u00e0 accro\u00eetre notre impact sur le terrain. \u00bb<\/p>\n<p>Cuso International est un organisme de d\u00e9veloppement international sans but lucratif qui s\u2019est donn\u00e9 pour mission d\u2019am\u00e9liorer les conditions de vie des gens qui vivent dans la pauvret\u00e9 et subissent des in\u00e9galit\u00e9s. Chaque ann\u00e9e, nous recrutons des centaines de coop\u00e9rants-volontaires qui collaborent avec nos partenaires locaux pour apporter des changements positifs et durables un peu partout sur la plan\u00e8te. Cuso International, dont la cr\u00e9ation remonte \u00e0 1961, est un organisme de bienfaisance enregistr\u00e9 au Canada et aux \u00c9tats-Unis.<\/p>\n<p>Aynsley Morris<br \/>\nDirectrice, Communications et Marketing<br \/>\nCuso International<br \/>\nAynsley(dot)Morris(at)cuso international(dot)org<br \/>\n(613) 829-7445 x 215<\/p>\n","protected":false},"featured_media":35463,"template":"","categories":[202,199],"post_theme":[],"class_list":["post-35739","news","type-news","status-publish","has-post-thumbnail","hentry","category-media-fr","category-news-fr"],"acf":[],"yoast_head":"<!-- This site is optimized with the Yoast SEO plugin v27.5 - https:\/\/yoast.com\/product\/yoast-seo-wordpress\/ -->\n<title>GLENN MIFFLIN PREND LES COMMANDES DE CUSO INTERNATIONAL - Cuso International<\/title>\n<meta name=\"description\" content=\"Les programmes de d\u00e9veloppement et les coop\u00e9rants-volontaires de Cuso visent \u00e0 promouvoir l\u2019\u00e9galit\u00e9 entre les sexes et \u00e0 offrir de nouvelles perspectives \u00e9conomiques aux jeunes de quatre continents.\" \/>\n<meta name=\"robots\" content=\"index, follow, max-snippet:-1, max-image-preview:large, max-video-preview:-1\" \/>\n<link rel=\"canonical\" href=\"https:\/\/cusointernational.org\/fr\/nouvelle\/glenn-mifflin-prend-les-commandes-de-cuso-international\/\" \/>\n<meta property=\"og:locale\" content=\"fr_FR\" \/>\n<meta property=\"og:type\" content=\"article\" \/>\n<meta property=\"og:title\" content=\"GLENN MIFFLIN PREND LES COMMANDES DE CUSO INTERNATIONAL - Cuso International\" \/>\n<meta property=\"og:description\" content=\"Les programmes de d\u00e9veloppement et les coop\u00e9rants-volontaires de Cuso visent \u00e0 promouvoir l\u2019\u00e9galit\u00e9 entre les sexes et \u00e0 offrir de nouvelles perspectives \u00e9conomiques aux jeunes de quatre continents.\" \/>\n<meta property=\"og:url\" content=\"https:\/\/cusointernational.org\/fr\/nouvelle\/glenn-mifflin-prend-les-commandes-de-cuso-international\/\" \/>\n<meta property=\"og:site_name\" content=\"Cuso International\" \/>\n<meta property=\"article:modified_time\" content=\"2020-10-15T18:47:39+00:00\" \/>\n<meta property=\"og:image\" content=\"https:\/\/cusointernational.org\/wp-content\/uploads\/glennmifflin051-200x300-1.jpg\" \/>\n\t<meta property=\"og:image:width\" content=\"200\" \/>\n\t<meta property=\"og:image:height\" content=\"300\" \/>\n\t<meta property=\"og:image:type\" content=\"image\/jpeg\" \/>\n<meta name=\"twitter:card\" content=\"summary_large_image\" \/>\n<meta name=\"twitter:label1\" content=\"Dur\u00e9e de lecture estim\u00e9e\" \/>\n\t<meta name=\"twitter:data1\" content=\"3 minutes\" \/>\n<script type=\"application\/ld+json\" class=\"yoast-schema-graph\">{\"@context\":\"https:\\\/\\\/schema.org\",\"@graph\":[{\"@type\":\"WebPage\",\"@id\":\"https:\\\/\\\/cusointernational.org\\\/fr\\\/nouvelle\\\/glenn-mifflin-prend-les-commandes-de-cuso-international\\\/\",\"url\":\"https:\\\/\\\/cusointernational.org\\\/fr\\\/nouvelle\\\/glenn-mifflin-prend-les-commandes-de-cuso-international\\\/\",\"name\":\"GLENN MIFFLIN PREND LES COMMANDES DE CUSO INTERNATIONAL - Cuso International\",\"isPartOf\":{\"@id\":\"https:\\\/\\\/cusointernational.org\\\/fr\\\/#website\"},\"primaryImageOfPage\":{\"@id\":\"https:\\\/\\\/cusointernational.org\\\/fr\\\/nouvelle\\\/glenn-mifflin-prend-les-commandes-de-cuso-international\\\/#primaryimage\"},\"image\":{\"@id\":\"https:\\\/\\\/cusointernational.org\\\/fr\\\/nouvelle\\\/glenn-mifflin-prend-les-commandes-de-cuso-international\\\/#primaryimage\"},\"thumbnailUrl\":\"https:\\\/\\\/cusointernational.org\\\/wp-content\\\/uploads\\\/glennmifflin051-200x300-1.jpg\",\"datePublished\":\"2017-03-22T04:00:00+00:00\",\"dateModified\":\"2020-10-15T18:47:39+00:00\",\"description\":\"Les programmes de d\u00e9veloppement et les coop\u00e9rants-volontaires de Cuso visent \u00e0 promouvoir l\u2019\u00e9galit\u00e9 entre les sexes et \u00e0 offrir de nouvelles perspectives \u00e9conomiques aux jeunes de quatre continents.\",\"breadcrumb\":{\"@id\":\"https:\\\/\\\/cusointernational.org\\\/fr\\\/nouvelle\\\/glenn-mifflin-prend-les-commandes-de-cuso-international\\\/#breadcrumb\"},\"inLanguage\":\"fr-FR\",\"potentialAction\":[{\"@type\":\"ReadAction\",\"target\":[\"https:\\\/\\\/cusointernational.org\\\/fr\\\/nouvelle\\\/glenn-mifflin-prend-les-commandes-de-cuso-international\\\/\"]}]},{\"@type\":\"ImageObject\",\"inLanguage\":\"fr-FR\",\"@id\":\"https:\\\/\\\/cusointernational.org\\\/fr\\\/nouvelle\\\/glenn-mifflin-prend-les-commandes-de-cuso-international\\\/#primaryimage\",\"url\":\"https:\\\/\\\/cusointernational.org\\\/wp-content\\\/uploads\\\/glennmifflin051-200x300-1.jpg\",\"contentUrl\":\"https:\\\/\\\/cusointernational.org\\\/wp-content\\\/uploads\\\/glennmifflin051-200x300-1.jpg\",\"width\":200,\"height\":300,\"caption\":\"glenn mifflin headshot\"},{\"@type\":\"BreadcrumbList\",\"@id\":\"https:\\\/\\\/cusointernational.org\\\/fr\\\/nouvelle\\\/glenn-mifflin-prend-les-commandes-de-cuso-international\\\/#breadcrumb\",\"itemListElement\":[{\"@type\":\"ListItem\",\"position\":1,\"name\":\"Home\",\"item\":\"https:\\\/\\\/cusointernational.org\\\/fr\\\/\"},{\"@type\":\"ListItem\",\"position\":2,\"name\":\"GLENN MIFFLIN PREND LES COMMANDES DE CUSO INTERNATIONAL\"}]},{\"@type\":\"WebSite\",\"@id\":\"https:\\\/\\\/cusointernational.org\\\/fr\\\/#website\",\"url\":\"https:\\\/\\\/cusointernational.org\\\/fr\\\/\",\"name\":\"Cuso International\",\"description\":\"Connecting communities around the world with skilled Canadians to help end poverty\",\"potentialAction\":[{\"@type\":\"SearchAction\",\"target\":{\"@type\":\"EntryPoint\",\"urlTemplate\":\"https:\\\/\\\/cusointernational.org\\\/fr\\\/?s={search_term_string}\"},\"query-input\":{\"@type\":\"PropertyValueSpecification\",\"valueRequired\":true,\"valueName\":\"search_term_string\"}}],\"inLanguage\":\"fr-FR\"}]}<\/script>\n<!-- \/ Yoast SEO plugin. -->","yoast_head_json":{"title":"GLENN MIFFLIN PREND LES COMMANDES DE CUSO INTERNATIONAL - Cuso International","description":"Les programmes de d\u00e9veloppement et les coop\u00e9rants-volontaires de Cuso visent \u00e0 promouvoir l\u2019\u00e9galit\u00e9 entre les sexes et \u00e0 offrir de nouvelles perspectives \u00e9conomiques aux jeunes de quatre continents.","robots":{"index":"index","follow":"follow","max-snippet":"max-snippet:-1","max-image-preview":"max-image-preview:large","max-video-preview":"max-video-preview:-1"},"canonical":"https:\/\/cusointernational.org\/fr\/nouvelle\/glenn-mifflin-prend-les-commandes-de-cuso-international\/","og_locale":"fr_FR","og_type":"article","og_title":"GLENN MIFFLIN PREND LES COMMANDES DE CUSO INTERNATIONAL - Cuso International","og_description":"Les programmes de d\u00e9veloppement et les coop\u00e9rants-volontaires de Cuso visent \u00e0 promouvoir l\u2019\u00e9galit\u00e9 entre les sexes et \u00e0 offrir de nouvelles perspectives \u00e9conomiques aux jeunes de quatre continents.","og_url":"https:\/\/cusointernational.org\/fr\/nouvelle\/glenn-mifflin-prend-les-commandes-de-cuso-international\/","og_site_name":"Cuso International","article_modified_time":"2020-10-15T18:47:39+00:00","og_image":[{"width":200,"height":300,"url":"https:\/\/cusointernational.org\/wp-content\/uploads\/glennmifflin051-200x300-1.jpg","type":"image\/jpeg"}],"twitter_card":"summary_large_image","twitter_misc":{"Dur\u00e9e de lecture estim\u00e9e":"3 minutes"},"schema":{"@context":"https:\/\/schema.org","@graph":[{"@type":"WebPage","@id":"https:\/\/cusointernational.org\/fr\/nouvelle\/glenn-mifflin-prend-les-commandes-de-cuso-international\/","url":"https:\/\/cusointernational.org\/fr\/nouvelle\/glenn-mifflin-prend-les-commandes-de-cuso-international\/","name":"GLENN MIFFLIN PREND LES COMMANDES DE CUSO INTERNATIONAL - Cuso International","isPartOf":{"@id":"https:\/\/cusointernational.org\/fr\/#website"},"primaryImageOfPage":{"@id":"https:\/\/cusointernational.org\/fr\/nouvelle\/glenn-mifflin-prend-les-commandes-de-cuso-international\/#primaryimage"},"image":{"@id":"https:\/\/cusointernational.org\/fr\/nouvelle\/glenn-mifflin-prend-les-commandes-de-cuso-international\/#primaryimage"},"thumbnailUrl":"https:\/\/cusointernational.org\/wp-content\/uploads\/glennmifflin051-200x300-1.jpg","datePublished":"2017-03-22T04:00:00+00:00","dateModified":"2020-10-15T18:47:39+00:00","description":"Les programmes de d\u00e9veloppement et les coop\u00e9rants-volontaires de Cuso visent \u00e0 promouvoir l\u2019\u00e9galit\u00e9 entre les sexes et \u00e0 offrir de nouvelles perspectives \u00e9conomiques aux jeunes de quatre continents.","breadcrumb":{"@id":"https:\/\/cusointernational.org\/fr\/nouvelle\/glenn-mifflin-prend-les-commandes-de-cuso-international\/#breadcrumb"},"inLanguage":"fr-FR","potentialAction":[{"@type":"ReadAction","target":["https:\/\/cusointernational.org\/fr\/nouvelle\/glenn-mifflin-prend-les-commandes-de-cuso-international\/"]}]},{"@type":"ImageObject","inLanguage":"fr-FR","@id":"https:\/\/cusointernational.org\/fr\/nouvelle\/glenn-mifflin-prend-les-commandes-de-cuso-international\/#primaryimage","url":"https:\/\/cusointernational.org\/wp-content\/uploads\/glennmifflin051-200x300-1.jpg","contentUrl":"https:\/\/cusointernational.org\/wp-content\/uploads\/glennmifflin051-200x300-1.jpg","width":200,"height":300,"caption":"glenn mifflin headshot"},{"@type":"BreadcrumbList","@id":"https:\/\/cusointernational.org\/fr\/nouvelle\/glenn-mifflin-prend-les-commandes-de-cuso-international\/#breadcrumb","itemListElement":[{"@type":"ListItem","position":1,"name":"Home","item":"https:\/\/cusointernational.org\/fr\/"},{"@type":"ListItem","position":2,"name":"GLENN MIFFLIN PREND LES COMMANDES DE CUSO INTERNATIONAL"}]},{"@type":"WebSite","@id":"https:\/\/cusointernational.org\/fr\/#website","url":"https:\/\/cusointernational.org\/fr\/","name":"Cuso International","description":"Connecting communities around the world with skilled Canadians to help end poverty","potentialAction":[{"@type":"SearchAction","target":{"@type":"EntryPoint","urlTemplate":"https:\/\/cusointernational.org\/fr\/?s={search_term_string}"},"query-input":{"@type":"PropertyValueSpecification","valueRequired":true,"valueName":"search_term_string"}}],"inLanguage":"fr-FR"}]}},"_links":{"self":[{"href":"https:\/\/cusointernational.org\/fr\/wp-json\/wp\/v2\/news\/35739","targetHints":{"allow":["GET"]}}],"collection":[{"href":"https:\/\/cusointernational.org\/fr\/wp-json\/wp\/v2\/news"}],"about":[{"href":"https:\/\/cusointernational.org\/fr\/wp-json\/wp\/v2\/types\/news"}],"wp:featuredmedia":[{"embeddable":true,"href":"https:\/\/cusointernational.org\/fr\/wp-json\/wp\/v2\/media\/35463"}],"wp:attachment":[{"href":"https:\/\/cusointernational.org\/fr\/wp-json\/wp\/v2\/media?parent=35739"}],"wp:term":[{"taxonomy":"category","embeddable":true,"href":"https:\/\/cusointernational.org\/fr\/wp-json\/wp\/v2\/categories?post=35739"},{"taxonomy":"post_theme","embeddable":true,"href":"https:\/\/cusointernational.org\/fr\/wp-json\/wp\/v2\/post_theme?post=35739"}],"curies":[{"name":"wp","href":"https:\/\/api.w.org\/{rel}","templated":true}]}}