{"id":35699,"date":"2015-04-12T00:00:00","date_gmt":"2015-04-12T04:00:00","guid":{"rendered":"https:\/\/cuso.wpengine.com\/news\/les-cooperants-volontaires-de-cuso-international-font-des-vagues\/"},"modified":"2020-10-19T12:03:15","modified_gmt":"2020-10-19T16:03:15","slug":"les-cooperants-volontaires-de-cuso-international-font-des-vagues","status":"publish","type":"news","link":"https:\/\/cusointernational.org\/fr\/nouvelle\/les-cooperants-volontaires-de-cuso-international-font-des-vagues\/","title":{"rendered":"LES COOP\u00c9RANTS-VOLONTAIRES DE CUSO INTERNATIONAL FONT DES VAGUES!"},"content":{"rendered":"<p><em>Semaine de l\u2019action b\u00e9n\u00e9vole, du 12 au 18 avril 2015<\/em><\/p>\n<p>Cuso International ne pourrait accomplir sa mission sans ses coop\u00e9rants-volontaires. Leur engagement est la pierre d\u2019assise de notre pr\u00e9sence sur le terrain et de nos efforts pour am\u00e9liorer la vie des personnes qui subissent la pauvret\u00e9 et les in\u00e9galit\u00e9s. D\u00e9poser cette pierre dans les eaux vives du d\u00e9veloppement international ne peut que faire des vagues! Leur contribution aux partenariats inclusifs que nous tissons aux quatre coins de la plan\u00e8te est essentielle pour mettre de l\u2019avant des programmes de d\u00e9veloppement durables et \u00e9quitables. C\u2019est clair, les coop\u00e9rants-volontaires font des vagues!<\/p>\n<p>La Semaine de l\u2019action b\u00e9n\u00e9vole (SAB) est l\u2019occasion de reconna\u00eetre et de souligner le travail des b\u00e9n\u00e9voles canadiens et de les remercier pour leur g\u00e9n\u00e9rosit\u00e9. Nous sommes en plein dans cette semaine, qui se d\u00e9roule du 12 au 18 avril.<\/p>\n<p>Nous croyons fermement que les coop\u00e9rants-volontaires qualifi\u00e9s pr\u00e9sents sur le terrain pendant de longues p\u00e9riodes sont dans une position unique pour faire progresser les projets de d\u00e9veloppement international. Les coop\u00e9rants-volontaires ont jou\u00e9 un r\u00f4le essentiel dans les efforts pour atteindre les Objectifs de d\u00e9veloppement du Mill\u00e9naire de l\u2019ONU. Les coop\u00e9rants-volontaires de Cuso International, qui travaillent aux c\u00f4t\u00e9s de nos partenaires sur le terrain, contribuent d\u2019ailleurs de fa\u00e7on significative \u00e0 l\u2019am\u00e9lioration de la sant\u00e9, de l\u2019\u00e9quit\u00e9 et des moyens de subsistance dans les pays en d\u00e9veloppement. Nous travaillons d\u2019arrache-pied \u2013 de concert avec les autres organismes de d\u00e9veloppement international et de coop\u00e9ration volontaire \u2013 pour faire valoir et reconna\u00eetre la pr\u00e9cieuse contribution des coop\u00e9rants-volontaires dans les prochains Objectifs de d\u00e9veloppement durable.<\/p>\n<p>Tout au long de cette semaine, nous demandons \u00e0 nos coop\u00e9rants-volontaires d\u2019hier et d\u2019aujourd\u2019hui de partager leur exp\u00e9rience sur notre site Web et sur les m\u00e9dias sociaux. N\u2019h\u00e9sitez pas \u00e0 les suivre \u00e0 l\u2019aide du mot-clic #fairedesvagues. M\u00eame si nous ne pouvons publier qu\u2019une fraction de leurs r\u00e9cits, nous sommes profond\u00e9ment reconnaissants \u00e0 tous les hommes et les femmes ayant donn\u00e9 de leur temps \u00e0 Cuso International depuis les tous d\u00e9buts de notre pr\u00e9sence sur le terrain, en 1961.<\/p>\n<p><a href=\"https:\/\/cusointernational.org\/fr\/cooperation-volontaire\/cooperation-volontaire\/\">Lisez les r\u00e9cits de nos coop\u00e9rants-volontaires.<\/a><\/p>\n<p><a href=\"https:\/\/cusointernational.org\/fr\/recits\">Devenez coop\u00e9rant-volontaire.<\/a><\/p>\n<p><a href=\"https:\/\/cusointernational.org\/fr\/faire-un-don\/\">Faites un don pour nous aider \u00e0 envoyer d\u2019autres coop\u00e9rants-volontaires l\u00e0 o\u00f9 le besoin est le plus urgent.<\/a><\/p>\n","protected":false},"featured_media":0,"template":"","categories":[202,199],"post_theme":[],"class_list":["post-35699","news","type-news","status-publish","hentry","category-media-fr","category-news-fr"],"acf":[],"yoast_head":"<!-- This site is optimized with the Yoast SEO plugin v27.5 - https:\/\/yoast.com\/product\/yoast-seo-wordpress\/ -->\n<title>LES COOP\u00c9RANTS-VOLONTAIRES DE CUSO INTERNATIONAL FONT DES VAGUES! - Cuso International<\/title>\n<meta name=\"description\" content=\"Les programmes de d\u00e9veloppement et les coop\u00e9rants-volontaires de Cuso visent \u00e0 promouvoir l\u2019\u00e9galit\u00e9 entre les sexes et \u00e0 offrir de nouvelles perspectives \u00e9conomiques aux jeunes de quatre continents.\" \/>\n<meta name=\"robots\" content=\"index, follow, max-snippet:-1, max-image-preview:large, max-video-preview:-1\" \/>\n<link rel=\"canonical\" href=\"https:\/\/cusointernational.org\/fr\/nouvelle\/les-cooperants-volontaires-de-cuso-international-font-des-vagues\/\" \/>\n<meta property=\"og:locale\" content=\"fr_FR\" \/>\n<meta property=\"og:type\" content=\"article\" \/>\n<meta property=\"og:title\" content=\"LES COOP\u00c9RANTS-VOLONTAIRES DE CUSO INTERNATIONAL FONT DES VAGUES! - Cuso International\" \/>\n<meta property=\"og:description\" content=\"Les programmes de d\u00e9veloppement et les coop\u00e9rants-volontaires de Cuso visent \u00e0 promouvoir l\u2019\u00e9galit\u00e9 entre les sexes et \u00e0 offrir de nouvelles perspectives \u00e9conomiques aux jeunes de quatre continents.\" \/>\n<meta property=\"og:url\" content=\"https:\/\/cusointernational.org\/fr\/nouvelle\/les-cooperants-volontaires-de-cuso-international-font-des-vagues\/\" \/>\n<meta property=\"og:site_name\" content=\"Cuso International\" \/>\n<meta property=\"article:modified_time\" content=\"2020-10-19T16:03:15+00:00\" \/>\n<meta name=\"twitter:card\" content=\"summary_large_image\" \/>\n<meta name=\"twitter:label1\" content=\"Dur\u00e9e de lecture estim\u00e9e\" \/>\n\t<meta name=\"twitter:data1\" content=\"2 minutes\" \/>\n<script type=\"application\/ld+json\" class=\"yoast-schema-graph\">{\"@context\":\"https:\\\/\\\/schema.org\",\"@graph\":[{\"@type\":\"WebPage\",\"@id\":\"https:\\\/\\\/cusointernational.org\\\/fr\\\/nouvelle\\\/les-cooperants-volontaires-de-cuso-international-font-des-vagues\\\/\",\"url\":\"https:\\\/\\\/cusointernational.org\\\/fr\\\/nouvelle\\\/les-cooperants-volontaires-de-cuso-international-font-des-vagues\\\/\",\"name\":\"LES COOP\u00c9RANTS-VOLONTAIRES DE CUSO INTERNATIONAL FONT DES VAGUES! - Cuso International\",\"isPartOf\":{\"@id\":\"https:\\\/\\\/cusointernational.org\\\/fr\\\/#website\"},\"datePublished\":\"2015-04-12T04:00:00+00:00\",\"dateModified\":\"2020-10-19T16:03:15+00:00\",\"description\":\"Les programmes de d\u00e9veloppement et les coop\u00e9rants-volontaires de Cuso visent \u00e0 promouvoir l\u2019\u00e9galit\u00e9 entre les sexes et \u00e0 offrir de nouvelles perspectives \u00e9conomiques aux jeunes de quatre continents.\",\"breadcrumb\":{\"@id\":\"https:\\\/\\\/cusointernational.org\\\/fr\\\/nouvelle\\\/les-cooperants-volontaires-de-cuso-international-font-des-vagues\\\/#breadcrumb\"},\"inLanguage\":\"fr-FR\",\"potentialAction\":[{\"@type\":\"ReadAction\",\"target\":[\"https:\\\/\\\/cusointernational.org\\\/fr\\\/nouvelle\\\/les-cooperants-volontaires-de-cuso-international-font-des-vagues\\\/\"]}]},{\"@type\":\"BreadcrumbList\",\"@id\":\"https:\\\/\\\/cusointernational.org\\\/fr\\\/nouvelle\\\/les-cooperants-volontaires-de-cuso-international-font-des-vagues\\\/#breadcrumb\",\"itemListElement\":[{\"@type\":\"ListItem\",\"position\":1,\"name\":\"Home\",\"item\":\"https:\\\/\\\/cusointernational.org\\\/fr\\\/\"},{\"@type\":\"ListItem\",\"position\":2,\"name\":\"LES COOP\u00c9RANTS-VOLONTAIRES DE CUSO INTERNATIONAL FONT DES VAGUES!\"}]},{\"@type\":\"WebSite\",\"@id\":\"https:\\\/\\\/cusointernational.org\\\/fr\\\/#website\",\"url\":\"https:\\\/\\\/cusointernational.org\\\/fr\\\/\",\"name\":\"Cuso International\",\"description\":\"Connecting communities around the world with skilled Canadians to help end poverty\",\"potentialAction\":[{\"@type\":\"SearchAction\",\"target\":{\"@type\":\"EntryPoint\",\"urlTemplate\":\"https:\\\/\\\/cusointernational.org\\\/fr\\\/?s={search_term_string}\"},\"query-input\":{\"@type\":\"PropertyValueSpecification\",\"valueRequired\":true,\"valueName\":\"search_term_string\"}}],\"inLanguage\":\"fr-FR\"}]}<\/script>\n<!-- \/ Yoast SEO plugin. -->","yoast_head_json":{"title":"LES COOP\u00c9RANTS-VOLONTAIRES DE CUSO INTERNATIONAL FONT DES VAGUES! - Cuso International","description":"Les programmes de d\u00e9veloppement et les coop\u00e9rants-volontaires de Cuso visent \u00e0 promouvoir l\u2019\u00e9galit\u00e9 entre les sexes et \u00e0 offrir de nouvelles perspectives \u00e9conomiques aux jeunes de quatre continents.","robots":{"index":"index","follow":"follow","max-snippet":"max-snippet:-1","max-image-preview":"max-image-preview:large","max-video-preview":"max-video-preview:-1"},"canonical":"https:\/\/cusointernational.org\/fr\/nouvelle\/les-cooperants-volontaires-de-cuso-international-font-des-vagues\/","og_locale":"fr_FR","og_type":"article","og_title":"LES COOP\u00c9RANTS-VOLONTAIRES DE CUSO INTERNATIONAL FONT DES VAGUES! - Cuso International","og_description":"Les programmes de d\u00e9veloppement et les coop\u00e9rants-volontaires de Cuso visent \u00e0 promouvoir l\u2019\u00e9galit\u00e9 entre les sexes et \u00e0 offrir de nouvelles perspectives \u00e9conomiques aux jeunes de quatre continents.","og_url":"https:\/\/cusointernational.org\/fr\/nouvelle\/les-cooperants-volontaires-de-cuso-international-font-des-vagues\/","og_site_name":"Cuso International","article_modified_time":"2020-10-19T16:03:15+00:00","twitter_card":"summary_large_image","twitter_misc":{"Dur\u00e9e de lecture estim\u00e9e":"2 minutes"},"schema":{"@context":"https:\/\/schema.org","@graph":[{"@type":"WebPage","@id":"https:\/\/cusointernational.org\/fr\/nouvelle\/les-cooperants-volontaires-de-cuso-international-font-des-vagues\/","url":"https:\/\/cusointernational.org\/fr\/nouvelle\/les-cooperants-volontaires-de-cuso-international-font-des-vagues\/","name":"LES COOP\u00c9RANTS-VOLONTAIRES DE CUSO INTERNATIONAL FONT DES VAGUES! - Cuso International","isPartOf":{"@id":"https:\/\/cusointernational.org\/fr\/#website"},"datePublished":"2015-04-12T04:00:00+00:00","dateModified":"2020-10-19T16:03:15+00:00","description":"Les programmes de d\u00e9veloppement et les coop\u00e9rants-volontaires de Cuso visent \u00e0 promouvoir l\u2019\u00e9galit\u00e9 entre les sexes et \u00e0 offrir de nouvelles perspectives \u00e9conomiques aux jeunes de quatre continents.","breadcrumb":{"@id":"https:\/\/cusointernational.org\/fr\/nouvelle\/les-cooperants-volontaires-de-cuso-international-font-des-vagues\/#breadcrumb"},"inLanguage":"fr-FR","potentialAction":[{"@type":"ReadAction","target":["https:\/\/cusointernational.org\/fr\/nouvelle\/les-cooperants-volontaires-de-cuso-international-font-des-vagues\/"]}]},{"@type":"BreadcrumbList","@id":"https:\/\/cusointernational.org\/fr\/nouvelle\/les-cooperants-volontaires-de-cuso-international-font-des-vagues\/#breadcrumb","itemListElement":[{"@type":"ListItem","position":1,"name":"Home","item":"https:\/\/cusointernational.org\/fr\/"},{"@type":"ListItem","position":2,"name":"LES COOP\u00c9RANTS-VOLONTAIRES DE CUSO INTERNATIONAL FONT DES VAGUES!"}]},{"@type":"WebSite","@id":"https:\/\/cusointernational.org\/fr\/#website","url":"https:\/\/cusointernational.org\/fr\/","name":"Cuso International","description":"Connecting communities around the world with skilled Canadians to help end poverty","potentialAction":[{"@type":"SearchAction","target":{"@type":"EntryPoint","urlTemplate":"https:\/\/cusointernational.org\/fr\/?s={search_term_string}"},"query-input":{"@type":"PropertyValueSpecification","valueRequired":true,"valueName":"search_term_string"}}],"inLanguage":"fr-FR"}]}},"_links":{"self":[{"href":"https:\/\/cusointernational.org\/fr\/wp-json\/wp\/v2\/news\/35699","targetHints":{"allow":["GET"]}}],"collection":[{"href":"https:\/\/cusointernational.org\/fr\/wp-json\/wp\/v2\/news"}],"about":[{"href":"https:\/\/cusointernational.org\/fr\/wp-json\/wp\/v2\/types\/news"}],"wp:attachment":[{"href":"https:\/\/cusointernational.org\/fr\/wp-json\/wp\/v2\/media?parent=35699"}],"wp:term":[{"taxonomy":"category","embeddable":true,"href":"https:\/\/cusointernational.org\/fr\/wp-json\/wp\/v2\/categories?post=35699"},{"taxonomy":"post_theme","embeddable":true,"href":"https:\/\/cusointernational.org\/fr\/wp-json\/wp\/v2\/post_theme?post=35699"}],"curies":[{"name":"wp","href":"https:\/\/api.w.org\/{rel}","templated":true}]}}